{"id":415737,"date":"2026-06-12T23:27:30","date_gmt":"2026-06-12T23:27:30","guid":{"rendered":"https:\/\/www.europesays.com\/pt\/415737\/"},"modified":"2026-06-12T23:27:30","modified_gmt":"2026-06-12T23:27:30","slug":"apos-muitas-vacinas-lara-moniz-faz-anuncio-a-familia-acaba-de-aumentar","status":"publish","type":"post","link":"https:\/\/www.europesays.com\/pt\/415737\/","title":{"rendered":"Ap\u00f3s &#8220;muitas vacinas&#8221;, Lara Moniz faz an\u00fancio: a fam\u00edlia acaba de aumentar!"},"content":{"rendered":"<p>A fam\u00edlia de <a href=\"https:\/\/selfie.iol.pt\/lara-moniz\/o-triangulo\/o-triangulo-lara-moniz-denuncia-velhos-com-idade-para-serem-avos-dela\/20230623\/6494ccf2d34ef47b87552deb\" rel=\"noopener noreferrer nofollow\" target=\"_blank\">Lara Moniz<\/a> acaba de aumentar, com a chegada de um animal de estima\u00e7\u00e3o.<\/p>\n<p>Num v\u00eddeo partilhado, esta quinta-feira, dia 11, no Instagram, a ex-concorrente de &#8220;O Tri\u00e2ngulo&#8221; mostrou os primeiros momentos vividos com o c\u00e3o que acolheu e, na legenda que acompanha as imagens, acabou por relatar a luta que travou para realizar este objetivo.<\/p>\n<p>&#8220;Oh meu Deus. Depois de muito tempo a querer ter um c\u00e3o, mas n\u00e3o poder por causa das minhas alergias&#8230; Depois de muitas vacinas\/imunoterapia para atenuar os meus sintomas&#8230; Consegui dar o passo que tanto queria e fui busc\u00e1-lo. Estamos t\u00e3o felizes. A paz que ele nos transmite \u00e9 indescrit\u00edvel. Ele \u00e9 perfeito. Sonhei tanto com isto&#8221;, desabafou Lara Moniz.<\/p>\n<p>No final, a ex-participante do reality show da <a href=\"https:\/\/tvi.iol.pt\" rel=\"noopener noreferrer nofollow\" target=\"_blank\">TVI<\/a> desvendou o nome do patudo: Digam &#8216;ol\u00e1&#8217; ao Zack&#8221;.<\/p>\n<p>Veja, agora, o v\u00eddeo feito por <a href=\"https:\/\/selfie.iol.pt\/famosos\/o-triangulo\/lara-moniz-mostra-se-em-hospital-a-maneira-como-as-coisas-mudam-do-dia-para-a-noite-e-insana\/20250309\/67cd90a7d34ef72ee4433332\" rel=\"noopener noreferrer nofollow\" target=\"_blank\">Lara Moniz<\/a>.<\/p>\n","protected":false},"excerpt":{"rendered":"A fam\u00edlia de Lara Moniz acaba de aumentar, com a chegada de um animal de estima\u00e7\u00e3o. Num v\u00eddeo&hellip;\n","protected":false},"author":2,"featured_media":415738,"comment_status":"","ping_status":"","sticky":false,"template":"","format":"standard","meta":{"footnotes":"","_share_on_mastodon":"0"},"categories":[145],"tags":[11124,6941,211,210,114,115,6309,980,1015,67828,619,7792,32,33,1014,1012,162,67988],"class_list":["post-415737","post","type-post","status-publish","format-standard","has-post-thumbnail","category-celebridades","tag-animal-de-estimacao","tag-cao","tag-celebridades","tag-celebrities","tag-entertainment","tag-entretenimento","tag-ex-concorrente","tag-famosos","tag-instagram","tag-lara-moniz","tag-nacional","tag-o-triangulo","tag-portugal","tag-pt","tag-reality-show","tag-selfie","tag-tvi","tag-zack"],"share_on_mastodon":{"url":"https:\/\/pubeurope.com\/@pt\/116739732069811049","error":""},"_links":{"self":[{"href":"https:\/\/www.europesays.com\/pt\/wp-json\/wp\/v2\/posts\/415737","targetHints":{"allow":["GET"]}}],"collection":[{"href":"https:\/\/www.europesays.com\/pt\/wp-json\/wp\/v2\/posts"}],"about":[{"href":"https:\/\/www.europesays.com\/pt\/wp-json\/wp\/v2\/types\/post"}],"author":[{"embeddable":true,"href":"https:\/\/www.europesays.com\/pt\/wp-json\/wp\/v2\/users\/2"}],"replies":[{"embeddable":true,"href":"https:\/\/www.europesays.com\/pt\/wp-json\/wp\/v2\/comments?post=415737"}],"version-history":[{"count":0,"href":"https:\/\/www.europesays.com\/pt\/wp-json\/wp\/v2\/posts\/415737\/revisions"}],"wp:featuredmedia":[{"embeddable":true,"href":"https:\/\/www.europesays.com\/pt\/wp-json\/wp\/v2\/media\/415738"}],"wp:attachment":[{"href":"https:\/\/www.europesays.com\/pt\/wp-json\/wp\/v2\/media?parent=415737"}],"wp:term":[{"taxonomy":"category","embeddable":true,"href":"https:\/\/www.europesays.com\/pt\/wp-json\/wp\/v2\/categories?post=415737"},{"taxonomy":"post_tag","embeddable":true,"href":"https:\/\/www.europesays.com\/pt\/wp-json\/wp\/v2\/tags?post=415737"}],"curies":[{"name":"wp","href":"https:\/\/api.w.org\/{rel}","templated":true}]}}