{"id":416019,"date":"2026-06-13T06:58:18","date_gmt":"2026-06-13T06:58:18","guid":{"rendered":"https:\/\/www.europesays.com\/pt\/416019\/"},"modified":"2026-06-13T06:58:18","modified_gmt":"2026-06-13T06:58:18","slug":"fernanda-serrano-ja-nao-esta-assim-veja-o-novo-look-da-atriz","status":"publish","type":"post","link":"https:\/\/www.europesays.com\/pt\/416019\/","title":{"rendered":"Fernanda Serrano j\u00e1 n\u00e3o est\u00e1 assim: veja o novo look da atriz!"},"content":{"rendered":"<p>No dia em que celebrou o <a href=\"https:\/\/selfie.iol.pt\/famosos\/fernanda-serrano\/fernanda-serrano-mostra-festa-de-aniversario-de-maria-luisa-cada-ano-fica-mais-parecida-com-a-mae\/20260612\/6a2c4e9ad34edcee7c653666\" target=\"_blank\" rel=\"nofollow noopener\">17.\u00ba anivers\u00e1rio de Maria Lu\u00edsa<\/a>, uma das filhas, Fernanda Serrano revelou aos seguidores o novo visual.<\/p>\n<p>&#8220;Isto \u00e9 o poss\u00edvel de uma festa de sweet 17!&#8221;, come\u00e7ou por escrever na legenda dos registos.<\/p>\n<p>&#8220;J\u00e1 com novo look para a minha pr\u00f3xima personagem! Aqui j\u00e1 em Madalena! Que vos parece? J\u00e1 a arrancar com novo projeto para a nossa TVI!&#8221;, explicou <a href=\"https:\/\/selfie.iol.pt\/famosos\/fernanda-serrano\/ao-lado-de-homem-especial-fernanda-serrano-declara-se-nada-acontece-por-acaso-o-amor-tem-destas-coisas\/20260608\/6a261ee2d34edcee7c65097b\" target=\"_blank\" rel=\"nofollow noopener\">Fernanda Serrano<\/a>, referindo-se ao novo desafio profissional.<\/p>\n<p>Veja, agora, na galeria, as imagens do novo look da atriz.<\/p>\n","protected":false},"excerpt":{"rendered":"No dia em que celebrou o 17.\u00ba anivers\u00e1rio de Maria Lu\u00edsa, uma das filhas, Fernanda Serrano revelou aos&hellip;\n","protected":false},"author":2,"featured_media":416020,"comment_status":"","ping_status":"","sticky":false,"template":"","format":"standard","meta":{"footnotes":"","_share_on_mastodon":"0"},"categories":[145],"tags":[813,6041,211,210,114,115,980,1408,1015,25575,32,33,1012],"class_list":["post-416019","post","type-post","status-publish","format-standard","has-post-thumbnail","category-celebridades","tag-atriz","tag-cabelo","tag-celebridades","tag-celebrities","tag-entertainment","tag-entretenimento","tag-famosos","tag-fernanda-serrano","tag-instagram","tag-novo-look","tag-portugal","tag-pt","tag-selfie"],"share_on_mastodon":{"url":"https:\/\/pubeurope.com\/@pt\/116741505416601150","error":""},"_links":{"self":[{"href":"https:\/\/www.europesays.com\/pt\/wp-json\/wp\/v2\/posts\/416019","targetHints":{"allow":["GET"]}}],"collection":[{"href":"https:\/\/www.europesays.com\/pt\/wp-json\/wp\/v2\/posts"}],"about":[{"href":"https:\/\/www.europesays.com\/pt\/wp-json\/wp\/v2\/types\/post"}],"author":[{"embeddable":true,"href":"https:\/\/www.europesays.com\/pt\/wp-json\/wp\/v2\/users\/2"}],"replies":[{"embeddable":true,"href":"https:\/\/www.europesays.com\/pt\/wp-json\/wp\/v2\/comments?post=416019"}],"version-history":[{"count":0,"href":"https:\/\/www.europesays.com\/pt\/wp-json\/wp\/v2\/posts\/416019\/revisions"}],"wp:featuredmedia":[{"embeddable":true,"href":"https:\/\/www.europesays.com\/pt\/wp-json\/wp\/v2\/media\/416020"}],"wp:attachment":[{"href":"https:\/\/www.europesays.com\/pt\/wp-json\/wp\/v2\/media?parent=416019"}],"wp:term":[{"taxonomy":"category","embeddable":true,"href":"https:\/\/www.europesays.com\/pt\/wp-json\/wp\/v2\/categories?post=416019"},{"taxonomy":"post_tag","embeddable":true,"href":"https:\/\/www.europesays.com\/pt\/wp-json\/wp\/v2\/tags?post=416019"}],"curies":[{"name":"wp","href":"https:\/\/api.w.org\/{rel}","templated":true}]}}