{"id":416098,"date":"2026-06-13T09:09:16","date_gmt":"2026-06-13T09:09:16","guid":{"rendered":"https:\/\/www.europesays.com\/pt\/416098\/"},"modified":"2026-06-13T09:09:16","modified_gmt":"2026-06-13T09:09:16","slug":"as-bacterias-lembram-se-do-stress-mesmo-nao-tendo-cerebro","status":"publish","type":"post","link":"https:\/\/www.europesays.com\/pt\/416098\/","title":{"rendered":"As bact\u00e9rias lembram-se do stress \u2014 mesmo n\u00e3o tendo c\u00e9rebro"},"content":{"rendered":"<p class=\"wp-caption-text top\">NIAID<\/p>\n<p><img loading=\"eager\" fetchpriority=\"high\" decoding=\"async\" class=\"wp-image-180228 size-kopa-image-size-3\" src=\"https:\/\/www.europesays.com\/pt\/wp-content\/uploads\/2026\/06\/321dfeaef80b47ad3fc75cf40b32ec8c-783x450.jpg\" alt=\"\" width=\"700\" height=\"402\"  \/><\/p>\n<p class=\"wp-caption-text bot\">Bact\u00e9rias E.coli vistas ao microsc\u00f3pio electr\u00f3nico<\/p>\n<p><strong>Uma equipa de cientistas descobriu <\/strong><strong>que c\u00e9lulas individuais de Escherichia coli (E.coli) conseguem transportar vest\u00edgios de experi\u00eancias passadas, influenciando o seu comportamento futuro.\u00a0<\/strong><\/p>\n<p>Num <a href=\"https:\/\/journals.aps.org\/prxlife\/abstract\/10.1103\/5zbg-8vll\" data-wpel-link=\"external\" rel=\"noopener nofollow\" class=\"ext-link\" target=\"_blank\">estudo<\/a>, publicado o m\u00eas passado na PRX Life, os investigadores observaram c\u00e9lulas de E.coli num <strong>dispositivo microflu\u00eddico<\/strong>, um sistema de c\u00e2maras que mant\u00e9m as bact\u00e9rias imobilizadas enquanto um l\u00edquido circula \u00e0 sua volta. Esta tecnologia permitiu alternar as c\u00e9lulas entre ambientes pobres e ricos em nutrientes, monitorizando simultaneamente o seu crescimento atrav\u00e9s de microscopia.<\/p>\n<p>Segundo o <a href=\"https:\/\/www.zmescience.com\/science\/biology\/e-coli-remembers-stress\/\" data-wpel-link=\"external\" rel=\"noopener nofollow\" class=\"ext-link\" target=\"_blank\">ZME Science<\/a>, as c\u00e9lulas expostas a oscila\u00e7\u00f5es mais r\u00e1pidas na disponibilidade de nutrientes adaptaram-se mais rapidamente do que aquelas sujeitas a altera\u00e7\u00f5es mais lentas.<\/p>\n<p>Em algumas experi\u00eancias, os cientistas acompanharam cerca de <strong>30 mil hist\u00f3ricos de crescimento<\/strong> de c\u00e9lulas individuais, obtendo uma vis\u00e3o detalhada da forma como as condi\u00e7\u00f5es passadas influenciam o comportamento posterior.<\/p>\n<p>\u201cDurante muito tempo, assumiu-se que o crescimento bacteriano era determinado apenas pelo ambiente em que a c\u00e9lula se encontrava naquele momento\u201d, explicou o primeiro autor do estudo, <strong>Josiah Kratz<\/strong>.<\/p>\n<p>Os resultados sugerem que esta mem\u00f3ria tem origem no mecanismo de produ\u00e7\u00e3o de prote\u00ednas da c\u00e9lula, em particular nos <strong>ribossomas<\/strong>.<\/p>\n<p>Alguns processos associados aos ribossomas parecem responder rapidamente \u00e0s altera\u00e7\u00f5es ambientais, enquanto outros evoluem de forma mais lenta. Em conjunto, estes mecanismos podem permitir que a c\u00e9lula retenha informa\u00e7\u00e3o durante per\u00edodos que variam entre alguns minutos e v\u00e1rias horas.<\/p>\n<p>Contudo,<strong> esta mem\u00f3ria tem um custo<\/strong>.<\/p>\n<p>Embora as bact\u00e9rias que desenvolveram esta capacidade se adaptem mais rapidamente a mudan\u00e7as no ambiente, apresentam um crescimento mais reduzido a longo prazo. Em vez de maximizarem o crescimento imediato, parecem privilegiar a prepara\u00e7\u00e3o para futuras instabilidades.<\/p>\n<p>A descoberta n\u00e3o significa que as bact\u00e9rias pensem, planeiem ou se lembrem da mesma forma que os animais. Uma c\u00e9lula pode exibir mem\u00f3ria sem qualquer forma de consci\u00eancia. Neste caso, essa mem\u00f3ria parece estar armazenada em <strong>redes qu\u00edmicas, n\u00edveis de prote\u00ednas e mol\u00e9culas herdadas<\/strong>, que podem ser transmitidas de uma gera\u00e7\u00e3o bacteriana para a seguinte.<\/p>\n<p>As conclus\u00f5es do estudo poder\u00e3o tamb\u00e9m ter implica\u00e7\u00f5es importantes na investiga\u00e7\u00e3o de infe\u00e7\u00f5es bacterianas. A resposta de uma bact\u00e9ria a um antibi\u00f3tico poder\u00e1 depender n\u00e3o apenas das condi\u00e7\u00f5es presentes, mas tamb\u00e9m da sua hist\u00f3ria recente, incluindo per\u00edodos anteriores de <strong>escassez de nutrientes, exposi\u00e7\u00e3o a temperaturas extremas<\/strong> ou <strong>contacto pr\u00e9vio com baixas doses<\/strong> de medicamentos.<\/p>\n<p>    <a href=\"https:\/\/zap.aeiou.pt\/subscrever-newsletter\" data-wpel-link=\"internal\" rel=\"nofollow noopener\" target=\"_blank\">&#13;<br \/>\n        <img loading=\"lazy\" decoding=\"async\" class=\"aligncenter size-full wp-image-575475\" src=\"https:\/\/www.europesays.com\/pt\/wp-content\/uploads\/2026\/06\/1781341756_353_2d51fe4a0ba54894421ead1809309ed9-1-450x140.jpg\" alt=\"Subscreva a Newsletter ZAP\" width=\"450\" height=\"140\"\/>&#13;<br \/>\n    <\/a><\/p>\n","protected":false},"excerpt":{"rendered":"NIAID Bact\u00e9rias E.coli vistas ao microsc\u00f3pio electr\u00f3nico Uma equipa de cientistas descobriu que c\u00e9lulas individuais de Escherichia coli&hellip;\n","protected":false},"author":2,"featured_media":416099,"comment_status":"","ping_status":"","sticky":false,"template":"","format":"standard","meta":{"footnotes":"","_share_on_mastodon":"0"},"categories":[86],"tags":[1895,4614,116,9496,32,33,117],"class_list":["post-416098","post","type-post","status-publish","format-standard","has-post-thumbnail","category-saude","tag-bacteria","tag-biologia","tag-health","tag-microbiologia","tag-portugal","tag-pt","tag-saude"],"share_on_mastodon":{"url":"https:\/\/pubeurope.com\/@pt\/116742021172767943","error":""},"_links":{"self":[{"href":"https:\/\/www.europesays.com\/pt\/wp-json\/wp\/v2\/posts\/416098","targetHints":{"allow":["GET"]}}],"collection":[{"href":"https:\/\/www.europesays.com\/pt\/wp-json\/wp\/v2\/posts"}],"about":[{"href":"https:\/\/www.europesays.com\/pt\/wp-json\/wp\/v2\/types\/post"}],"author":[{"embeddable":true,"href":"https:\/\/www.europesays.com\/pt\/wp-json\/wp\/v2\/users\/2"}],"replies":[{"embeddable":true,"href":"https:\/\/www.europesays.com\/pt\/wp-json\/wp\/v2\/comments?post=416098"}],"version-history":[{"count":0,"href":"https:\/\/www.europesays.com\/pt\/wp-json\/wp\/v2\/posts\/416098\/revisions"}],"wp:featuredmedia":[{"embeddable":true,"href":"https:\/\/www.europesays.com\/pt\/wp-json\/wp\/v2\/media\/416099"}],"wp:attachment":[{"href":"https:\/\/www.europesays.com\/pt\/wp-json\/wp\/v2\/media?parent=416098"}],"wp:term":[{"taxonomy":"category","embeddable":true,"href":"https:\/\/www.europesays.com\/pt\/wp-json\/wp\/v2\/categories?post=416098"},{"taxonomy":"post_tag","embeddable":true,"href":"https:\/\/www.europesays.com\/pt\/wp-json\/wp\/v2\/tags?post=416098"}],"curies":[{"name":"wp","href":"https:\/\/api.w.org\/{rel}","templated":true}]}}