{"id":41613,"date":"2025-08-23T13:48:14","date_gmt":"2025-08-23T13:48:14","guid":{"rendered":"https:\/\/www.europesays.com\/pt\/41613\/"},"modified":"2025-08-23T13:48:14","modified_gmt":"2025-08-23T13:48:14","slug":"ele-foi-um-dos-maiores-galas-da-globo-nos-anos-2000-e-sumiu-da-tv-hoje-esta-irreconhecivel-e-ate-interpretou-um-cachorro-em-peca-de-teatro","status":"publish","type":"post","link":"https:\/\/www.europesays.com\/pt\/41613\/","title":{"rendered":"Ele foi um dos maiores gal\u00e3s da Globo nos anos 2000 e sumiu da TV; hoje est\u00e1 irreconhec\u00edvel e at\u00e9 interpretou um cachorro em pe\u00e7a de teatro"},"content":{"rendered":"<p>\n                        Lembra dele? Felipe Dylon surgiu em um flagra recentemente curtindo um dia de surfe e viralizou na web com apar\u00eancia bem diferente. Veja antes e depois!\n                    <\/p>\n<p><img loading=\"lazy\" decoding=\"async\" alt=\"Ele foi um dos maiores gal\u00e3s da Globo nos anos 2000 e sumiu da TV; hoje est\u00e1 irreconhec\u00edvel e deu o que falar em fotos surfando.\" class=\"img-dd938e44cc9018ae99ea57f9eac6d94avej5xgwp\" height=\"455\" src=\"https:\/\/www.europesays.com\/pt\/wp-content\/uploads\/2025\/08\/808821168-3c0e6f18eda51031-1400x823-1.jpg\"  title=\"Ele foi um dos maiores gal\u00e3s da Globo nos anos 2000 e sumiu da TV; hoje est\u00e1 irreconhec\u00edvel e deu o que falar em fotos surfando.\" width=\"774\"\/><\/p>\n<p>Ele foi um dos maiores gal\u00e3s da Globo nos anos 2000 e sumiu da TV; hoje est\u00e1 irreconhec\u00edvel e deu o que falar em fotos surfando.<\/p>\n<p>Foto: AGNews, Instagram @felipedylon \/ Purepeople<\/p>\n<p class=\"text\">Quem n\u00e3o se lembra de <a href=\"https:\/\/www.purepeople.com.br\/famosos\/felipe-dylon_p2464\" rel=\"nofollow noopener\" target=\"_blank\"><strong>Felipe Dylon<\/strong><\/a>? O gal\u00e3 abrilhantou as telinhas da Globo nos anos 2000 com algumas participa\u00e7\u00f5es em s\u00e9ries e programas da emissora, incluindo &#8216;<strong>A Diarista<\/strong>&#8216; e at\u00e9 a <a href=\"https:\/\/www.purepeople.com.br\/noticia\/quanto-ganha-o-juri-tecnico-da-danca-dos-famosos-na-globo-descubra-salario-surpreendente-do-time-da-atracao-do-domingao-com-huck_a409907\/1\" rel=\"nofollow noopener\" target=\"_blank\">primeira edi\u00e7\u00e3o da &#8216;<strong>Dan\u00e7a dos Famosos<\/strong>&#8216;, em 2005<\/a>. Muito al\u00e9m de sua beleza, a voz do bonit\u00e3o, que tamb\u00e9m \u00e9 cantor, se tornou a trilha sonora para muitos cora\u00e7\u00f5es apaixonados.<\/p>\n<p class=\"text\"><a href=\"https:\/\/www.purepeople.com.br\/noticia\/por-onde-andam-estes-famosos-atores-de-malhacao-sumiram-das-novelas-da-globo-e-hoje-levam-a-vida-bem-longe-dos-holofotes_a410667\/1\" rel=\"nofollow noopener\" target=\"_blank\">Mas, assim como diversos gal\u00e3s de &#8216;<strong>Malha\u00e7\u00e3o<\/strong>&#8216;<\/a>, Felipe Dylon est\u00e1 afastado das telinhas h\u00e1 um bom tempo. Al\u00e9m de n\u00e3o ter emplacado a carreira de ator nas novelas, o artista n\u00e3o deixou de mostrar seu talento para o mundo e passou a se dedicar aos teatro. J\u00e1 notici\u00e1rios, um <a href=\"https:\/\/www.purepeople.com.br\/noticia\/sabrina-sato-esta-namorando-cantor-felipe-dylon-revela-romance-com-a-apresentadora_a379626\/1\" rel=\"nofollow noopener\" target=\"_blank\">rumor de affair com <strong>Sabrina Sato<\/strong> foi assunto h\u00e1 alguns anos<\/a>.<\/p>\n<p class=\"text\">Em junho deste ano, Felipe Dylon surgiu em uma foto <strong>fantasiado de cachorro em uma pe\u00e7a infantil<\/strong>, ao lado de ningu\u00e9m menos que <a href=\"https:\/\/www.terra.com.br\/tudo-sobre\/claudia-raia\" target=\"_self\" rel=\"nofollow noopener\">Claudia Raia<\/a> e seu filho ca\u00e7ula, Luca. A pe\u00e7a \u00e9 um musical infantil chamado &#8216;Os Saltimbancos&#8217; e foi produzida pela m\u00e3e do artista, que o escalou para participar da apresenta\u00e7\u00e3o.<\/p>\n<p class=\"text\">Depois de anos afastado dos principais holofotes do pa\u00eds, o cantor do hit &#8216;Musa do Ver\u00e3o&#8217; est\u00e1 bem diferente. H\u00e1 alguns anos, ele <a href=\"https:\/\/www.purepeople.com.br\/noticia\/felipe-dylon-e-fotografado-na-praia-apos-engordar-e-cita-malhacao-para-emagrecer-saudavel_a262571\/1\" rel=\"nofollow noopener\" target=\"_blank\">revelou uma luta contra a balan\u00e7a ao incorporar o treino com cordas no seu dia a dia<\/a>. Agora, uma apari\u00e7\u00e3o deu o que falar na web.<\/p>\n<p>\n  Irreconhec\u00edvel, Felipe Dylon viraliza com &#8216;antes e depois&#8217; em apari\u00e7\u00e3o\n<\/p>\n<p class=\"text\">Nos \u00faltimos dias, um flagra de Felipe Dylon vem dando o que falar na web. Gal\u00e3 teen dos anos 2000, o artista foi flagrado na \u00faltima quarta-feira (20), curtindo muito um dia de puro c&#8230;<\/p>\n<p class=\"text\"><a href=\"https:\/\/www.purepeople.com.br\/noticia\/ele-foi-um-dos-maiores-galas-da-globo-nos-anos-2000-e-sumiu-da-tv-hoje-esta-irreconhecivel-e-deu-o-que-falar-em-fotos-surfando_a410724\/1\" rel=\"nofollow noopener\" target=\"_blank\">Veja mais<\/a><\/p>\n<p class=\"text\"><b>Mat\u00e9rias relacionadas<\/b><\/p>\n<p class=\"text\"><a href=\"https:\/\/www.purepeople.com.br\/noticia\/como-esta-dede-de-a-viagem-hoje-apos-31-anos-de-estreia-da-novela-eduardo-felipe-largou-a-globo-sumiu-da-tv-e-mudou-de-pais_a407307\/1\" rel=\"nofollow noopener\" target=\"_blank\">Como est\u00e1 Ded\u00e9 de &#8216;A Viagem&#8217; hoje? Ap\u00f3s 31 anos de estreia da novela, Eduardo Felipe largou a Globo, sumiu da TV e mudou de pa\u00eds<\/a><\/p>\n<p class=\"text\"><a href=\"https:\/\/www.purepeople.com.br\/noticia\/como-esta-maria-maya-hoje-ex-atriz-da-globo-filha-de-wolf-maya-teve-casamento-polemico-e-bissexualidade-assumida-famosa-diretora-vive-fora-das-novelas_a408721\/1\" rel=\"nofollow noopener\" target=\"_blank\">Como est\u00e1 Maria Maya hoje? Aos 44 anos hoje, ex-Globo e filha de Wolf Maya virou diretora, viveu casamento pol\u00eamico e assumiu bissexualidade<\/a><\/p>\n<p class=\"text\"><a href=\"https:\/\/www.purepeople.com.br\/noticia\/como-esta-hoje-bia-de-a-viagem-jovem-em-novela-da-globo-atriz-esta-longe-da-tv-tem-casamento-com-ex-diretor-da-emissora-e-revela-fase-na-carreira-empreender_a408244\/1\" rel=\"nofollow noopener\" target=\"_blank\">&#8216;Foco agora \u00e9&#8230;&#8217;: Como est\u00e1 hoje a Bia de &#8216;A Viagem&#8217;? 31 anos ap\u00f3s a novela, atriz se afastou da TV, tem carreira nova e longo casamento com ex-diretor da Globo<\/a><\/p>\n<p class=\"text\"><a href=\"https:\/\/www.purepeople.com.br\/noticia\/antes-e-depois-do-elenco-de-eta-mundo-melhor-9-anos-apos-eta-mundo-bom-veja-como-estao-hoje-19-atores-que-retornam-a-novela-da-tv-globo_a408646\/1\" rel=\"nofollow noopener\" target=\"_blank\">Antes e depois do elenco de &#8216;\u00cata Mundo Melhor!&#8217;: 9 anos ap\u00f3s &#8216;\u00cata Mundo Bom!&#8217;, veja como est\u00e3o hoje 19 atores que retornam \u00e0 novela da TV Globo<\/a><\/p>\n<p class=\"text\"><a href=\"https:\/\/www.purepeople.com.br\/noticia\/como-esta-hoje-teo-de-a-viagem-pai-de-paty-na-novela-e-ex-globo-mauricio-mattar-teve-doenca-no-coracao-tem-vida-longe-da-tv-e-fez-harmonizacao_a407544\/1\" rel=\"nofollow noopener\" target=\"_blank\">Como est\u00e1 o T\u00e9o de &#8216;A Viagem&#8217; hoje? Pai de Paty na novela e ex-gal\u00e3 da Globo, Maur\u00edcio Mattar sofreu infarto, fez harmoniza\u00e7\u00e3o e tem vida longe da TV<\/a><\/p>\n","protected":false},"excerpt":{"rendered":"Lembra dele? Felipe Dylon surgiu em um flagra recentemente curtindo um dia de surfe e viralizou na web&hellip;\n","protected":false},"author":2,"featured_media":41614,"comment_status":"","ping_status":"","sticky":false,"template":"","format":"standard","meta":{"footnotes":""},"categories":[145],"tags":[211,210,114,115,32,33],"class_list":{"0":"post-41613","1":"post","2":"type-post","3":"status-publish","4":"format-standard","5":"has-post-thumbnail","7":"category-celebridades","8":"tag-celebridades","9":"tag-celebrities","10":"tag-entertainment","11":"tag-entretenimento","12":"tag-portugal","13":"tag-pt"},"share_on_mastodon":{"url":"","error":""},"_links":{"self":[{"href":"https:\/\/www.europesays.com\/pt\/wp-json\/wp\/v2\/posts\/41613","targetHints":{"allow":["GET"]}}],"collection":[{"href":"https:\/\/www.europesays.com\/pt\/wp-json\/wp\/v2\/posts"}],"about":[{"href":"https:\/\/www.europesays.com\/pt\/wp-json\/wp\/v2\/types\/post"}],"author":[{"embeddable":true,"href":"https:\/\/www.europesays.com\/pt\/wp-json\/wp\/v2\/users\/2"}],"replies":[{"embeddable":true,"href":"https:\/\/www.europesays.com\/pt\/wp-json\/wp\/v2\/comments?post=41613"}],"version-history":[{"count":0,"href":"https:\/\/www.europesays.com\/pt\/wp-json\/wp\/v2\/posts\/41613\/revisions"}],"wp:featuredmedia":[{"embeddable":true,"href":"https:\/\/www.europesays.com\/pt\/wp-json\/wp\/v2\/media\/41614"}],"wp:attachment":[{"href":"https:\/\/www.europesays.com\/pt\/wp-json\/wp\/v2\/media?parent=41613"}],"wp:term":[{"taxonomy":"category","embeddable":true,"href":"https:\/\/www.europesays.com\/pt\/wp-json\/wp\/v2\/categories?post=41613"},{"taxonomy":"post_tag","embeddable":true,"href":"https:\/\/www.europesays.com\/pt\/wp-json\/wp\/v2\/tags?post=41613"}],"curies":[{"name":"wp","href":"https:\/\/api.w.org\/{rel}","templated":true}]}}