{"id":41627,"date":"2025-08-23T13:56:09","date_gmt":"2025-08-23T13:56:09","guid":{"rendered":"https:\/\/www.europesays.com\/pt\/41627\/"},"modified":"2025-08-23T13:56:09","modified_gmt":"2025-08-23T13:56:09","slug":"forcado-de-22-anos-morre-apos-ser-colhido-por-toiro-no-campo-pequeno-tauromaquia","status":"publish","type":"post","link":"https:\/\/www.europesays.com\/pt\/41627\/","title":{"rendered":"Forcado de 22 anos morre ap\u00f3s ser colhido por toiro no Campo Pequeno | Tauromaquia"},"content":{"rendered":"<p>O forcado Manuel Trindade, dos Amadores de S\u00e3o Man\u00e7os, distrito de \u00c9vora, morreu este s\u00e1bado no Hospital de S\u00e3o Jos\u00e9, em Lisboa, ap\u00f3s colhida sofrida na sexta-feira no Campo Pequeno, disse fonte pr\u00f3xima do grupo \u00e0 ag\u00eancia Lusa.<\/p>\n<p>Manuel Trindade, de 22 anos, foi colhido quando efectuava uma pega a um toiro da ganadaria Vinhas, tendo embatido com viol\u00eancia nas t\u00e1buas.<\/p>\n<p>Prontamente socorrido, o forcado foi transportado para o Hospital de S\u00e3o Jos\u00e9 onde faleceu ao in\u00edcio da manh\u00e3 deste s\u00e1bado.<\/p>\n","protected":false},"excerpt":{"rendered":"O forcado Manuel Trindade, dos Amadores de S\u00e3o Man\u00e7os, distrito de \u00c9vora, morreu este s\u00e1bado no Hospital de&hellip;\n","protected":false},"author":2,"featured_media":41628,"comment_status":"","ping_status":"","sticky":false,"template":"","format":"standard","meta":{"footnotes":""},"categories":[85],"tags":[114,115,12686,797,542,32,33,58,12685,2474],"class_list":{"0":"post-41627","1":"post","2":"type-post","3":"status-publish","4":"format-standard","5":"has-post-thumbnail","7":"category-entretenimento","8":"tag-entertainment","9":"tag-entretenimento","10":"tag-hospital-de-sao-jose","11":"tag-lisboa","12":"tag-para-redes","13":"tag-portugal","14":"tag-pt","15":"tag-sociedade","16":"tag-tauromaquia","17":"tag-touro"},"share_on_mastodon":{"url":"","error":""},"_links":{"self":[{"href":"https:\/\/www.europesays.com\/pt\/wp-json\/wp\/v2\/posts\/41627","targetHints":{"allow":["GET"]}}],"collection":[{"href":"https:\/\/www.europesays.com\/pt\/wp-json\/wp\/v2\/posts"}],"about":[{"href":"https:\/\/www.europesays.com\/pt\/wp-json\/wp\/v2\/types\/post"}],"author":[{"embeddable":true,"href":"https:\/\/www.europesays.com\/pt\/wp-json\/wp\/v2\/users\/2"}],"replies":[{"embeddable":true,"href":"https:\/\/www.europesays.com\/pt\/wp-json\/wp\/v2\/comments?post=41627"}],"version-history":[{"count":0,"href":"https:\/\/www.europesays.com\/pt\/wp-json\/wp\/v2\/posts\/41627\/revisions"}],"wp:featuredmedia":[{"embeddable":true,"href":"https:\/\/www.europesays.com\/pt\/wp-json\/wp\/v2\/media\/41628"}],"wp:attachment":[{"href":"https:\/\/www.europesays.com\/pt\/wp-json\/wp\/v2\/media?parent=41627"}],"wp:term":[{"taxonomy":"category","embeddable":true,"href":"https:\/\/www.europesays.com\/pt\/wp-json\/wp\/v2\/categories?post=41627"},{"taxonomy":"post_tag","embeddable":true,"href":"https:\/\/www.europesays.com\/pt\/wp-json\/wp\/v2\/tags?post=41627"}],"curies":[{"name":"wp","href":"https:\/\/api.w.org\/{rel}","templated":true}]}}