{"id":41631,"date":"2025-08-23T13:58:08","date_gmt":"2025-08-23T13:58:08","guid":{"rendered":"https:\/\/www.europesays.com\/pt\/41631\/"},"modified":"2025-08-23T13:58:08","modified_gmt":"2025-08-23T13:58:08","slug":"trump-confirma-participacao-publica-de-10-na-intel-eua","status":"publish","type":"post","link":"https:\/\/www.europesays.com\/pt\/41631\/","title":{"rendered":"Trump confirma participa\u00e7\u00e3o p\u00fablica de 10% na Intel | EUA"},"content":{"rendered":"<p>O Presidente dos Estados Unidos da Am\u00e9rica (EUA), Donald Trump, confirmou, nesta sexta-feira, que o Estado ir\u00e1 adquirir uma <a href=\"https:\/\/www.publico.pt\/2025\/08\/20\/economia\/noticia\/governo-eua-quer-tornarse-maior-accionista-intel-admite-entrar-noutras-tecnologicas-2144456\" rel=\"nofollow noopener\" target=\"_blank\">participa\u00e7\u00e3o de 10% na Intel<\/a>, por via da convers\u00e3o de subs\u00eddios estatais em capital. A opera\u00e7\u00e3o est\u00e1 avaliada em perto de 9 mil milh\u00f5es de d\u00f3lares.<\/p>\n<p>O an\u00fancio foi feito por Donald Trump em declara\u00e7\u00f5es aos jornalistas, na Casa Branca, e pelo secret\u00e1rio do Com\u00e9rcio, Howard Lutnick, numa publica\u00e7\u00e3o na rede social X (antigo Twitter). &#8220;Os EUA passaram a deter 10% da Intel, uma das grandes empresas tecnol\u00f3gicas norte-americanas. Este acordo hist\u00f3rico fortalece a lideran\u00e7a dos EUA no sector de semicondutores que ir\u00e1 contribuir para o crescimento da economia e ajudar a manter a vantagem dos EUA na tecnologia&#8221;, escreveu Lutnick.<\/p>\n<p>A aquisi\u00e7\u00e3o foi feita por via de uma convers\u00e3o em capital dos subs\u00eddios p\u00fablicos que foram atribu\u00eddos \u00e0 Intel no \u00e2mbito do US Chips and Science Act, iniciativa legislativa de 2022 (altura em que o Presidente norte-americano era Joe Biden), criada para incentivar a produ\u00e7\u00e3o de chips em territ\u00f3rio norte-americano, bem como de outro programa, o Secure Enclave, desenhado para apoiar a produ\u00e7\u00e3o de semicondutores para o Governo norte-americano.<\/p>\n<p>De acordo com um comunicado entretanto divulgado pela pr\u00f3pria Intel, os fundos prov\u00eam de uma parte desses subs\u00eddios, que j\u00e1 haviam sido atribu\u00eddos mas ainda n\u00e3o pagos: 5,7 mil milh\u00f5es de d\u00f3lares no \u00e2mbito do US Chips and Sciences Act e outros 3,2 mil milh\u00f5es provenientes do Secure Enclave. Ao todo, s\u00e3o 8,9 mil milh\u00f5es de d\u00f3lares (mais de 7,6 mil milh\u00f5es de euros, \u00e0 cota\u00e7\u00e3o actual) que ser\u00e3o injectados no capital da fabricante norte-americana de processadores. Este montante junta-se aos 2,2 mil milh\u00f5es de d\u00f3lares que a Intel j\u00e1 havia recebido a t\u00edtulo de subs\u00eddios do programa Chips.<\/p>\n<p>Em troca, o Estado fica com 433,3 milh\u00f5es de ac\u00e7\u00f5es da Intel, por um pre\u00e7o de 20,47 d\u00f3lares por ac\u00e7\u00e3o (ou cerca de 17,5 euros), o que se traduz numa participa\u00e7\u00e3o de 9,9% no capital da empresa. Os EUA tornam-se, assim, no maior accionista da Intel, ultrapassando a Blackrock e a Vanguard.<\/p>\n<p>O acordo foi alcan\u00e7ado depois de, a 11 de Agosto, Donald Trump se ter reunido com o presidente executivo da Intel, Lip-Bu Tan, para lhe exigir a demiss\u00e3o, justificando esta inten\u00e7\u00e3o com as alegadas liga\u00e7\u00f5es do respons\u00e1vel a empresas chinesas. Quando anunciou a opera\u00e7\u00e3o nesta sexta-feira, o Presidente norte-americano fez alus\u00e3o ao caso. &#8220;Ele [Lip-Bu Tan] entrou a querer manter o seu emprego e acabou a entregar-nos 10 mil milh\u00f5es de d\u00f3lares&#8221;, resumiu.<\/p>\n<p>J\u00e1 o presidente da Intel afirmou, citado em comunicado, que a empresa que lidera est\u00e1 &#8220;profundamente comprometida em assegurar que as tecnologias mais avan\u00e7adas do mundo sejam de origem norte-americana&#8221; e deixou um elogio ao Presidente norte-americano. &#8220;O foco do Presidente Trump no fabrico de chips est\u00e1 a conduzir a investimentos hist\u00f3ricos numa ind\u00fastria vital que \u00e9 integral para a seguran\u00e7a econ\u00f3mica e nacional do pa\u00eds. Estamos gratos pela confian\u00e7a que o Presidente e a sua Administra\u00e7\u00e3o depositaram na Intel e estamos ansiosos por trabalhar no desenvolvimento da tecnologia norte-americana&#8221;, acrescentou.<\/p>\n<p>O pre\u00e7o definido nesta opera\u00e7\u00e3o representa um desconto de cerca de 4 d\u00f3lares em rela\u00e7\u00e3o \u00e0 cota\u00e7\u00e3o da Intel na sexta-feira, que encerrou a sess\u00e3o nos 24,80 d\u00f3lares por ac\u00e7\u00e3o.<\/p>\n","protected":false},"excerpt":{"rendered":"O Presidente dos Estados Unidos da Am\u00e9rica (EUA), Donald Trump, confirmou, nesta sexta-feira, que o Estado ir\u00e1 adquirir&hellip;\n","protected":false},"author":2,"featured_media":41632,"comment_status":"","ping_status":"","sticky":false,"template":"","format":"standard","meta":{"footnotes":""},"categories":[83],"tags":[88,92,476,89,90,413,32,33,110],"class_list":{"0":"post-41631","1":"post","2":"type-post","3":"status-publish","4":"format-standard","5":"has-post-thumbnail","7":"category-empresas","8":"tag-business","9":"tag-donald-trump","10":"tag-economia","11":"tag-economy","12":"tag-empresas","13":"tag-eua","14":"tag-portugal","15":"tag-pt","16":"tag-tecnologia"},"share_on_mastodon":{"url":"","error":""},"_links":{"self":[{"href":"https:\/\/www.europesays.com\/pt\/wp-json\/wp\/v2\/posts\/41631","targetHints":{"allow":["GET"]}}],"collection":[{"href":"https:\/\/www.europesays.com\/pt\/wp-json\/wp\/v2\/posts"}],"about":[{"href":"https:\/\/www.europesays.com\/pt\/wp-json\/wp\/v2\/types\/post"}],"author":[{"embeddable":true,"href":"https:\/\/www.europesays.com\/pt\/wp-json\/wp\/v2\/users\/2"}],"replies":[{"embeddable":true,"href":"https:\/\/www.europesays.com\/pt\/wp-json\/wp\/v2\/comments?post=41631"}],"version-history":[{"count":0,"href":"https:\/\/www.europesays.com\/pt\/wp-json\/wp\/v2\/posts\/41631\/revisions"}],"wp:featuredmedia":[{"embeddable":true,"href":"https:\/\/www.europesays.com\/pt\/wp-json\/wp\/v2\/media\/41632"}],"wp:attachment":[{"href":"https:\/\/www.europesays.com\/pt\/wp-json\/wp\/v2\/media?parent=41631"}],"wp:term":[{"taxonomy":"category","embeddable":true,"href":"https:\/\/www.europesays.com\/pt\/wp-json\/wp\/v2\/categories?post=41631"},{"taxonomy":"post_tag","embeddable":true,"href":"https:\/\/www.europesays.com\/pt\/wp-json\/wp\/v2\/tags?post=41631"}],"curies":[{"name":"wp","href":"https:\/\/api.w.org\/{rel}","templated":true}]}}