{"id":416445,"date":"2026-06-13T15:58:13","date_gmt":"2026-06-13T15:58:13","guid":{"rendered":"https:\/\/www.europesays.com\/pt\/416445\/"},"modified":"2026-06-13T15:58:13","modified_gmt":"2026-06-13T15:58:13","slug":"estudo-bacteria-intestinal-ajuda-prevenir-reganho-do-peso-13-06-2026-equilibrio-e-saude","status":"publish","type":"post","link":"https:\/\/www.europesays.com\/pt\/416445\/","title":{"rendered":"Estudo: Bact\u00e9ria intestinal ajuda prevenir reganho do peso &#8211; 13\/06\/2026 &#8211; Equil\u00edbrio e Sa\u00fade"},"content":{"rendered":"<p>Perder peso \u00e9 dif\u00edcil. Manter o peso alcan\u00e7ado costuma ser ainda mais dif\u00edcil.<\/p>\n<p>Pesquisas mostram que a maioria das pessoas que perde peso intencionalmente <a href=\"https:\/\/www1.folha.uol.com.br\/equilibrioesaude\/2023\/08\/7-dicas-para-evitar-ganho-de-peso-apos-emagrecer-com-dieta.shtml\" rel=\"nofollow noopener\" target=\"\">recupera pelo menos parte dele em poucos anos<\/a>. Isso \u00e9 frequentemente atribu\u00eddo \u00e0 falta de &#8220;for\u00e7a de vontade&#8221;, mas as evid\u00eancias mostram que depois que perdemos peso, o corpo passa por uma s\u00e9rie de mudan\u00e7as biol\u00f3gicas que favorecem o reganho. Isso inclui aumento da fome, altera\u00e7\u00f5es no metabolismo e mudan\u00e7as nos horm\u00f4nios envolvidos na regula\u00e7\u00e3o do apetite.<\/p>\n<p>Mesmo as pessoas que usam <a href=\"https:\/\/www1.folha.uol.com.br\/equilibrio\/2026\/03\/maioria-dos-pacientes-mantem-peso-com-menos-injecoes-de-canetas-emagrecedoras.shtml\" rel=\"nofollow noopener\" target=\"\">medicamento \u00e0 base de GLP-1<\/a> t\u00eam dificuldade em manter a perda de peso assim que o tratamento \u00e9 interrompido.<\/p>\n<p>Um novo estudo publicado na Nature Medicine sugere que uma determinada <a href=\"https:\/\/www1.folha.uol.com.br\/equilibrioesaude\/2026\/03\/microbiota-intestinal-o-exercito-invisivel-no-tratamento-do-cancer.shtml\" rel=\"nofollow noopener\" target=\"\">bact\u00e9ria intestinal<\/a> pode ajudar a prevenir o reganho de peso.<\/p>\n<p>A bact\u00e9ria, chamada Akkermansia muciniphila, \u00e9 uma esp\u00e9cie abundante no microbioma intestinal humano. Ela vive na camada de muco que reveste o <a href=\"https:\/\/www1.folha.uol.com.br\/equilibrio\/2025\/04\/seu-intestino-funciona-bem-conheca-sinais-de-alerta-e-saiba-quando-procurar-ajuda.shtml\" rel=\"nofollow noopener\" target=\"\">intestino<\/a>. Ela \u00e9 capaz de se alimentar de mucina (as prote\u00ednas e a\u00e7\u00facares que comp\u00f5em esse muco) e acredita-se que desempenhe um papel na manuten\u00e7\u00e3o da barreira protetora do intestino e tamb\u00e9m pode influenciar o metabolismo.<\/p>\n<p>A Akkermansia muciniphila tem chamado a aten\u00e7\u00e3o nas pesquisas sobre o microbioma nos \u00faltimos anos devido \u00e0 sua associa\u00e7\u00e3o com a melhora na sa\u00fade de pacientes com diversas doen\u00e7as.<\/p>\n<p>Estudos em humanos demonstraram que n\u00edveis mais elevados de Akkermansia muciniphila est\u00e3o associados a uma melhor sa\u00fade metab\u00f3lica, incluindo melhor controle do a\u00e7\u00facar no sangue, o que reduz o risco de desenvolver problemas de sa\u00fade como o <a href=\"https:\/\/www1.folha.uol.com.br\/folha-topicos\/diabetes\/\" rel=\"nofollow noopener\" target=\"\">diabetes<\/a> tipo 2. Por outro lado, n\u00edveis mais baixos de Akkermansia muciniphila s\u00e3o observados em pessoas com <a href=\"https:\/\/www1.folha.uol.com.br\/folha-topicos\/obesidade\/\" rel=\"nofollow noopener\" target=\"\">obesidade<\/a> e diabetes tipo 2.<\/p>\n<p>Este estudo investigou se a suplementa\u00e7\u00e3o de pessoas com Akkermansia muciniphila ap\u00f3s a perda de peso poderia ajudar a limitar o subsequente ganho de peso.<\/p>\n<p>O estudo envolveu 90 adultos com sobrepeso ou obesidade. Os participantes seguiram uma <a href=\"https:\/\/www1.folha.uol.com.br\/folha-topicos\/dieta\/\" rel=\"nofollow noopener\" target=\"\">dieta<\/a> de baixo valor cal\u00f3rico durante oito semanas. Essa dieta consistia em sopas e caldos substitutos de refei\u00e7\u00f5es, totalizando 800 a 900 calorias por dia.<\/p>\n<p>Ap\u00f3s essa fase, os participantes que perderam pelo menos 8% do peso corporal foram ent\u00e3o aleatoriamente designados para receber um placebo ou suplementos di\u00e1rios contendo Akkermansia muciniphila pasteurizada por 24 semanas. Eles tamb\u00e9m foram orientados a seguir uma dieta saud\u00e1vel alinhada com as diretrizes alimentares holandesas, mas foram informados de que poderiam comer tanto quanto quisessem.<\/p>\n<p>Este estudo n\u00e3o utilizou bact\u00e9rias vivas. Utilizou-se uma vers\u00e3o pasteurizada (as bact\u00e9rias foram submetidas a tratamento t\u00e9rmico e j\u00e1 n\u00e3o estavam vivas). Isso pode parecer contraintuitivo, mas pesquisas anteriores sugerem que alguns dos efeitos ben\u00e9ficos dos probi\u00f3ticos podem vir de componentes da c\u00e9lula bacteriana, e n\u00e3o de micr\u00f3bios vivos. A pasteuriza\u00e7\u00e3o pode at\u00e9 mesmo potencializar os efeitos do micr\u00f3bio.<\/p>\n<p>Ao final do estudo, o grupo que recebeu Akkermansia muciniphila havia recuperado significativamente menos peso do que o grupo que recebeu placebo. Em m\u00e9dia, aqueles que tomaram o suplemento recuperaram cerca de 1,2 kg, em compara\u00e7\u00e3o com 3,2 kg no grupo do placebo. Isso sugere que a suplementa\u00e7\u00e3o retardou, mas n\u00e3o impediu totalmente, a recupera\u00e7\u00e3o de peso ap\u00f3s a perda inicial.<\/p>\n<p>Os pesquisadores tamb\u00e9m observaram algumas melhorias em alguns marcadores cardiometab\u00f3licos, incluindo maior sensibilidade \u00e0 <a href=\"https:\/\/www1.folha.uol.com.br\/equilibrioesaude\/2025\/11\/brasil-volta-a-produzir-insulina-depois-de-20-anos-entidades-falam-em-apagoes-de-abastecimento.shtml\" rel=\"nofollow noopener\" target=\"\">insulina<\/a> no grupo que recebeu o suplemento.<\/p>\n<p>O microbioma intestinal e o peso corporal<\/p>\n<p>O microbioma \u00e9 altamente complexo. Ele \u00e9 influenciado pela <a href=\"https:\/\/www1.folha.uol.com.br\/folha-topicos\/alimentacao\/\" rel=\"nofollow noopener\" target=\"\">alimenta\u00e7\u00e3o<\/a>, <a href=\"https:\/\/www1.folha.uol.com.br\/folha-topicos\/atividade-fisica\/\" rel=\"nofollow noopener\" target=\"\">atividade f\u00edsica<\/a>, <a href=\"https:\/\/www1.folha.uol.com.br\/folha-topicos\/sono\/\" rel=\"nofollow noopener\" target=\"\">sono<\/a>, medicamentos e muitos outros fatores. Por isso, \u00e9 improv\u00e1vel que as terapias baseadas no microbioma sejam solu\u00e7\u00f5es simples e v\u00e1lidas para todos.<\/p>\n<p>Embora os resultados sejam animadores, o estudo foi relativamente pequeno e durou apenas seis meses ap\u00f3s a fase inicial de perda de peso. Ainda n\u00e3o sabemos se os efeitos continuariam por per\u00edodos mais longos.<\/p>\n<p>H\u00e1 tamb\u00e9m d\u00favidas sobre quem tem mais chances de se beneficiar. Os participantes com n\u00edveis intestinais basais mais baixos de Akkermansia pareciam apresentar maiores melhorias cardiometab\u00f3licas. Isso destaca um desafio mais amplo na ci\u00eancia do microbioma: os microbiomas intestinais das pessoas variam enormemente, e tratamentos que funcionam bem para uma pessoa podem ter pouco efeito em outra.<\/p>\n<p>O estudo tamb\u00e9m envolveu uma interven\u00e7\u00e3o alimentar substancial e apoio. Isso incluiu a oferta de um plano de substitui\u00e7\u00e3o de refei\u00e7\u00f5es para a perda de peso inicial e o acompanhamento de nutricionistas durante o per\u00edodo do estudo. Portanto, o microrganismo n\u00e3o foi testado isoladamente das mudan\u00e7as no estilo de vida, nem deve ser visto como um substituto para elas.<\/p>\n<p>Tamb\u00e9m vale a pena notar que v\u00e1rios autores declararam v\u00ednculos com a empresa produtora do suplemento utilizado no ensaio. Tais colabora\u00e7\u00f5es s\u00e3o comuns na pesquisa translacional, mas estudos independentes ser\u00e3o importantes para confirmar e aprofundar essas descobertas.<\/p>\n<p>As pesquisas at\u00e9 o momento mostram que o microbioma desempenha pap\u00e9is fundamentais no <a href=\"https:\/\/www1.folha.uol.com.br\/equilibrio\/2025\/04\/voce-vive-cansado-entenda-como-estilo-de-vida-pode-desequilibrar-metabolismo.shtml\" rel=\"nofollow noopener\" target=\"\">metabolismo<\/a> e na <a href=\"https:\/\/www1.folha.uol.com.br\/equilibrioesaude\/2024\/11\/como-alcancar-a-boa-imunidade-saiba-quais-sao-os-quatro-pilares-que-afetam-o-combate-a-infeccoes.shtml\" rel=\"nofollow noopener\" target=\"\">imunidade<\/a>. Isso significa que ele pode influenciar tanto a sa\u00fade quanto o desenvolvimento de doen\u00e7as.<\/p>\n<p>Muitos suplementos probi\u00f3ticos atualmente comercializados para os consumidores t\u00eam evid\u00eancias limitadas que os sustentam. Embora estudos como este sugiram que terapias direcionadas ao microbioma possam ter potencial para, eventualmente, serem utilizadas como parte de estrat\u00e9gias de manuten\u00e7\u00e3o de peso, s\u00e3o necess\u00e1rias muito mais pesquisas.<\/p>\n<p>    Cuide-se<\/p>\n<p class=\"c-newsletter__subtitle\">Ci\u00eancia, h\u00e1bitos e preven\u00e7\u00e3o numa newsletter para a sua sa\u00fade e bem-estar<\/p>\n<p>Pode at\u00e9 ser poss\u00edvel apoiar e aumentar a Akkermansia muciniphila sem suplementa\u00e7\u00e3o. A alimenta\u00e7\u00e3o desempenha um papel importante na forma\u00e7\u00e3o do microbioma. Dietas ricas em <a href=\"https:\/\/www1.folha.uol.com.br\/equilibrio\/2026\/01\/fibra-e-a-nova-proteina-os-surpreendentes-beneficios-da-mais-nova-tendencia-de-bem-estar.shtml\" rel=\"nofollow noopener\" target=\"\">fibras<\/a>, particularmente fibras prebi\u00f3ticas, podem ajudar a criar um ambiente no qual bact\u00e9rias ben\u00e9ficas possam se desenvolver.<\/p>\n<p>Essas fibras s\u00e3o encontradas em alimentos como cebola, alho, alho-por\u00f3, aspargos e muitos gr\u00e3os integrais. Alimentos vegetais ricos em polifen\u00f3is (compostos vegetais naturais que podem proteger as c\u00e9lulas contra danos e inflama\u00e7\u00e3o) \u2014como frutas vermelhas e uvas\u2014 tamb\u00e9m podem promover seu crescimento.<\/p>\n<p>Por enquanto, as descobertas deste estudo refor\u00e7am as evid\u00eancias crescentes de que uma intera\u00e7\u00e3o complexa de fatores biol\u00f3gicos, ambientais e comportamentais influencia o peso corporal. Elas tamb\u00e9m contribuem para um quadro cada vez mais claro do microbioma intestinal como um importante regulador do metabolismo e da sa\u00fade.<\/p>\n<p>Este texto foi publicado em <a href=\"https:\/\/theconversation.com\/br\" target=\"_blank\" rel=\"nofollow noopener\">The Conversation<\/a>. <a href=\"https:\/\/theconversation.com\/novo-estudo-sugere-que-uma-bacteria-intestinal-pode-ajudar-a-prevenir-o-reganho-do-peso-apos-dieta-284497\" rel=\"nofollow noopener\" target=\"_blank\">Clique aqui<\/a> para ler a vers\u00e3o original. <\/p>\n","protected":false},"excerpt":{"rendered":"Perder peso \u00e9 dif\u00edcil. Manter o peso alcan\u00e7ado costuma ser ainda mais dif\u00edcil. Pesquisas mostram que a maioria&hellip;\n","protected":false},"author":2,"featured_media":416446,"comment_status":"","ping_status":"","sticky":false,"template":"","format":"standard","meta":{"footnotes":"","_share_on_mastodon":"0"},"categories":[86],"tags":[1895,5568,109,4124,1026,236,116,4892,3083,3571,32,33,117,5841],"class_list":["post-416445","post","type-post","status-publish","format-standard","has-post-thumbnail","category-saude","tag-bacteria","tag-canetas-emagrecedoras","tag-ciencia","tag-dieta","tag-emagrecimento","tag-folha","tag-health","tag-intestino","tag-medicamentos","tag-peso","tag-portugal","tag-pt","tag-saude","tag-the-conversation"],"share_on_mastodon":{"url":"https:\/\/pubeurope.com\/@pt\/116743628837855788","error":""},"_links":{"self":[{"href":"https:\/\/www.europesays.com\/pt\/wp-json\/wp\/v2\/posts\/416445","targetHints":{"allow":["GET"]}}],"collection":[{"href":"https:\/\/www.europesays.com\/pt\/wp-json\/wp\/v2\/posts"}],"about":[{"href":"https:\/\/www.europesays.com\/pt\/wp-json\/wp\/v2\/types\/post"}],"author":[{"embeddable":true,"href":"https:\/\/www.europesays.com\/pt\/wp-json\/wp\/v2\/users\/2"}],"replies":[{"embeddable":true,"href":"https:\/\/www.europesays.com\/pt\/wp-json\/wp\/v2\/comments?post=416445"}],"version-history":[{"count":0,"href":"https:\/\/www.europesays.com\/pt\/wp-json\/wp\/v2\/posts\/416445\/revisions"}],"wp:featuredmedia":[{"embeddable":true,"href":"https:\/\/www.europesays.com\/pt\/wp-json\/wp\/v2\/media\/416446"}],"wp:attachment":[{"href":"https:\/\/www.europesays.com\/pt\/wp-json\/wp\/v2\/media?parent=416445"}],"wp:term":[{"taxonomy":"category","embeddable":true,"href":"https:\/\/www.europesays.com\/pt\/wp-json\/wp\/v2\/categories?post=416445"},{"taxonomy":"post_tag","embeddable":true,"href":"https:\/\/www.europesays.com\/pt\/wp-json\/wp\/v2\/tags?post=416445"}],"curies":[{"name":"wp","href":"https:\/\/api.w.org\/{rel}","templated":true}]}}