{"id":416550,"date":"2026-06-13T17:48:31","date_gmt":"2026-06-13T17:48:31","guid":{"rendered":"https:\/\/www.europesays.com\/pt\/416550\/"},"modified":"2026-06-13T17:48:31","modified_gmt":"2026-06-13T17:48:31","slug":"para-onde-quiserem-apos-casamento-em-direto-sara-sistelo-e-moises-recebem-oferta-de-lua-de-mel","status":"publish","type":"post","link":"https:\/\/www.europesays.com\/pt\/416550\/","title":{"rendered":"&#8220;Para onde quiserem&#8221;. Ap\u00f3s casamento em direto, Sara Sistelo e Mois\u00e9s recebem oferta de lua de mel"},"content":{"rendered":"<p>Sara Sistelo e Mois\u00e9s Figueira, ex-concorrentes do reality show da TVI \u2018O Tri\u00e2ngulo\u2019, <a href=\"https:\/\/www.hiper.fm\/sara-sistelo-e-moises-figueira-ja-casaram-ex-concorrentes-deram-o-no-em-direto-na-tvi\/\" target=\"_blank\" rel=\"noopener nofollow\">casaram em direto na TVI, na manh\u00e3 desta sexta-feira, 12 de junho.<\/a><\/p>\n<p>O casalinho marcou presen\u00e7a no programa \u2018Dois \u00e0s 10\u2019 conduzido por Cristina Ferreira e trocaram alian\u00e7as perante a celebrante e os convidados da cerim\u00f3nia.<\/p>\n<p>Depois do corte do bolo, a apresentadora surpreendeu os dois jovens com uma oferta de uma ag\u00eancia de viagens, que se disponibilizou para patrocinar a lua de mel dos rec\u00e9m-casados.<\/p>\n<p><strong>\u201cO que voc\u00eas n\u00e3o sabem \u00e9 que n\u00f3s temos outra coisa para voc\u00eas. Talvez s\u00f3 v\u00e3o daqui a tr\u00eas meses, mas a DS Travel da P\u00f3voa de Varzim ofereceu-vos a lua de mel para onde voc\u00eas quiserem\u201d<\/strong>, come\u00e7ou por dizer Cristina Ferreira.<\/p>\n<p><a href=\"https:\/\/tviplayer.iol.pt\/programa\/dois-as-10\/5fe219a40cf2cc9de7ef9590\/video\/6a2bfc5d0cf27f6588a6c9dd\" target=\"_blank\" rel=\"noopener nofollow\">Veja aqui o momento, ao minuto 59:15<\/a>.<\/p>\n<blockquote class=\"wp-embedded-content\" data-secret=\"x8uZ5nfFSO\">\n<p><a href=\"https:\/\/www.hiper.fm\/casados-sara-sistelo-e-moises-figueira-revelam-nome-peculiar-do-bebe-estavamos-a-olhar-para-as-estrelas\/\" rel=\"nofollow noopener\" target=\"_blank\">Casados, Sara Sistelo e Mois\u00e9s Figueira revelam nome (peculiar) do beb\u00e9: \u201cEst\u00e1vamos a olhar para as estrelas\u2026\u201d<\/a><\/p>\n<\/blockquote>\n","protected":false},"excerpt":{"rendered":"Sara Sistelo e Mois\u00e9s Figueira, ex-concorrentes do reality show da TVI \u2018O Tri\u00e2ngulo\u2019, casaram em direto na TVI,&hellip;\n","protected":false},"author":2,"featured_media":416551,"comment_status":"","ping_status":"","sticky":false,"template":"","format":"standard","meta":{"footnotes":"","_share_on_mastodon":"0"},"categories":[145],"tags":[1435,211,210,114,115,1649,51299,32,33,51300],"class_list":["post-416550","post","type-post","status-publish","format-standard","has-post-thumbnail","category-celebridades","tag-casamento","tag-celebridades","tag-celebrities","tag-entertainment","tag-entretenimento","tag-lua-de-mel","tag-moisu00e9s-figueira","tag-portugal","tag-pt","tag-sara-sistelo"],"share_on_mastodon":{"url":"https:\/\/pubeurope.com\/@pt\/116744061288078861","error":""},"_links":{"self":[{"href":"https:\/\/www.europesays.com\/pt\/wp-json\/wp\/v2\/posts\/416550","targetHints":{"allow":["GET"]}}],"collection":[{"href":"https:\/\/www.europesays.com\/pt\/wp-json\/wp\/v2\/posts"}],"about":[{"href":"https:\/\/www.europesays.com\/pt\/wp-json\/wp\/v2\/types\/post"}],"author":[{"embeddable":true,"href":"https:\/\/www.europesays.com\/pt\/wp-json\/wp\/v2\/users\/2"}],"replies":[{"embeddable":true,"href":"https:\/\/www.europesays.com\/pt\/wp-json\/wp\/v2\/comments?post=416550"}],"version-history":[{"count":0,"href":"https:\/\/www.europesays.com\/pt\/wp-json\/wp\/v2\/posts\/416550\/revisions"}],"wp:featuredmedia":[{"embeddable":true,"href":"https:\/\/www.europesays.com\/pt\/wp-json\/wp\/v2\/media\/416551"}],"wp:attachment":[{"href":"https:\/\/www.europesays.com\/pt\/wp-json\/wp\/v2\/media?parent=416550"}],"wp:term":[{"taxonomy":"category","embeddable":true,"href":"https:\/\/www.europesays.com\/pt\/wp-json\/wp\/v2\/categories?post=416550"},{"taxonomy":"post_tag","embeddable":true,"href":"https:\/\/www.europesays.com\/pt\/wp-json\/wp\/v2\/tags?post=416550"}],"curies":[{"name":"wp","href":"https:\/\/api.w.org\/{rel}","templated":true}]}}