{"id":416578,"date":"2026-06-13T18:15:20","date_gmt":"2026-06-13T18:15:20","guid":{"rendered":"https:\/\/www.europesays.com\/pt\/416578\/"},"modified":"2026-06-13T18:15:20","modified_gmt":"2026-06-13T18:15:20","slug":"bcp-recompra-mais-de-87-milhoes-de-acoes-por-81-milhoes-no-arranque-do-novo-programa-de-share-buyback","status":"publish","type":"post","link":"https:\/\/www.europesays.com\/pt\/416578\/","title":{"rendered":"BCP recompra mais de 8,7 milh\u00f5es de a\u00e7\u00f5es por 8,1 milh\u00f5es no arranque do novo programa de share buyback"},"content":{"rendered":"<p>        A opera\u00e7\u00e3o insere-se no Programa de Recompra de A\u00e7\u00f5es Pr\u00f3prias anunciado no fim de maio, que ascende ao montante global de 407,5 milh\u00f5es de euros, valor que equivale a 2,84% da capitaliza\u00e7\u00e3o bolsista da institui\u00e7\u00e3o e que tem como principal objetivo estrat\u00e9gico a posterior extin\u00e7\u00e3o dos t\u00edtulos adquiridos    <\/p>\n<p>O CEO do Millennium bcp, Miguel Maya Dias Pinheiro, \u00e0 chegada para intervir durante a confer\u00eancia de imprensa para apresenta\u00e7\u00e3o dos resultados do 1\u00ba trimestre de 2025, em Oeiras, 21 de maio de 2025. TIAGO PETINGA\/LUSA<\/p>\n<p>O Banco Comercial Portugu\u00eas informou o mercado de que adquiriu um total de 8.765.844 a\u00e7\u00f5es pr\u00f3prias entre os dias 4 e 12 de junho de 2026. A opera\u00e7\u00e3o, realizada em mercado regulamentado na Euronext Lisbon, envolveu um investimento global de 8.183.752 euros (8,2 milh\u00f5es). Esta interven\u00e7\u00e3o decorre no \u00e2mbito do Programa de Recompra de A\u00e7\u00f5es Pr\u00f3prias do banco, cujos termos foram inicialmente comunicados em maio deste ano, tendo a execu\u00e7\u00e3o das ordens ficado a cargo do intermedi\u00e1rio financeiro J.P. Morgan SE.<\/p>\n<p>Com este lote de transa\u00e7\u00f5es, o Millennium BCP passou a deter uma participa\u00e7\u00e3o direta equivalente a 0,06% do seu capital social.<\/p>\n<p>Ao longo do per\u00edodo reportado, o ritmo di\u00e1rio de aquisi\u00e7\u00f5es registou algumas varia\u00e7\u00f5es. As compras arrancaram a 4 de junho com a aquisi\u00e7\u00e3o\u00a0 de 858.749 a\u00e7\u00f5es a um pre\u00e7o m\u00e9dio ponderado de 0,9246 euros. Nos dias seguintes, a 5 e 8 de junho, o banco garantiu, respetivamente, 785.270 e 851.468 t\u00edtulos, ambos fixados ao pre\u00e7o m\u00e9dio de 0,9277 euros.<\/p>\n<p>A 9 de junho assistiu-se a uma acelera\u00e7\u00e3o com a compra de 1.235.514 a\u00e7\u00f5es a 0,9361 euros, ritmo que estabilizou a 10 e 11 de junho, datas em que foram adquiridas 853.884 a\u00e7\u00f5es a 0,9150 euros e 999.498 a\u00e7\u00f5es a 0,9176 euros. O volume di\u00e1rio mais expressivo acabou por ser alcan\u00e7ado na sexta-feira, dia 12 de junho, com a recolha de 3.181.461 a\u00e7\u00f5es a um pre\u00e7o m\u00e9dio ponderado de 0,9481 euros.<\/p>\n<p>A institui\u00e7\u00e3o financeira liderada por Miguel Maya anunciou no fim de maio que tinha aprovado\u00a0um programa de recompra de a\u00e7\u00f5es pr\u00f3prias que ascende ao montante global de 407.458.786,00 euros (407,5 milh\u00f5es de euros).<\/p>\n<p>O valor financeiro definido para esta opera\u00e7\u00e3o equivale a cerca de 2,84% da capitaliza\u00e7\u00e3o bolsista da institui\u00e7\u00e3o financeira. O principal objetivo estrat\u00e9gico da medida consiste na posterior extin\u00e7\u00e3o dos t\u00edtulos adquiridos.<\/p>\n<p>O\u00a0 programa de recompra de a\u00e7\u00f5es pr\u00f3prias de mais de 400 milh\u00f5es de euros foi desenhado para come\u00e7ar a 4 de junho e terminar seis meses depois, em 4 de dezembro.<\/p>\n<p>Em comunicado, publicado no site da Comiss\u00e3o do Mercado de Valores Mobili\u00e1rios (CMVM) a 27 de maio, o BCP explicou que poder\u00e1 recomprar at\u00e9 1.184 milh\u00f5es de a\u00e7\u00f5es ordin\u00e1rias, correspondentes a um m\u00e1ximo de 8% da totalidade de a\u00e7\u00f5es representativas do capital social do banco. J\u00e1 o valor m\u00e1ximo do programa de recompra poder\u00e1 atingir, no m\u00e1ximo, 407.458.786 euros.<\/p>\n","protected":false},"excerpt":{"rendered":"A opera\u00e7\u00e3o insere-se no Programa de Recompra de A\u00e7\u00f5es Pr\u00f3prias anunciado no fim de maio, que ascende ao&hellip;\n","protected":false},"author":2,"featured_media":209177,"comment_status":"","ping_status":"","sticky":false,"template":"","format":"standard","meta":{"footnotes":"","_share_on_mastodon":"0"},"categories":[8],"tags":[8655,27,28,15,16,14,25,26,21,22,12,13,19,20,32,23,24,33,17,18,29,30,31],"class_list":["post-416578","post","type-post","status-publish","format-standard","has-post-thumbnail","category-principais-noticias","tag-bcp","tag-breaking-news","tag-breakingnews","tag-featured-news","tag-featurednews","tag-headlines","tag-latest-news","tag-latestnews","tag-main-news","tag-mainnews","tag-news","tag-noticias","tag-noticias-principais","tag-noticiasprincipais","tag-portugal","tag-principais-noticias","tag-principaisnoticias","tag-pt","tag-top-stories","tag-topstories","tag-ultimas","tag-ultimas-noticias","tag-ultimasnoticias"],"share_on_mastodon":{"url":"https:\/\/pubeurope.com\/@pt\/116744167541292721","error":""},"_links":{"self":[{"href":"https:\/\/www.europesays.com\/pt\/wp-json\/wp\/v2\/posts\/416578","targetHints":{"allow":["GET"]}}],"collection":[{"href":"https:\/\/www.europesays.com\/pt\/wp-json\/wp\/v2\/posts"}],"about":[{"href":"https:\/\/www.europesays.com\/pt\/wp-json\/wp\/v2\/types\/post"}],"author":[{"embeddable":true,"href":"https:\/\/www.europesays.com\/pt\/wp-json\/wp\/v2\/users\/2"}],"replies":[{"embeddable":true,"href":"https:\/\/www.europesays.com\/pt\/wp-json\/wp\/v2\/comments?post=416578"}],"version-history":[{"count":0,"href":"https:\/\/www.europesays.com\/pt\/wp-json\/wp\/v2\/posts\/416578\/revisions"}],"wp:featuredmedia":[{"embeddable":true,"href":"https:\/\/www.europesays.com\/pt\/wp-json\/wp\/v2\/media\/209177"}],"wp:attachment":[{"href":"https:\/\/www.europesays.com\/pt\/wp-json\/wp\/v2\/media?parent=416578"}],"wp:term":[{"taxonomy":"category","embeddable":true,"href":"https:\/\/www.europesays.com\/pt\/wp-json\/wp\/v2\/categories?post=416578"},{"taxonomy":"post_tag","embeddable":true,"href":"https:\/\/www.europesays.com\/pt\/wp-json\/wp\/v2\/tags?post=416578"}],"curies":[{"name":"wp","href":"https:\/\/api.w.org\/{rel}","templated":true}]}}