{"id":416662,"date":"2026-06-13T19:32:15","date_gmt":"2026-06-13T19:32:15","guid":{"rendered":"https:\/\/www.europesays.com\/pt\/416662\/"},"modified":"2026-06-13T19:32:15","modified_gmt":"2026-06-13T19:32:15","slug":"oficial-martin-anselmi-e-o-novo-treinador-do-elche","status":"publish","type":"post","link":"https:\/\/www.europesays.com\/pt\/416662\/","title":{"rendered":"OFICIAL: Mart\u00edn Anselmi \u00e9 o novo treinador do Elche"},"content":{"rendered":"<p style=\"margin-bottom:11px\">Mart\u00edn Anselmi \u00e9 o novo treinador do Elche, onde joga o m\u00e9dio Martim Neto (ex-Benfica). No regresso \u00e0 La Liga, este clube garantiu a manuten\u00e7\u00e3o na \u00faltima jornada, terminando no 15.\u00ba lugar.<\/p>\n<p>Quanto ao treinador argentino de 40 anos, que orientou o FC Porto em 2024\/25 (10 vit\u00f3rias em 21 jogos), neste ano j\u00e1 passou pelo Botafogo, mas apenas com sete triunfos em 17 poss\u00edveis. Segue-se a estreia no campeonato espanhol.<\/p>\n<p>\u00abO treinador e o clube chegaram a acordo para que ele assuma o\u00a0comando da equipa em\u00a02026\/27, com a possibilidade de renovar por mais um ano. (\u2026) A chegada de\u00a0Anselmi\u00a0refor\u00e7a o compromisso do\u00a0Elche com um estilo baseado na\u00a0ambi\u00e7\u00e3o competitiva. O treinador desenvolveu equipas com\u00a0personalidade e uma\u00a0abordagem ofensiva reconhecida\u00bb, l\u00ea-se em comunicado.<\/p>\n<p>Antes de orientar o FC Porto, Mart\u00edn Anselmi passou por Chile e Equador, al\u00e9m de orientar os mexicanos do Cruz Azul.<\/p>\n<p><a href=\"https:\/\/maisfutebol.iol.pt\/cronologia\/6373897a0cf2254fb2824fe4\" rel=\"nofollow noopener\" target=\"_blank\"><strong>Siga todas as novidades do mercado de transfer\u00eancias.<\/strong><\/a><\/p>\n<blockquote class=\"twitter-tweet\">\n<p lang=\"es\">Desde Buenos Aires hasta Elche, para el mundo entero.<\/p>\n<p>\u00a1Bienvenido, Mart\u00edn Anselmi! \ud83c\udde6\ud83c\uddf7<\/p>\n<p> \u2014 Elche Club de F\u00fatbol (@elchecf)<br \/>\n  <a href=\"https:\/\/x.com\/elchecf\/status\/2065735939071127744?ref_src=twsrc%5Etfw\" rel=\"nofollow\">June 13, 2026<\/a>\n <\/p><\/blockquote>\n","protected":false},"excerpt":{"rendered":"Mart\u00edn Anselmi \u00e9 o novo treinador do Elche, onde joga o m\u00e9dio Martim Neto (ex-Benfica). No regresso \u00e0&hellip;\n","protected":false},"author":2,"featured_media":26540,"comment_status":"","ping_status":"","sticky":false,"template":"","format":"standard","meta":{"footnotes":"","_share_on_mastodon":"0"},"categories":[87],"tags":[135,10760,640,82,5705,46,40,7649,42,41,729,32,33,47,134,35],"class_list":["post-416662","post","type-post","status-publish","format-standard","has-post-thumbnail","category-desporto","tag-desporto","tag-elche","tag-espanha","tag-internacional","tag-la-liga","tag-maisfutebol","tag-maistransferencias","tag-martin-anselmi","tag-mercado","tag-mercado-de-transferencias","tag-oficial","tag-portugal","tag-pt","tag-pura-paixao","tag-sports","tag-transferencias"],"share_on_mastodon":{"url":"https:\/\/pubeurope.com\/@pt\/116744470994902489","error":""},"_links":{"self":[{"href":"https:\/\/www.europesays.com\/pt\/wp-json\/wp\/v2\/posts\/416662","targetHints":{"allow":["GET"]}}],"collection":[{"href":"https:\/\/www.europesays.com\/pt\/wp-json\/wp\/v2\/posts"}],"about":[{"href":"https:\/\/www.europesays.com\/pt\/wp-json\/wp\/v2\/types\/post"}],"author":[{"embeddable":true,"href":"https:\/\/www.europesays.com\/pt\/wp-json\/wp\/v2\/users\/2"}],"replies":[{"embeddable":true,"href":"https:\/\/www.europesays.com\/pt\/wp-json\/wp\/v2\/comments?post=416662"}],"version-history":[{"count":0,"href":"https:\/\/www.europesays.com\/pt\/wp-json\/wp\/v2\/posts\/416662\/revisions"}],"wp:featuredmedia":[{"embeddable":true,"href":"https:\/\/www.europesays.com\/pt\/wp-json\/wp\/v2\/media\/26540"}],"wp:attachment":[{"href":"https:\/\/www.europesays.com\/pt\/wp-json\/wp\/v2\/media?parent=416662"}],"wp:term":[{"taxonomy":"category","embeddable":true,"href":"https:\/\/www.europesays.com\/pt\/wp-json\/wp\/v2\/categories?post=416662"},{"taxonomy":"post_tag","embeddable":true,"href":"https:\/\/www.europesays.com\/pt\/wp-json\/wp\/v2\/tags?post=416662"}],"curies":[{"name":"wp","href":"https:\/\/api.w.org\/{rel}","templated":true}]}}