{"id":416704,"date":"2026-06-13T20:07:15","date_gmt":"2026-06-13T20:07:15","guid":{"rendered":"https:\/\/www.europesays.com\/pt\/416704\/"},"modified":"2026-06-13T20:07:15","modified_gmt":"2026-06-13T20:07:15","slug":"meo-pede-estatuto-especial-e-espera-saida-de-1-200-trabalhadores-por-mutuo-acordo-eco","status":"publish","type":"post","link":"https:\/\/www.europesays.com\/pt\/416704\/","title":{"rendered":"Meo pede estatuto especial e espera sa\u00edda de 1.200 trabalhadores por m\u00fatuo acordo &#8211; ECO"},"content":{"rendered":"<ol>\n<li><a href=\"https:\/\/news.google.com\/rss\/articles\/CBMiswFBVV95cUxOZVhHNFNFWVFVUnZTTTJnWjEwMjU2Z0hiSUxoRVBaakx0NTVkNHZuUWc1Tjlzd1hBeVEzc1VETm9DU2lnNTJZN3kteXdGcFVOaXUxRUMxd0c2V1h1d0RKS1VwTDVrZ19PVmJEUThFSXZOX29UZVkySzNUX0E5WmtNY0E5ZEJSUnpUVk1FWmljNURzUVRia1RVVlprMnRzVVJPTF9KOTV6a0RCSmRoTk9ieG5GTQ?oc=5\" target=\"_blank\" rel=\"nofollow noopener\">Meo pede estatuto especial e espera sa\u00edda de 1.200 trabalhadores por m\u00fatuo acordo<\/a>&nbsp;&nbsp;ECO<\/li>\n<li><a href=\"https:\/\/news.google.com\/rss\/articles\/CBMipwFBVV95cUxOTVRCV3NJNlA2MmdfOUcwTzFIVWVhV3R1VFQ0dFlvOUYzNHVzR2tuaFVQWE9LcmRUZ3FTejZjSUdRUFM2Q0t3NFZfN3NHSGRXT3ZZazhobGxPME0wbkJacE02YS16aTZMMTVFX29pTzZ2alRWZVp4aFk2TEVMTW8xSElxYjhieV94TXZRX0NjSy04ZWNaY2FpdjF2NTFLNWZfS2hRbktEMA?oc=5\" target=\"_blank\" rel=\"nofollow noopener\">Meo pede estatuto especial e abre a porta \u00e0 sa\u00edda de 1.200 trabalhadores<\/a>&nbsp;&nbsp;Di\u00e1rio de Not\u00edcias<\/li>\n<li><a href=\"https:\/\/news.google.com\/rss\/articles\/CBMi0wFBVV95cUxQMmVoMFJNT2Uyd2RJQVIyQnVqb1BUdG0yaURhR215dUFZRUN0aWpCSnU0dnVuNUhOVUdndWRqUnVwSGFTT1d6aGpZRlVMa01kMTMwLTJLdkVHanFuWlJVU05ZT2VGanM0b21aekdXaERXbkVlVzhkT2U4dEhMVERZUTZLRmdpS1RORXd2WndmaGM2TmRtcUJpUGhuV3AtaTFCenFxbzY3NUFONjl1Y3lsVUlaM1dmLUtKdzA0cng3Y0dLNHU4ZzRSSGlpODR4N0VmZmZ3?oc=5\" target=\"_blank\" rel=\"nofollow noopener\">MEO quer negociar a sa\u00edda de mais de mil trabalhadores at\u00e9 ao final do ano<\/a>&nbsp;&nbsp;MSN<\/li>\n<li><a href=\"https:\/\/news.google.com\/rss\/articles\/CBMiiwFBVV95cUxPOFJWbkZlam83eVFtRmZmTGczaldSaFM0Rm5QRGdxLThNSnVuOWtNOXU4NlQ4RlVfdFpZZWtJakwxNDVRUGFpUF9abTNweFBoTGlqZXFiTnpHNkMwWE1QRTJhOFBTNlp2YVYzNFlpUE9vUTFBRnpwMy1acDcyaDJQTUx6NVVPQkpQTWlj?oc=5\" target=\"_blank\" rel=\"nofollow noopener\">MEO Quer Sa\u00edda De 1.200 Trabalhadores Por M\u00fatuo Acordo<\/a>&nbsp;&nbsp;revista.tempo.co.mz<\/li>\n<li><a href=\"https:\/\/news.google.com\/rss\/articles\/CBMirAFBVV95cUxOYk1xaV9NdS00MFg2S001T0hIcHhBMHBjeGZmX0VCSEVHV3JBUkwwenZORHF0ZWU2Vm9VcDU4Q2lyU05qdmF1ZUI3dUphVEZfalRVQ1ZTaExPNWhxSXcyMjNGaFBJQl83a1EyWG1EbGY4UEU1QVpaVUl0ZzY2RmJ3NnEwZ1pBQ1VGd1FFblhnSkpRQ0dMdVdMUTNJOFlpcHNMWFhYVWhzbDlkbmRp?oc=5\" target=\"_blank\" rel=\"nofollow noopener\">Reestrutura\u00e7\u00e3o da MEO \u00e9 um sinal dos tempos que se aproximam<\/a>&nbsp;&nbsp;SAPO<\/li>\n<\/ol>\n","protected":false},"excerpt":{"rendered":"Meo pede estatuto especial e espera sa\u00edda de 1.200 trabalhadores por m\u00fatuo acordo&nbsp;&nbsp;ECO Meo pede estatuto especial e&hellip;\n","protected":false},"author":2,"featured_media":416705,"comment_status":"","ping_status":"","sticky":false,"template":"","format":"standard","meta":{"footnotes":"","_share_on_mastodon":"0"},"categories":[83],"tags":[88,89,90,32,33,8649,849],"class_list":["post-416704","post","type-post","status-publish","format-standard","has-post-thumbnail","category-empresas","tag-business","tag-economy","tag-empresas","tag-portugal","tag-pt","tag-telecomunicacoes","tag-trabalho"],"share_on_mastodon":{"url":"https:\/\/pubeurope.com\/@pt\/116744607834835806","error":""},"_links":{"self":[{"href":"https:\/\/www.europesays.com\/pt\/wp-json\/wp\/v2\/posts\/416704","targetHints":{"allow":["GET"]}}],"collection":[{"href":"https:\/\/www.europesays.com\/pt\/wp-json\/wp\/v2\/posts"}],"about":[{"href":"https:\/\/www.europesays.com\/pt\/wp-json\/wp\/v2\/types\/post"}],"author":[{"embeddable":true,"href":"https:\/\/www.europesays.com\/pt\/wp-json\/wp\/v2\/users\/2"}],"replies":[{"embeddable":true,"href":"https:\/\/www.europesays.com\/pt\/wp-json\/wp\/v2\/comments?post=416704"}],"version-history":[{"count":0,"href":"https:\/\/www.europesays.com\/pt\/wp-json\/wp\/v2\/posts\/416704\/revisions"}],"wp:featuredmedia":[{"embeddable":true,"href":"https:\/\/www.europesays.com\/pt\/wp-json\/wp\/v2\/media\/416705"}],"wp:attachment":[{"href":"https:\/\/www.europesays.com\/pt\/wp-json\/wp\/v2\/media?parent=416704"}],"wp:term":[{"taxonomy":"category","embeddable":true,"href":"https:\/\/www.europesays.com\/pt\/wp-json\/wp\/v2\/categories?post=416704"},{"taxonomy":"post_tag","embeddable":true,"href":"https:\/\/www.europesays.com\/pt\/wp-json\/wp\/v2\/tags?post=416704"}],"curies":[{"name":"wp","href":"https:\/\/api.w.org\/{rel}","templated":true}]}}