{"id":416722,"date":"2026-06-13T20:22:12","date_gmt":"2026-06-13T20:22:12","guid":{"rendered":"https:\/\/www.europesays.com\/pt\/416722\/"},"modified":"2026-06-13T20:22:12","modified_gmt":"2026-06-13T20:22:12","slug":"orban-reeleito-presidente-do-fidesz-apos-derrota-de-abril","status":"publish","type":"post","link":"https:\/\/www.europesays.com\/pt\/416722\/","title":{"rendered":"Orb\u00e1n reeleito presidente do Fidesz ap\u00f3s derrota de abril"},"content":{"rendered":"\n<p>&#13;<br \/>\nO ultranacionalista Viktor Orb\u00e1n, primeiro-ministro da Hungria de 2010 at\u00e9 maio passado, foi hoje reeleito presidente do Fidesz, no primeiro congresso do partido desde a sua derrota nas elei\u00e7\u00f5es parlamentares de abril, contra o partido conservador Tisza.&#13;\n<\/p>\n<p>&#13;<br \/>\nOrb\u00e1n, de 63 anos, disse aos delegados do partido reunidos em Budapeste que &#8220;nunca&#8221; desistiria e que, embora o Fidesz n\u00e3o seja atualmente um partido bem-sucedido, precisa de recuperar e renovar-se nos pr\u00f3ximos meses.&#13;\n<\/p>\n<p>&#13;<br \/>\nApesar de se terem ouvido algumas vozes cr\u00edticas no congresso, Orb\u00e1n foi mais uma vez o \u00fanico candidato \u00e0 presid\u00eancia do partido, recebendo o apoio de 729 dos 737 delegados, segundo a H\u00edrTV.&#13;\n<\/p>\n<p>&#13;<br \/>\nA reuni\u00e3o magna do Fidesz ocorreu dois meses ap\u00f3s a hist\u00f3rica derrota do partido, quando o l\u00edder do Tisza, P\u00e9ter Magyar, p\u00f4s fim aos 16 anos de governo de Orb\u00e1n.&#13;\n<\/p>\n<p>&#13;<br \/>\nAntes das elei\u00e7\u00f5es, o grupo parlamentar do Fidesz detinha 133 dos 199 lugares, enquanto no atual Parlamento det\u00e9m apenas 52, em compara\u00e7\u00e3o com os 141 do Tisza.&#13;\n<\/p>\n<p>&#13;<br \/>\n&#8220;Sou respons\u00e1vel pelos erros estrat\u00e9gicos e n\u00e3o qualquer outra pessoa&#8221;, admitiu Orb\u00e1n aos delegados, depois de afirmar que &#8220;a Hungria teve 16 anos fant\u00e1sticos&#8221; sob o seu Governo.&#13;\n<\/p>\n<p>&#13;<br \/>\nSegundo o ultranacionalista, eleito para um mandato de um ano, o Fidesz &#8220;ainda n\u00e3o est\u00e1 preparado para ser um partido da oposi\u00e7\u00e3o bem-sucedido&#8221; e, por isso, ter\u00e1 de trabalhar arduamente nos pr\u00f3ximos meses para &#8220;estar preparado para quando o Governo (Magyar) falhar e o povo se cansar dele&#8221;.&#13;\n<\/p>\n<p>&#13;<br \/>\nOrb\u00e1n lidera o Fidesz desde 1993, com exce\u00e7\u00e3o de um per\u00edodo de tr\u00eas anos, entre 2000 e 2003.&#13;\n<\/p>\n<p>&#13;<br \/>\nNum documento publicado por ocasi\u00e3o do congresso de hoje, Orb\u00e1n afirma que &#8220;a Uni\u00e3o Europeia representa atualmente o maior perigo para a soberania da Hungria&#8221;.&#13;\n<\/p>\n<p>&#13;<br \/>\nO l\u00edder do Fidesz vai participar na quarta-feira numa reuni\u00e3o do grupo ultraconservador de eurodeputados Patriotas pela Europa, que ele pr\u00f3prio fundou h\u00e1 dois anos.&#13;\n<\/p>\n<p>&#13;<br \/>\nEmbora Orb\u00e1n ainda mantenha o controlo dentro do Fidesz, um regresso ao poder parece cada vez mais improv\u00e1vel depois de Tisza ter apresentado ao Parlamento, h\u00e1 poucos dias, um projeto de lei que limita os mandatos dos primeiros-ministros.&#13;\n<\/p>\n<p>&#13;<br \/>\nA altera\u00e7\u00e3o, que \u00e9 retroativa, estipula que os primeiros-ministros na Hungria s\u00f3 podem cumprir dois mandatos de quatro anos.&#13;\n<\/p>\n<p>&#13;<br \/>\nOrb\u00e1n esteve no poder durante cinco mandatos, quatro deles consecutivos, entre 2010 e 2026.&#13;<\/p>\n","protected":false},"excerpt":{"rendered":"&#13; O ultranacionalista Viktor Orb\u00e1n, primeiro-ministro da Hungria de 2010 at\u00e9 maio passado, foi hoje reeleito presidente do&hellip;\n","protected":false},"author":2,"featured_media":416723,"comment_status":"","ping_status":"","sticky":false,"template":"","format":"standard","meta":{"footnotes":"","_share_on_mastodon":"0"},"categories":[50],"tags":[27,28,25181,15,16,50145,14,1991,25,26,21,22,62,12,13,19,20,23,24,68105,17,18,29,30,31,63,64,65],"class_list":["post-416722","post","type-post","status-publish","format-standard","has-post-thumbnail","category-mundo","tag-breaking-news","tag-breakingnews","tag-budapeste","tag-featured-news","tag-featurednews","tag-fidesz","tag-headlines","tag-hungria","tag-latest-news","tag-latestnews","tag-main-news","tag-mainnews","tag-mundo","tag-news","tag-noticias","tag-noticias-principais","tag-noticiasprincipais","tag-principais-noticias","tag-principaisnoticias","tag-tisza-orban","tag-top-stories","tag-topstories","tag-ultimas","tag-ultimas-noticias","tag-ultimasnoticias","tag-world","tag-world-news","tag-worldnews"],"share_on_mastodon":{"url":"https:\/\/pubeurope.com\/@pt\/116744666874121172","error":""},"_links":{"self":[{"href":"https:\/\/www.europesays.com\/pt\/wp-json\/wp\/v2\/posts\/416722","targetHints":{"allow":["GET"]}}],"collection":[{"href":"https:\/\/www.europesays.com\/pt\/wp-json\/wp\/v2\/posts"}],"about":[{"href":"https:\/\/www.europesays.com\/pt\/wp-json\/wp\/v2\/types\/post"}],"author":[{"embeddable":true,"href":"https:\/\/www.europesays.com\/pt\/wp-json\/wp\/v2\/users\/2"}],"replies":[{"embeddable":true,"href":"https:\/\/www.europesays.com\/pt\/wp-json\/wp\/v2\/comments?post=416722"}],"version-history":[{"count":0,"href":"https:\/\/www.europesays.com\/pt\/wp-json\/wp\/v2\/posts\/416722\/revisions"}],"wp:featuredmedia":[{"embeddable":true,"href":"https:\/\/www.europesays.com\/pt\/wp-json\/wp\/v2\/media\/416723"}],"wp:attachment":[{"href":"https:\/\/www.europesays.com\/pt\/wp-json\/wp\/v2\/media?parent=416722"}],"wp:term":[{"taxonomy":"category","embeddable":true,"href":"https:\/\/www.europesays.com\/pt\/wp-json\/wp\/v2\/categories?post=416722"},{"taxonomy":"post_tag","embeddable":true,"href":"https:\/\/www.europesays.com\/pt\/wp-json\/wp\/v2\/tags?post=416722"}],"curies":[{"name":"wp","href":"https:\/\/api.w.org\/{rel}","templated":true}]}}