{"id":416935,"date":"2026-06-14T00:22:01","date_gmt":"2026-06-14T00:22:01","guid":{"rendered":"https:\/\/www.europesays.com\/pt\/416935\/"},"modified":"2026-06-14T00:22:01","modified_gmt":"2026-06-14T00:22:01","slug":"vacina-contra-gripe-sera-aplicada-em-igrejas-e-capelas-de-botucatu-neste-domingo","status":"publish","type":"post","link":"https:\/\/www.europesays.com\/pt\/416935\/","title":{"rendered":"Vacina contra gripe ser\u00e1 aplicada em igrejas e capelas de Botucatu neste domingo"},"content":{"rendered":"<p>                        &#13;<br \/>\n                <a href=\"https:\/\/acontecebotucatu.com.br\/categoria\/cidade\/\" style=\"color: #a2302b;\" rel=\"nofollow noopener\" target=\"_blank\">&#13;<br \/>\n                    &#13;<br \/>\n                    Cidade                <\/a>&#13;<\/p>\n<p>            <img decoding=\"async\" class=\"lazy\" src=\"https:\/\/www.europesays.com\/pt\/wp-content\/uploads\/2026\/06\/calendar.png\" alt=\"Vacina contra gripe ser\u00e1 aplicada em igrejas e capelas de Botucatu neste domingo\"\/> 13 junho 2026<\/p>\n<p>A\u00e7\u00e3o da Secretaria de Sa\u00fade levar\u00e1 doses da vacina contra a Influenza a 10 igrejas e capelas da cidade para ampliar a cobertura vacinal<\/p>\n<p><img loading=\"lazy\" decoding=\"async\" width=\"1166\" height=\"874\" src=\"https:\/\/www.europesays.com\/pt\/wp-content\/uploads\/2026\/06\/IMG_6520.JPG.jpeg\" alt=\"\" class=\"wp-image-275614 lazy\"  data-\/><\/p>\n<p>A Secretaria Municipal de Sa\u00fade de Botucatu promover\u00e1 neste domingo, 14 de junho, uma a\u00e7\u00e3o especial de vacina\u00e7\u00e3o contra a Influenza em igrejas e capelas do munic\u00edpio. A iniciativa ocorrer\u00e1 durante a manh\u00e3, logo ap\u00f3s missas e cultos, com o objetivo de facilitar o acesso da popula\u00e7\u00e3o \u00e0 imuniza\u00e7\u00e3o e ampliar a cobertura vacinal.<\/p>\n<p>A mobiliza\u00e7\u00e3o acontece em um per\u00edodo de maior circula\u00e7\u00e3o de v\u00edrus respirat\u00f3rios, comum durante os meses mais frios do ano. Segundo a Secretaria de Sa\u00fade, a vacina \u00e9 uma das principais formas de preven\u00e7\u00e3o contra casos graves de gripe, reduzindo o risco de complica\u00e7\u00f5es, interna\u00e7\u00f5es e \u00f3bitos relacionados \u00e0 doen\u00e7a.<\/p>\n<p>A vacina\u00e7\u00e3o est\u00e1 liberada para toda a popula\u00e7\u00e3o a partir dos seis meses de idade. Para receber a dose, \u00e9 necess\u00e1rio apresentar um documento oficial com foto. Menores de idade dever\u00e3o estar acompanhados por um respons\u00e1vel legal.<\/p>\n<p>Confira os locais e hor\u00e1rios da vacina\u00e7\u00e3o<\/p>\n<p><strong>7h30<\/strong><\/p>\n<ul>\n<li>Igreja S\u00e3o Pio X \u2013 Rua Jos\u00e9 Ventrela, Jardim Reflorenda<\/li>\n<\/ul>\n<p><strong>8 horas<\/strong><\/p>\n<ul>\n<li>Par\u00f3quia Sagrada Fam\u00edlia \u2013 Rua Carlos Bauer Filho, Jardim Brasil<\/li>\n<li>Par\u00f3quia Sant\u00edssimo Sacramento \u2013 Rua Benedito Matias da Penha, Comerci\u00e1rios<\/li>\n<li>Par\u00f3quia Nossa Senhora Menina \u2013 Rua Jo\u00e3o Morato da Concei\u00e7\u00e3o, Vila Maria<\/li>\n<li>Capela S\u00e3o Crist\u00f3v\u00e3o \u2013 Rua Jo\u00e3o de Oliveira, Jardim Para\u00edso II<\/li>\n<\/ul>\n<p><strong>8h30<\/strong><\/p>\n<ul>\n<li>Igreja Sagrado Cora\u00e7\u00e3o de Jesus \u2013 Pra\u00e7a Cavalheiro Virg\u00ednio Lunardi, Vila dos Lavradores<\/li>\n<li>Igreja Nossa Senhora de F\u00e1tima \u2013 Rua Nossa Senhora de F\u00e1tima, Vila Ant\u00e1rtica<\/li>\n<\/ul>\n<p><strong>10 horas<\/strong><\/p>\n<ul>\n<li>Igreja Batista Filad\u00e9lfia \u2013 Rua Eug\u00eanio Herbst, Jardim Reflorenda<\/li>\n<li>Capela Nossa Senhora das Dores \u2013 Avenida Professor Ant\u00f4nio Sidney Ribeiro de Faria, Jardim Maria Luiza<\/li>\n<li>Par\u00f3quia Divino Pai Eterno \u2013 Rua Leonilda Varoli Faconti, Jardim Monte Mor<\/li>\n<\/ul>\n<p>A Secretaria de Sa\u00fade refor\u00e7a a import\u00e2ncia de que crian\u00e7as, adultos e idosos mantenham a vacina\u00e7\u00e3o em dia, contribuindo para a prote\u00e7\u00e3o individual e coletiva durante o per\u00edodo de inverno. A expectativa \u00e9 que a a\u00e7\u00e3o facilite o acesso da comunidade \u00e0 imuniza\u00e7\u00e3o e fortale\u00e7a as medidas de preven\u00e7\u00e3o \u00e0s doen\u00e7as respirat\u00f3rias no munic\u00edpio.<\/p>\n<p>                                Compartilhe esta not\u00edcia<\/p>\n","protected":false},"excerpt":{"rendered":"&#13; &#13; &#13; Cidade &#13; 13 junho 2026 A\u00e7\u00e3o da Secretaria de Sa\u00fade levar\u00e1 doses da vacina contra&hellip;\n","protected":false},"author":2,"featured_media":416936,"comment_status":"","ping_status":"","sticky":false,"template":"","format":"standard","meta":{"footnotes":"","_share_on_mastodon":"0"},"categories":[86],"tags":[34837,1661,116,32,33,117,29],"class_list":["post-416935","post","type-post","status-publish","format-standard","has-post-thumbnail","category-saude","tag-botucatu","tag-destaque","tag-health","tag-portugal","tag-pt","tag-saude","tag-ultimas"],"share_on_mastodon":{"url":"https:\/\/pubeurope.com\/@pt\/116745610982535027","error":""},"_links":{"self":[{"href":"https:\/\/www.europesays.com\/pt\/wp-json\/wp\/v2\/posts\/416935","targetHints":{"allow":["GET"]}}],"collection":[{"href":"https:\/\/www.europesays.com\/pt\/wp-json\/wp\/v2\/posts"}],"about":[{"href":"https:\/\/www.europesays.com\/pt\/wp-json\/wp\/v2\/types\/post"}],"author":[{"embeddable":true,"href":"https:\/\/www.europesays.com\/pt\/wp-json\/wp\/v2\/users\/2"}],"replies":[{"embeddable":true,"href":"https:\/\/www.europesays.com\/pt\/wp-json\/wp\/v2\/comments?post=416935"}],"version-history":[{"count":0,"href":"https:\/\/www.europesays.com\/pt\/wp-json\/wp\/v2\/posts\/416935\/revisions"}],"wp:featuredmedia":[{"embeddable":true,"href":"https:\/\/www.europesays.com\/pt\/wp-json\/wp\/v2\/media\/416936"}],"wp:attachment":[{"href":"https:\/\/www.europesays.com\/pt\/wp-json\/wp\/v2\/media?parent=416935"}],"wp:term":[{"taxonomy":"category","embeddable":true,"href":"https:\/\/www.europesays.com\/pt\/wp-json\/wp\/v2\/categories?post=416935"},{"taxonomy":"post_tag","embeddable":true,"href":"https:\/\/www.europesays.com\/pt\/wp-json\/wp\/v2\/tags?post=416935"}],"curies":[{"name":"wp","href":"https:\/\/api.w.org\/{rel}","templated":true}]}}