{"id":41694,"date":"2025-08-23T15:00:08","date_gmt":"2025-08-23T15:00:08","guid":{"rendered":"https:\/\/www.europesays.com\/pt\/41694\/"},"modified":"2025-08-23T15:00:08","modified_gmt":"2025-08-23T15:00:08","slug":"hidrata-igual-a-agua-normal-a-ciencia-responde-a-principal-duvida-sobre-a-agua-com-gas-e-mais-4-mitos","status":"publish","type":"post","link":"https:\/\/www.europesays.com\/pt\/41694\/","title":{"rendered":"Hidrata igual \u00e0 \u00e1gua normal? A ci\u00eancia responde a principal d\u00favida sobre a \u00e1gua com g\u00e1s (e mais 4 mitos)"},"content":{"rendered":"<p>A \u00e1gua com g\u00e1s vem ganhando espa\u00e7o entre quem busca manter a hidrata\u00e7\u00e3o sem apelar para refrigerantes ou bebidas a\u00e7ucaradas.<\/p>\n<p>Continua depois da publicidade<\/p>\n<p>O gosto suave e a sensa\u00e7\u00e3o das bolhas agradam muitos consumidores. Mas ser\u00e1 que seu efeito no corpo \u00e9 o mesmo da \u00e1gua comum?<\/p>\n<p><a href=\"https:\/\/www.europesays.com\/pt\/wp-content\/uploads\/2025\/08\/Pode-beber-sua-agua-com-gas-sem-culpa-a-verdade-sobre-o-mito-de-que-ela-faz-mal-aos-ossos-e-dentes-1.jpeg\"><img fetchpriority=\"high\" decoding=\"async\" width=\"1200\" height=\"675\" src=\"https:\/\/www.europesays.com\/pt\/wp-content\/uploads\/2025\/08\/Pode-beber-sua-agua-com-gas-sem-culpa-a-verdade-sobre-o-mito-de-que-ela-faz-mal-aos-ossos-e-dentes-1.jpeg\" alt=\"Pode beber sua \u00e1gua com g\u00e1s sem culpa a verdade sobre o mito de que ela faz mal aos ossos e dentes (1)\" class=\"wp-image-7622438\"  \/><\/a>Pode beber sua \u00e1gua com g\u00e1s sem culpa a verdade sobre o mito de que ela faz mal aos ossos e dentesO que a ci\u00eancia aponta<\/p>\n<p>As evid\u00eancias indicam que sim. Apesar da efervesc\u00eancia, do sabor e da textura diferentes, no fim, ela \u00e9 basicamente \u00e1gua.<\/p>\n<p>Um levantamento publicado em 2016 no The American Journal of Clinical Nutrition avaliou o efeito de 13 tipos de bebidas sobre a hidrata\u00e7\u00e3o.<\/p>\n<p>Continua depois da publicidade<\/p>\n<p>Os pesquisadores mediram a reten\u00e7\u00e3o de l\u00edquidos e compararam a produ\u00e7\u00e3o de urina, constatando que a \u00e1gua gaseificada hidrata de forma equivalente \u00e0 natural.<\/p>\n<p>O resultado foi semelhante ao de certas bebidas, como alguns ch\u00e1s e refrigerantes, desde que tenham pouco a\u00e7\u00facar ou cafe\u00edna. O motivo \u00e9 simples: ambas s\u00e3o compostas quase inteiramente por H\u2082O.<\/p>\n<p>A \u00fanica distin\u00e7\u00e3o \u00e9 a adi\u00e7\u00e3o de di\u00f3xido de carbono, que forma o \u00e1cido carb\u00f4nico e d\u00e1 origem \u00e0s bolhas. Isso n\u00e3o interfere na absor\u00e7\u00e3o da \u00e1gua pelo organismo.<\/p>\n<p>Continua depois da publicidade<\/p>\n<p>Soda e \u00e1gua gaseificada: entenda a diferen\u00e7a<\/p>\n<p>Embora muita gente confunda, n\u00e3o s\u00e3o iguais. \u201c\u00c1gua com g\u00e1s\u201d inclui tanto as vers\u00f5es naturalmente gaseificadas, como certas \u00e1guas minerais, quanto as gaseificadas artificialmente.<\/p>\n<p>A soda, por sua vez, \u00e9 um tipo espec\u00edfico de \u00e1gua com g\u00e1s \u00e0 qual se adicionam minerais como bicarbonato de s\u00f3dio ou cloreto de pot\u00e1ssio, o que lhe confere leve sabor salgado. A capacidade de hidratar \u00e9 a mesma, mas o gosto muda.<\/p>\n<p>Mais importante que o tipo \u00e9 a quantidade<\/p>\n<p>Segundo Grace Derocha, nutricionista e porta-voz da Academia de Nutri\u00e7\u00e3o e Diet\u00e9tica dos EUA, em entrevista ao Washington Post, o ponto central n\u00e3o \u00e9 se a \u00e1gua tem ou n\u00e3o g\u00e1s, mas sim o volume consumido.<\/p>\n<p>Continua depois da publicidade<\/p>\n<p>\u201cPara algumas pessoas, as bolhas tornam a experi\u00eancia mais agrad\u00e1vel, fazendo com que bebam mais. E beber mais, seja com ou sem g\u00e1s, \u00e9 o que realmente melhora a hidrata\u00e7\u00e3o\u201d, explicou.<\/p>\n<p>Indiv\u00edduos com refluxo, excesso de gases ou tend\u00eancia a incha\u00e7o podem sentir desconforto ao consumir grandes quantidades da vers\u00e3o gaseificada.<\/p>\n<p>Mesmo assim, n\u00e3o h\u00e1 sinais de que ela prejudique a digest\u00e3o no geral. Pesquisas at\u00e9 sugerem que possa trazer benef\u00edcios em casos leves de pris\u00e3o de ventre ou digest\u00e3o lenta.<\/p>\n<p>Continua depois da publicidade<\/p>\n<p>Sobre a acidez e os mitos<\/p>\n<p>H\u00e1 quem acredite que a \u00e1gua gaseificada prejudique ossos ou dentes, mas isso n\u00e3o se confirma. Apesar de levemente mais \u00e1cida que a natural, seu pH \u00e9 muito menos agressivo que o de refrigerantes ou sucos c\u00edtricos.<\/p>\n<p>Pesquisas da Universidade do Alabama mediram o pH de diferentes marcas e descobriram que, na maioria dos casos, ele se mant\u00e9m acima de 4.<\/p>\n<p>Esse \u00e9 o ponto de corte para a eros\u00e3o do esmalte dent\u00e1rio. Assim, se o pH estiver acima disso e n\u00e3o houver adi\u00e7\u00e3o de aromas c\u00edtricos, o risco para os dentes \u00e9 pequeno, mesmo com consumo frequente.<\/p>\n<p>Continua depois da publicidade<\/p>\n<p>J\u00e1 no caso dos ossos, estudos que relacionam refrigerantes \u00e0 perda de densidade mineral apontam como respons\u00e1vel o \u00e1cido fosf\u00f3rico presente nas colas, e n\u00e3o o g\u00e1s. A \u00e1gua com g\u00e1s pura n\u00e3o apresentou impacto negativo.<\/p>\n<p>E no caso de gestantes e crian\u00e7as?<\/p>\n<p>O consumo \u00e9 considerado seguro na gesta\u00e7\u00e3o e na inf\u00e2ncia, desde que n\u00e3o provoque desconforto. Em algumas situa\u00e7\u00f5es, pode gerar maior sensa\u00e7\u00e3o de saciedade ou aumentar a frequ\u00eancia de arrotos, mas n\u00e3o h\u00e1 riscos conhecidos.<\/p>\n<p>No fim, para hidratar, tanto a \u00e1gua gaseificada quanto a natural cumprem o mesmo papel. A escolha depende do paladar, da toler\u00e2ncia do organismo e do h\u00e1bito.<\/p>\n<p>Continua depois da publicidade<\/p>\n<p>Leia tamb\u00e9m<\/p>\n<p><a href=\"https:\/\/www.nsctotal.com.br\/noticias\/sente-que-seu-foco-derreteu-a-culpa-pode-ser-do-brain-rot-o-efeito-dos-videos-curtos-no-seu-cerebro\" target=\"_blank\" rel=\"noreferrer noopener nofollow\"><strong>Sente que seu foco \u2018derreteu\u2019? A culpa pode ser do \u2018brain rot\u2019, o efeito dos v\u00eddeos curtos no seu c\u00e9rebro<\/strong><\/a><\/p>\n<p><a href=\"https:\/\/www.nsctotal.com.br\/noticias\/caso-inedito-na-medicina-o-parasita-de-piton-que-foi-encontrado-vivo-no-cerebro-de-uma-humana\" target=\"_blank\" rel=\"noreferrer noopener nofollow\"><strong>Caso in\u00e9dito na medicina: o parasita de p\u00edton que foi encontrado vivo no c\u00e9rebro de uma humana<\/strong><\/a><\/p>\n<p><strong><a href=\"https:\/\/cbntotal.com.br\/bem-estar\/o-perfume-que-o-escorpiao-amarelo-odeia-e-que-voce-pode-ter-no-seu-jardim\/\" target=\"_blank\" rel=\"noreferrer noopener nofollow\">O \u2018perfume\u2019 que o escorpi\u00e3o-amarelo odeia e que voc\u00ea pode ter no seu jardim<\/a><\/strong><\/p>\n","protected":false},"excerpt":{"rendered":"A \u00e1gua com g\u00e1s vem ganhando espa\u00e7o entre quem busca manter a hidrata\u00e7\u00e3o sem apelar para refrigerantes ou&hellip;\n","protected":false},"author":2,"featured_media":41695,"comment_status":"","ping_status":"","sticky":false,"template":"","format":"standard","meta":{"footnotes":""},"categories":[86],"tags":[116,32,33,117,794],"class_list":{"0":"post-41694","1":"post","2":"type-post","3":"status-publish","4":"format-standard","5":"has-post-thumbnail","7":"category-saude","8":"tag-health","9":"tag-portugal","10":"tag-pt","11":"tag-saude","12":"tag-voce-viu"},"share_on_mastodon":{"url":"","error":""},"_links":{"self":[{"href":"https:\/\/www.europesays.com\/pt\/wp-json\/wp\/v2\/posts\/41694","targetHints":{"allow":["GET"]}}],"collection":[{"href":"https:\/\/www.europesays.com\/pt\/wp-json\/wp\/v2\/posts"}],"about":[{"href":"https:\/\/www.europesays.com\/pt\/wp-json\/wp\/v2\/types\/post"}],"author":[{"embeddable":true,"href":"https:\/\/www.europesays.com\/pt\/wp-json\/wp\/v2\/users\/2"}],"replies":[{"embeddable":true,"href":"https:\/\/www.europesays.com\/pt\/wp-json\/wp\/v2\/comments?post=41694"}],"version-history":[{"count":0,"href":"https:\/\/www.europesays.com\/pt\/wp-json\/wp\/v2\/posts\/41694\/revisions"}],"wp:featuredmedia":[{"embeddable":true,"href":"https:\/\/www.europesays.com\/pt\/wp-json\/wp\/v2\/media\/41695"}],"wp:attachment":[{"href":"https:\/\/www.europesays.com\/pt\/wp-json\/wp\/v2\/media?parent=41694"}],"wp:term":[{"taxonomy":"category","embeddable":true,"href":"https:\/\/www.europesays.com\/pt\/wp-json\/wp\/v2\/categories?post=41694"},{"taxonomy":"post_tag","embeddable":true,"href":"https:\/\/www.europesays.com\/pt\/wp-json\/wp\/v2\/tags?post=41694"}],"curies":[{"name":"wp","href":"https:\/\/api.w.org\/{rel}","templated":true}]}}