{"id":416958,"date":"2026-06-14T00:59:12","date_gmt":"2026-06-14T00:59:12","guid":{"rendered":"https:\/\/www.europesays.com\/pt\/416958\/"},"modified":"2026-06-14T00:59:12","modified_gmt":"2026-06-14T00:59:12","slug":"pai-de-angelina-jolie-jon-voight-mal-fala-com-a-filha-e-teme-afastamento-definitivo-apos-mudanca-da-atriz","status":"publish","type":"post","link":"https:\/\/www.europesays.com\/pt\/416958\/","title":{"rendered":"Pai de Angelina Jolie, Jon Voight mal fala com a filha e teme afastamento definitivo ap\u00f3s mudan\u00e7a da atriz"},"content":{"rendered":"\n<p class=\" content-text__container theme-color-primary-first-letter\" data-track-category=\"Link no Texto\" data-track-links=\"\"> A j\u00e1 conturbada rela\u00e7\u00e3o entre <a class=\"\" href=\"https:\/\/oglobo.globo.com\/tudo-sobre\/personalidade\/angelina-jolie\/\" rel=\"nofollow noopener\" target=\"_blank\">Angelina Jolie<\/a> e seu pai, Jon Voight, pode enfrentar um novo cap\u00edtulo de distanciamento. O ator de 87 anos estaria preocupado com os planos da filha de deixar Los Angeles nos pr\u00f3ximos meses, movimento que poderia tornar ainda mais raro o contato entre os dois. <\/p>\n<p class=\" content-text__container \" data-track-category=\"Link no Texto\" data-track-links=\"\"> De acordo com a imprensa americana, Voight e Angelina mant\u00eam atualmente um relacionamento marcado por contatos espor\u00e1dicos, e a conviv\u00eancia entre pai e filha seria &#8220;m\u00ednima ou inexistente&#8221; em determinados per\u00edodos, apesar das tentativas de reaproxima\u00e7\u00e3o ao longo dos anos. <\/p>\n<p class=\" content-text__container \" data-track-category=\"Link no Texto\" data-track-links=\"\"> Apesar do distanciamento, Voight n\u00e3o teria desistido da rela\u00e7\u00e3o. Segundo uma fonte ouvida pelo National Enquirer, o ator costuma enviar mensagens em anivers\u00e1rios e datas comemorativas, al\u00e9m de procurar not\u00edcias sobre os netos. &#8220;Ele continua entrando em contato e espera que um dia eles consigam deixar as diferen\u00e7as de lado e passar mais tempo juntos&#8221;, afirmou a fonte. <\/p>\n","protected":false},"excerpt":{"rendered":"A j\u00e1 conturbada rela\u00e7\u00e3o entre Angelina Jolie e seu pai, Jon Voight, pode enfrentar um novo cap\u00edtulo de&hellip;\n","protected":false},"author":2,"featured_media":416959,"comment_status":"","ping_status":"","sticky":false,"template":"","format":"standard","meta":{"footnotes":"","_share_on_mastodon":"0"},"categories":[145],"tags":[20808,8151,211,210,114,115,32,33],"class_list":["post-416958","post","type-post","status-publish","format-standard","has-post-thumbnail","category-celebridades","tag-angelina-jolie","tag-brad-pitt","tag-celebridades","tag-celebrities","tag-entertainment","tag-entretenimento","tag-portugal","tag-pt"],"share_on_mastodon":{"url":"https:\/\/pubeurope.com\/@pt\/116745756157718493","error":""},"_links":{"self":[{"href":"https:\/\/www.europesays.com\/pt\/wp-json\/wp\/v2\/posts\/416958","targetHints":{"allow":["GET"]}}],"collection":[{"href":"https:\/\/www.europesays.com\/pt\/wp-json\/wp\/v2\/posts"}],"about":[{"href":"https:\/\/www.europesays.com\/pt\/wp-json\/wp\/v2\/types\/post"}],"author":[{"embeddable":true,"href":"https:\/\/www.europesays.com\/pt\/wp-json\/wp\/v2\/users\/2"}],"replies":[{"embeddable":true,"href":"https:\/\/www.europesays.com\/pt\/wp-json\/wp\/v2\/comments?post=416958"}],"version-history":[{"count":0,"href":"https:\/\/www.europesays.com\/pt\/wp-json\/wp\/v2\/posts\/416958\/revisions"}],"wp:featuredmedia":[{"embeddable":true,"href":"https:\/\/www.europesays.com\/pt\/wp-json\/wp\/v2\/media\/416959"}],"wp:attachment":[{"href":"https:\/\/www.europesays.com\/pt\/wp-json\/wp\/v2\/media?parent=416958"}],"wp:term":[{"taxonomy":"category","embeddable":true,"href":"https:\/\/www.europesays.com\/pt\/wp-json\/wp\/v2\/categories?post=416958"},{"taxonomy":"post_tag","embeddable":true,"href":"https:\/\/www.europesays.com\/pt\/wp-json\/wp\/v2\/tags?post=416958"}],"curies":[{"name":"wp","href":"https:\/\/api.w.org\/{rel}","templated":true}]}}