{"id":417113,"date":"2026-06-14T06:30:19","date_gmt":"2026-06-14T06:30:19","guid":{"rendered":"https:\/\/www.europesays.com\/pt\/417113\/"},"modified":"2026-06-14T06:30:19","modified_gmt":"2026-06-14T06:30:19","slug":"suica-vota-em-referendo-limitacao-da-populacao-a-10-milhoes-observador","status":"publish","type":"post","link":"https:\/\/www.europesays.com\/pt\/417113\/","title":{"rendered":"Su\u00ed\u00e7a vota em referendo limita\u00e7\u00e3o da popula\u00e7\u00e3o a 10 milh\u00f5es \u2013 Observador"},"content":{"rendered":"<p>A Su\u00ed\u00e7a vai a votos durante este fim de semana para decidir em referendo se limita a popula\u00e7\u00e3o a 10 milh\u00f5es de habitantes.<\/p>\n<p>A vota\u00e7\u00e3o foi impulsionada pelo Partido Popular Su\u00ed\u00e7o (SVP), de extrema-direita, que aponta para uma \u201c<strong>iniciativa de sustentabilidade<\/strong>\u201d para o futuro do pa\u00eds e que tem gerado controv\u00e9rsia em torno da imigra\u00e7\u00e3o, \u00e0 boleia da press\u00e3o social sobre os setores da habita\u00e7\u00e3o e dos servi\u00e7os p\u00fablicos.<\/p>\n<p>Por outro lado, o Governo, restantes partidos, confedera\u00e7\u00f5es empresariais e sindicatos alertam, de acordo com a <a href=\"https:\/\/www.bbc.com\/news\/articles\/cx23kz7e76po\" rel=\"nofollow noopener\" target=\"_blank\">BBC<\/a>, para uma \u201c<strong>iniciativa do caos<\/strong>\u201c, ao salientarem que uma limita\u00e7\u00e3o desse tipo iria prejudicar a economia su\u00ed\u00e7a e as condi\u00e7\u00f5es de vida da popula\u00e7\u00e3o.<\/p>\n<p>Caso o \u2018Sim\u2019 \u00e0 limita\u00e7\u00e3o se imponha na vota\u00e7\u00e3o, o Governo su\u00ed\u00e7o ficaria obrigado a adotar medidas para travar o crescimento da popula\u00e7\u00e3o at\u00e9 2050, n\u00e3o permitindo que fosse ultrapassado o limiar dos 10 milh\u00f5es. Entre as medidas preconizadas incluem-se restri\u00e7\u00f5es ao reagrupamento familiar, \u00e0s autoriza\u00e7\u00f5es de resid\u00eancia e ao deferimento de pedidos de asilo, se forem atingidos os 9,5 milh\u00f5es de habitantes at\u00e9 essa data.<\/p>\n<p>Segundo dados da embaixada de Portugal no pa\u00eds, a <strong>comunidade portuguesa \u00e9 a terceira comunidade estrangeira<\/strong> mais relevante na Su\u00ed\u00e7a, atingindo no final do ano passado mais de 264 mil residentes permanentes.<\/p>\n<p>O cen\u00e1rio pode, todavia, traduzir-se em medidas mais dr\u00e1sticas, como a <strong>rescis\u00e3o do acordo de livre circula\u00e7\u00e3o do pa\u00eds com a Uni\u00e3o Europeia<\/strong>, se o pa\u00eds superar a fasquia dos 10 milh\u00f5es. Isso significaria que a Su\u00ed\u00e7a deixaria de ter acesso ao mercado \u00fanico comunit\u00e1rio.<\/p>\n<p>        <img src=\"https:\/\/www.europesays.com\/pt\/wp-content\/uploads\/2026\/06\/gettyimages-2278993999-scaled.jpg\" alt=\"\" loading=\"lazy\" decoding=\"async\" class=\"alignnone\" onload=\"this.parentElement.classList.remove('spinner')\" onerror=\"this.parentElement.classList.remove('spinner')\"\/><br \/>\n    AFP via Getty Images<\/p>\n<p>No final de 2025, as estat\u00edsticas oficiais da Su\u00ed\u00e7a, citadas pelo <a href=\"https:\/\/www.theguardian.com\/world\/2026\/jun\/13\/swiss-wait-to-hear-result-of-ballot-on-capping-population-at-10-million\" rel=\"nofollow noopener\" target=\"_blank\">The Guardian<\/a>, indicavam uma popula\u00e7\u00e3o em torno dos 9,1 milh\u00f5es de habitantes \u2014 6,6 milh\u00f5es de cidad\u00e3os su\u00ed\u00e7os e cerca de 2,5 milh\u00f5es de residentes nascidos no estrangeiro.<\/p>\n<p>A popula\u00e7\u00e3o tem crescido a um ritmo superior ao verificado nos pa\u00edses vizinhos, com um <strong>aumento de 23% desde 2002, ano em que tinha 7,3 milh\u00f5es de habitantes<\/strong> e em que o acordo de livre circula\u00e7\u00e3o entrou em vigor. Durante esse per\u00edodo, os dados do governo su\u00ed\u00e7o referem que o desempenho da economia refletiu um crescimento de 24%.<\/p>\n<p>De acordo com o The Guardian, o referendo tem sido um instrumento privilegiado pelo SVP no \u00e2mbito da democracia direta do pa\u00eds, que permite a vota\u00e7\u00e3o de iniciativas que garantam 100 mil assinaturas em 18 meses. Acentuando a t\u00f3nica anti-imigra\u00e7\u00e3o, o SVP assenta a iniciativa nas preocupa\u00e7\u00f5es de eleitores com os transportes, o pre\u00e7o das casas e a subida dos custos de sa\u00fade.<\/p>\n<p>As <strong>sondagens realizadas at\u00e9 ao momento indiciam uma vota\u00e7\u00e3o muito disputada<\/strong>, com uma pequena margem a favor do \u2018N\u00e3o\u2019 \u00e0 limita\u00e7\u00e3o da popula\u00e7\u00e3o, expressa em cerca de 52%. Contudo, alguns estudos de opini\u00e3o indicam tamb\u00e9m a exist\u00eancia de 45% de eleitores que seriam favor\u00e1veis \u00e0 limita\u00e7\u00e3o. Regista-se ainda um elevado n\u00famero de indecisos.<\/p>\n<p>As urnas estar\u00e3o abertas no domingo para o voto presencial, mas a esmagadora maioria dos votantes em referendos na Su\u00ed\u00e7a expressa o seu voto por correspond\u00eancia. A proposta de limita\u00e7\u00e3o s\u00f3 ser\u00e1 viabilizada se conseguir a maioria no voto popular e na maioria dos cant\u00f5es do pa\u00eds. Os resultados devem ser conhecidos ao final do dia de domingo.<\/p>\n","protected":false},"excerpt":{"rendered":"A Su\u00ed\u00e7a vai a votos durante este fim de semana para decidir em referendo se limita a popula\u00e7\u00e3o&hellip;\n","protected":false},"author":2,"featured_media":417114,"comment_status":"","ping_status":"","sticky":false,"template":"","format":"standard","meta":{"footnotes":"","_share_on_mastodon":"0"},"categories":[8],"tags":[27,28,20025,445,15,16,14,25,26,21,22,62,12,13,19,20,32,23,24,33,35982,58,11662,17,18,29,30,31],"class_list":["post-417113","post","type-post","status-publish","format-standard","has-post-thumbnail","category-principais-noticias","tag-breaking-news","tag-breakingnews","tag-emigrau00e7u00e3o","tag-europa","tag-featured-news","tag-featurednews","tag-headlines","tag-latest-news","tag-latestnews","tag-main-news","tag-mainnews","tag-mundo","tag-news","tag-noticias","tag-noticias-principais","tag-noticiasprincipais","tag-portugal","tag-principais-noticias","tag-principaisnoticias","tag-pt","tag-referendo","tag-sociedade","tag-suu00edu00e7a","tag-top-stories","tag-topstories","tag-ultimas","tag-ultimas-noticias","tag-ultimasnoticias"],"share_on_mastodon":{"url":"https:\/\/pubeurope.com\/@pt\/116747058140302439","error":""},"_links":{"self":[{"href":"https:\/\/www.europesays.com\/pt\/wp-json\/wp\/v2\/posts\/417113","targetHints":{"allow":["GET"]}}],"collection":[{"href":"https:\/\/www.europesays.com\/pt\/wp-json\/wp\/v2\/posts"}],"about":[{"href":"https:\/\/www.europesays.com\/pt\/wp-json\/wp\/v2\/types\/post"}],"author":[{"embeddable":true,"href":"https:\/\/www.europesays.com\/pt\/wp-json\/wp\/v2\/users\/2"}],"replies":[{"embeddable":true,"href":"https:\/\/www.europesays.com\/pt\/wp-json\/wp\/v2\/comments?post=417113"}],"version-history":[{"count":0,"href":"https:\/\/www.europesays.com\/pt\/wp-json\/wp\/v2\/posts\/417113\/revisions"}],"wp:featuredmedia":[{"embeddable":true,"href":"https:\/\/www.europesays.com\/pt\/wp-json\/wp\/v2\/media\/417114"}],"wp:attachment":[{"href":"https:\/\/www.europesays.com\/pt\/wp-json\/wp\/v2\/media?parent=417113"}],"wp:term":[{"taxonomy":"category","embeddable":true,"href":"https:\/\/www.europesays.com\/pt\/wp-json\/wp\/v2\/categories?post=417113"},{"taxonomy":"post_tag","embeddable":true,"href":"https:\/\/www.europesays.com\/pt\/wp-json\/wp\/v2\/tags?post=417113"}],"curies":[{"name":"wp","href":"https:\/\/api.w.org\/{rel}","templated":true}]}}