{"id":417221,"date":"2026-06-14T10:31:18","date_gmt":"2026-06-14T10:31:18","guid":{"rendered":"https:\/\/www.europesays.com\/pt\/417221\/"},"modified":"2026-06-14T10:31:18","modified_gmt":"2026-06-14T10:31:18","slug":"oppo-nao-copia-liquid-glass-no-coloros-17-e-foca-no-desempenho","status":"publish","type":"post","link":"https:\/\/www.europesays.com\/pt\/417221\/","title":{"rendered":"Oppo n\u00e3o copia Liquid Glass no ColorOS 17 e foca no desempenho"},"content":{"rendered":"<p>A OPPO decidiu tra\u00e7ar uma linha clara na estrat\u00e9gia de desenvolvimento do seu pr\u00f3ximo sistema operativo. Ao contr\u00e1rio dos rumores que circulavam, o ColorOS 17 n\u00e3o vai adotar a linguagem visual Liquid Glass, da Apple. A OPPO recusa copiar esta linguagem visual e foca-se no desempenho da sua nova interface.<\/p>\n<p><a target=\"_blank\" href=\"https:\/\/pplware.sapo.pt\/wp-content\/uploads\/2026\/05\/Pplware_OPPO_X9_Ultra_02.jpg\" onclick=\"refreshIframe()\" class=\"foobox\" rel=\"nofollow noopener\"><img fetchpriority=\"high\" decoding=\"async\" src=\"https:\/\/www.europesays.com\/pt\/wp-content\/uploads\/2026\/06\/Pplware_OPPO_X9_Ultra_02-720x405.jpg\" alt=\"OPPO ColorOS 17 Liquid Glass Apple\" width=\"720\" height=\"405\" class=\"alignnone size-medium wp-image-1119261\"  \/><\/a>\n<\/p>\n<p>OPPO recusa copiar Liquid Glass da Apple<\/p>\n<p>Os rumores que ganharam for\u00e7a indicavam que a interface da OPPO seria redesenhada com base &#8220;Liquid Glass&#8221;, uma imagem associada ao iOS. Sugeriam a introdu\u00e7\u00e3o de elementos transparentes e efeitos din\u00e2micos semelhantes aos da concorr\u00eancia. Esta alegada transforma\u00e7\u00e3o visual gerou expectativa, j\u00e1 que v\u00e1rios fabricantes Android t\u00eam aproximado a est\u00e9tica do seu softwares ao que a Apple apresenta nos seus dispositivos.<\/p>\n<p>Para p\u00f4r fim \u00e0 especula\u00e7\u00e3o que crescia, Chen Xi, diretor de design da ColorOS, utilizou <a target=\"_blank\" href=\"https:\/\/weibo.com\/1645677583\/R3B9WqkIB\" rel=\"nofollow noopener\">a Weibo<\/a> para clarificar a posi\u00e7\u00e3o oficial da marca. O executivo foi categ\u00f3rico ao afirmar que o desenvolvimento da ColorOS 17 est\u00e1 totalmente focado em melhorar a experi\u00eancia do utilizador. De forma direta, garantiu que o novo sistema &#8220;n\u00e3o incluir\u00e1 uma grande reformula\u00e7\u00e3o&#8221; visual, desmentindo cen\u00e1rios avan\u00e7ados pelos analistas.<\/p>\n<p>Foco na estabilidade chega no ColorOS 17<\/p>\n<p>Com esta posi\u00e7\u00e3o, a OPPO assume uma rota distinta da concorr\u00eancia no mercado de smartphones. O diretor de design n\u00e3o hesitou em apontar o comportamento de outras marcas do ecossistema Android face \u00e0s escolhas da Apple. &#8220;Alguns dos concorrentes da OPPO podem estar a perseguir um design semelhante ao Liquid Glass da Apple, mas a OPPO n\u00e3o o far\u00e1&#8221;, sublinhou, demarcando a identidade pr\u00f3pria que pretende manter no software.<\/p>\n<p><a target=\"_blank\" href=\"https:\/\/pplware.sapo.pt\/wp-content\/uploads\/2026\/06\/oppo_color_os_17.jpg\" onclick=\"refreshIframe()\" class=\"foobox\" rel=\"nofollow noopener\"><img loading=\"lazy\" decoding=\"async\" src=\"https:\/\/www.europesays.com\/pt\/wp-content\/uploads\/2026\/06\/oppo_color_os_17-720x405.jpg\" alt=\"OPPO ColorOS 17 Liquid Glass Apple\" width=\"720\" height=\"405\" class=\"alignnone size-medium wp-image-1124515\"  \/><\/a><\/p>\n<p>Esta op\u00e7\u00e3o estrat\u00e9gica de priorizar a robustez e a otimiza\u00e7\u00e3o em detrimento da componente est\u00e9tica ter\u00e1 um impacto direto no calend\u00e1rio de lan\u00e7amento de novas funcionalidades. Chen Xi confirmou que a introdu\u00e7\u00e3o de novos recursos na interface ser\u00e1 mesmo adiada nesta fase inicial. A prioridade imediata da equipa de desenvolvimento \u00e9 entregar uma plataforma livre de falhas e com um comportamento exemplar no quotidiano.<\/p>\n<p>Calend\u00e1rio de novidades sofre altera\u00e7\u00f5es<\/p>\n<p>Isto significa que os utilizadores que esperavam uma revolu\u00e7\u00e3o visual ou ferramentas in\u00e9ditas na ColorOS 17 ter\u00e3o de aguardar. As novidades de funcionalidades dever\u00e3o ser integradas de forma gradual em futuras atualiza\u00e7\u00f5es incrementais da plataforma, ou ent\u00e3o apenas na gera\u00e7\u00e3o seguinte do sistema operativo. A marca prefere assim a maturidade do software \u00e0 inova\u00e7\u00e3o apressada.<\/p>\n<p>A decis\u00e3o da OPPO reflete uma maturidade na abordagem ao mercado, onde a estabilidade do sistema come\u00e7a a ser mais valorizada do que a constante altera\u00e7\u00e3o de visual. Ao garantir um sistema operativo mais s\u00f3lido, a marca foca-se naquilo que os utilizadores mais necessitam no dia a dia. Resta agora aguardar pelo lan\u00e7amento oficial para perceber como esta filosofia se traduz na pr\u00e1tica.<\/p>\n","protected":false},"excerpt":{"rendered":"A OPPO decidiu tra\u00e7ar uma linha clara na estrat\u00e9gia de desenvolvimento do seu pr\u00f3ximo sistema operativo. Ao contr\u00e1rio&hellip;\n","protected":false},"author":2,"featured_media":417222,"comment_status":"","ping_status":"","sticky":false,"template":"","format":"standard","meta":{"footnotes":"","_share_on_mastodon":"0"},"categories":[84],"tags":[247,109,107,108,68182,20702,13070,32,33,105,103,104,106,110],"class_list":["post-417221","post","type-post","status-publish","format-standard","has-post-thumbnail","category-ciencia-e-tecnologia","tag-apple","tag-ciencia","tag-ciencia-e-tecnologia","tag-cienciaetecnologia","tag-coloros-17","tag-liquid-glass","tag-oppo","tag-portugal","tag-pt","tag-science","tag-science-and-technology","tag-scienceandtechnology","tag-technology","tag-tecnologia"],"share_on_mastodon":{"url":"https:\/\/pubeurope.com\/@pt\/116748005758488152","error":""},"_links":{"self":[{"href":"https:\/\/www.europesays.com\/pt\/wp-json\/wp\/v2\/posts\/417221","targetHints":{"allow":["GET"]}}],"collection":[{"href":"https:\/\/www.europesays.com\/pt\/wp-json\/wp\/v2\/posts"}],"about":[{"href":"https:\/\/www.europesays.com\/pt\/wp-json\/wp\/v2\/types\/post"}],"author":[{"embeddable":true,"href":"https:\/\/www.europesays.com\/pt\/wp-json\/wp\/v2\/users\/2"}],"replies":[{"embeddable":true,"href":"https:\/\/www.europesays.com\/pt\/wp-json\/wp\/v2\/comments?post=417221"}],"version-history":[{"count":0,"href":"https:\/\/www.europesays.com\/pt\/wp-json\/wp\/v2\/posts\/417221\/revisions"}],"wp:featuredmedia":[{"embeddable":true,"href":"https:\/\/www.europesays.com\/pt\/wp-json\/wp\/v2\/media\/417222"}],"wp:attachment":[{"href":"https:\/\/www.europesays.com\/pt\/wp-json\/wp\/v2\/media?parent=417221"}],"wp:term":[{"taxonomy":"category","embeddable":true,"href":"https:\/\/www.europesays.com\/pt\/wp-json\/wp\/v2\/categories?post=417221"},{"taxonomy":"post_tag","embeddable":true,"href":"https:\/\/www.europesays.com\/pt\/wp-json\/wp\/v2\/tags?post=417221"}],"curies":[{"name":"wp","href":"https:\/\/api.w.org\/{rel}","templated":true}]}}