{"id":417368,"date":"2026-06-14T12:58:28","date_gmt":"2026-06-14T12:58:28","guid":{"rendered":"https:\/\/www.europesays.com\/pt\/417368\/"},"modified":"2026-06-14T12:58:28","modified_gmt":"2026-06-14T12:58:28","slug":"suicos-rejeitam-em-referendo-limites-a-populacao-de-acordo-com-projeccoes-suica","status":"publish","type":"post","link":"https:\/\/www.europesays.com\/pt\/417368\/","title":{"rendered":"Su\u00ed\u00e7os rejeitam em referendo limites \u00e0 popula\u00e7\u00e3o, de acordo com projec\u00e7\u00f5es | Su\u00ed\u00e7a"},"content":{"rendered":"<p>Os su\u00ed\u00e7os rejeitaram a proposta de imposi\u00e7\u00e3o de um <a href=\"https:\/\/www.publico.pt\/2026\/06\/13\/mundo\/noticia\/suica-vota-referendo-medida-precedentes-limitar-populacao-dez-milhoes-2178032\" target=\"_blank\" rel=\"nofollow noopener\">limite \u00e0 popula\u00e7\u00e3o do pa\u00eds<\/a>, de acordo com as projec\u00e7\u00f5es do referendo realizado este domingo.<\/p>\n<p>Segundo as projec\u00e7\u00f5es divulgadas ao in\u00edcio da tarde, o \u201cn\u00e3o\u201d \u00e0 proposta recolheu 55% dos votos, contra 45% a favor. A contagem oficial j\u00e1 est\u00e1 a decorrer e dever\u00e1 ser divulgada ao fim do dia.<\/p>\n<p>A iniciativa in\u00e9dita partiu do Partido Popular Su\u00ed\u00e7o (SVP), de direita radical, e dividiu os eleitores. Os apoiantes da limita\u00e7\u00e3o \u00e0 popula\u00e7\u00e3o \u2013 fixando um tecto de dez milh\u00f5es \u2013 dizem que \u00e9 a \u00fanica possibilidade de conter a imigra\u00e7\u00e3o e resolver problemas relacionados com a falta de habita\u00e7\u00e3o e sobrecarga dos servi\u00e7os p\u00fablicos.<\/p>\n<p>Os cr\u00edticos da medida encaram-na como uma esp\u00e9cie de \u201cBrexit su\u00ed\u00e7o\u201d, apesar de a na\u00e7\u00e3o alpina n\u00e3o fazer parte da Uni\u00e3o Europeia, que apenas iria agravar a falta de m\u00e3o-de-obra, al\u00e9m de poder p\u00f4r em causa o acesso da Su\u00ed\u00e7a ao mercado \u00fanico europeu.<\/p>\n","protected":false},"excerpt":{"rendered":"Os su\u00ed\u00e7os rejeitaram a proposta de imposi\u00e7\u00e3o de um limite \u00e0 popula\u00e7\u00e3o do pa\u00eds, de acordo com as&hellip;\n","protected":false},"author":2,"featured_media":417369,"comment_status":"","ping_status":"","sticky":false,"template":"","format":"standard","meta":{"footnotes":"","_share_on_mastodon":"0"},"categories":[50],"tags":[27,28,445,15,16,14,1481,25,26,21,22,62,12,13,19,20,23,24,35982,5697,17,18,29,30,31,636,63,64,65],"class_list":["post-417368","post","type-post","status-publish","format-standard","has-post-thumbnail","category-mundo","tag-breaking-news","tag-breakingnews","tag-europa","tag-featured-news","tag-featurednews","tag-headlines","tag-imigracao","tag-latest-news","tag-latestnews","tag-main-news","tag-mainnews","tag-mundo","tag-news","tag-noticias","tag-noticias-principais","tag-noticiasprincipais","tag-principais-noticias","tag-principaisnoticias","tag-referendo","tag-suica","tag-top-stories","tag-topstories","tag-ultimas","tag-ultimas-noticias","tag-ultimasnoticias","tag-uniao-europeia","tag-world","tag-world-news","tag-worldnews"],"share_on_mastodon":{"url":"https:\/\/pubeurope.com\/@pt\/116748583374663837","error":""},"_links":{"self":[{"href":"https:\/\/www.europesays.com\/pt\/wp-json\/wp\/v2\/posts\/417368","targetHints":{"allow":["GET"]}}],"collection":[{"href":"https:\/\/www.europesays.com\/pt\/wp-json\/wp\/v2\/posts"}],"about":[{"href":"https:\/\/www.europesays.com\/pt\/wp-json\/wp\/v2\/types\/post"}],"author":[{"embeddable":true,"href":"https:\/\/www.europesays.com\/pt\/wp-json\/wp\/v2\/users\/2"}],"replies":[{"embeddable":true,"href":"https:\/\/www.europesays.com\/pt\/wp-json\/wp\/v2\/comments?post=417368"}],"version-history":[{"count":0,"href":"https:\/\/www.europesays.com\/pt\/wp-json\/wp\/v2\/posts\/417368\/revisions"}],"wp:featuredmedia":[{"embeddable":true,"href":"https:\/\/www.europesays.com\/pt\/wp-json\/wp\/v2\/media\/417369"}],"wp:attachment":[{"href":"https:\/\/www.europesays.com\/pt\/wp-json\/wp\/v2\/media?parent=417368"}],"wp:term":[{"taxonomy":"category","embeddable":true,"href":"https:\/\/www.europesays.com\/pt\/wp-json\/wp\/v2\/categories?post=417368"},{"taxonomy":"post_tag","embeddable":true,"href":"https:\/\/www.europesays.com\/pt\/wp-json\/wp\/v2\/tags?post=417368"}],"curies":[{"name":"wp","href":"https:\/\/api.w.org\/{rel}","templated":true}]}}