{"id":417439,"date":"2026-06-14T13:55:12","date_gmt":"2026-06-14T13:55:12","guid":{"rendered":"https:\/\/www.europesays.com\/pt\/417439\/"},"modified":"2026-06-14T13:55:12","modified_gmt":"2026-06-14T13:55:12","slug":"jovem-morre-no-brasil-apos-ser-lancada-sem-corda-de-uma-ponte-numa-actividade-radical-acidentes","status":"publish","type":"post","link":"https:\/\/www.europesays.com\/pt\/417439\/","title":{"rendered":"Jovem morre no Brasil ap\u00f3s ser lan\u00e7ada sem corda de uma ponte numa actividade radical | Acidentes"},"content":{"rendered":"<p>Uma jovem de 21 anos morreu, neste s\u00e1bado, ap\u00f3s ter sido lan\u00e7ada de uma ponte no estado de S\u00e3o Paulo sem corda de seguran\u00e7a durante uma actividade radical. A v\u00edtima fazia parte de um grupo que ia praticar rope jump, que consiste num salto de uma estrutura alta com uma corda e arn\u00eas. S\u00f3 que neste caso, por motivos ainda sob investiga\u00e7\u00e3o, os instrutores que supervisionavam a actividade n\u00e3o prenderam qualquer corda \u00e0 jovem, lan\u00e7ando-a em queda livre de uma altura de aproximadamente 40 metros.<\/p>\n<p>Os v\u00eddeos dos momentos que antecederam a queda foram publicados nas redes sociais e somam milhares de partilhas. Nas imagens \u00e9 poss\u00edvel ver a jovem a ser carregada at\u00e9 \u00e0 berma da ponte por tr\u00eas funcion\u00e1rios da empresa de actividades radicais. Logo ap\u00f3s ser lan\u00e7ada, uma pessoa alerta que ela n\u00e3o estava presa com uma corda, lan\u00e7ando-se o p\u00e2nico entre os presentes.<\/p>\n<p>A corda que deveria estar amarrada \u00e0 jovem estava no ch\u00e3o, sendo vis\u00edvel nos segundos finais das filmagens \u2014 que foram entregues \u00e0 <a href=\"https:\/\/www.publico.pt\/policia\" target=\"_self\" rel=\"nofollow noopener\">pol\u00edcia<\/a>. De acordo com v\u00e1rias publica\u00e7\u00f5es, a v\u00edtima estaria tamb\u00e9m a usar uma c\u00e2mara no momento da queda fatal, mas esse dispositivo n\u00e3o ter\u00e1 sido recuperado pelas autoridades.<\/p>\n<p>                &#13;<br \/>\n                    &#13;<br \/>\n                    &#13;<br \/>\n                        Momento em que a jovem se prepara para ser lan\u00e7ada da ponte sem qualquer corda&#13;<br \/>\nDR                    &#13;<\/p>\n<p>Os bombeiros e equipas de emerg\u00eancia ainda foram chamados ao local, mas a jovem de 21 anos n\u00e3o resistiu aos ferimentos provocados pela queda. Os v\u00eddeos somaram milh\u00f5es de visualiza\u00e7\u00f5es nas redes sociais e tiveram grande repercuss\u00e3o na comunica\u00e7\u00e3o social brasileira. A Ponte do Esqueleto, em Limeira, no interior de <a href=\"https:\/\/www.publico.pt\/sao-paulo\" target=\"_self\" rel=\"nofollow noopener\">S\u00e3o Paulo<\/a>, \u00e9 um local conhecido para este tipo de actividades radicais.<\/p>\n<p>As autoridades abriram uma investiga\u00e7\u00e3o \u00e0 morte da jovem, procurando apurar responsabilidades pela neglig\u00eancia grosseira que resultou na falta da corda de seguran\u00e7a. Os funcion\u00e1rios da empresa foram levados pela pol\u00edcia para prestar depoimento, com tr\u00eas homens actualmente detidos a aguardar o desfecho da investiga\u00e7\u00e3o.<\/p>\n<p>A pol\u00edcia olha para este caso como um homic\u00eddio involunt\u00e1rio, com o munic\u00edpio a atribuir <a href=\"https:\/\/www.limeira.sp.gov.br\/imprensa\/noticias\/destaques\/prefeitura-processara-o-governo-federal-na-justica-apos-morte-na-ponte-do-esqueleto\" target=\"_blank\" rel=\"nofollow noopener\">em comunicado <\/a>responsabilidade ao Governo federal \u2014 respons\u00e1vel pela fiscaliza\u00e7\u00e3o, manuten\u00e7\u00e3o e controlo do acesso \u00e0 ponte onde se deu a trag\u00e9dia. Desactivada h\u00e1 mais de tr\u00eas d\u00e9cadas, a ponte j\u00e1 foi palco de v\u00e1rios acidentes, incluindo uma queda mortal de uma ciclista em Abril de 2024.<\/p>\n<p>&#8220;A responsabilidade pela fiscaliza\u00e7\u00e3o, manuten\u00e7\u00e3o e controle de acesso \u00e0 Ponte do Esqueleto \u00e9 exclusivamente do governo federal. A administra\u00e7\u00e3o municipal e a c\u00e2mara municipal, por iniciativa da vereadora Bruna Magalh\u00e3es, j\u00e1 haviam encaminhado of\u00edcios aos \u00f3rg\u00e3os respons\u00e1veis cobrando medidas de seguran\u00e7a. Nenhuma provid\u00eancia concreta foi adoptada&#8221;, pode ler-se no comunicado do munic\u00edpio.<\/p>\n","protected":false},"excerpt":{"rendered":"Uma jovem de 21 anos morreu, neste s\u00e1bado, ap\u00f3s ter sido lan\u00e7ada de uma ponte no estado de&hellip;\n","protected":false},"author":2,"featured_media":417440,"comment_status":"","ping_status":"","sticky":false,"template":"","format":"standard","meta":{"footnotes":"","_share_on_mastodon":"0"},"categories":[50],"tags":[995,1455,726,27,28,604,353,413,15,16,14,603,25,26,21,22,62,12,13,19,20,712,23,24,17,18,29,30,31,63,64,65],"class_list":["post-417439","post","type-post","status-publish","format-standard","has-post-thumbnail","category-mundo","tag-abre-conteudo","tag-acidentes","tag-brasil","tag-breaking-news","tag-breakingnews","tag-crime","tag-em-destaque","tag-eua","tag-featured-news","tag-featurednews","tag-headlines","tag-justica","tag-latest-news","tag-latestnews","tag-main-news","tag-mainnews","tag-mundo","tag-news","tag-noticias","tag-noticias-principais","tag-noticiasprincipais","tag-pessoas","tag-principais-noticias","tag-principaisnoticias","tag-top-stories","tag-topstories","tag-ultimas","tag-ultimas-noticias","tag-ultimasnoticias","tag-world","tag-world-news","tag-worldnews"],"share_on_mastodon":{"url":"","error":"Validation failed: Text character limit of 500 exceeded"},"_links":{"self":[{"href":"https:\/\/www.europesays.com\/pt\/wp-json\/wp\/v2\/posts\/417439","targetHints":{"allow":["GET"]}}],"collection":[{"href":"https:\/\/www.europesays.com\/pt\/wp-json\/wp\/v2\/posts"}],"about":[{"href":"https:\/\/www.europesays.com\/pt\/wp-json\/wp\/v2\/types\/post"}],"author":[{"embeddable":true,"href":"https:\/\/www.europesays.com\/pt\/wp-json\/wp\/v2\/users\/2"}],"replies":[{"embeddable":true,"href":"https:\/\/www.europesays.com\/pt\/wp-json\/wp\/v2\/comments?post=417439"}],"version-history":[{"count":0,"href":"https:\/\/www.europesays.com\/pt\/wp-json\/wp\/v2\/posts\/417439\/revisions"}],"wp:featuredmedia":[{"embeddable":true,"href":"https:\/\/www.europesays.com\/pt\/wp-json\/wp\/v2\/media\/417440"}],"wp:attachment":[{"href":"https:\/\/www.europesays.com\/pt\/wp-json\/wp\/v2\/media?parent=417439"}],"wp:term":[{"taxonomy":"category","embeddable":true,"href":"https:\/\/www.europesays.com\/pt\/wp-json\/wp\/v2\/categories?post=417439"},{"taxonomy":"post_tag","embeddable":true,"href":"https:\/\/www.europesays.com\/pt\/wp-json\/wp\/v2\/tags?post=417439"}],"curies":[{"name":"wp","href":"https:\/\/api.w.org\/{rel}","templated":true}]}}