{"id":417656,"date":"2026-06-14T17:48:11","date_gmt":"2026-06-14T17:48:11","guid":{"rendered":"https:\/\/www.europesays.com\/pt\/417656\/"},"modified":"2026-06-14T17:48:11","modified_gmt":"2026-06-14T17:48:11","slug":"sem-butantan-dv-outras-vacinas-contra-a-dengue-seguem-disponiveis-14-06-2026","status":"publish","type":"post","link":"https:\/\/www.europesays.com\/pt\/417656\/","title":{"rendered":"Sem Butantan-DV, outras vacinas contra a dengue seguem dispon\u00edveis &#8211; 14\/06\/2026"},"content":{"rendered":"<p>Apesar da pausa tempor\u00e1ria pelo Minist\u00e9rio da Sa\u00fade da vacina\u00e7\u00e3o contra a dengue com o imunizante do Instituto Butantan (Butantan-DV), outras vacinas contra a doen\u00e7a continuam dispon\u00edveis nas redes p\u00fablica e privada de sa\u00fade, com efic\u00e1cia e seguran\u00e7a comprovadas.<\/p>\n<p>Uma delas \u00e9 a Qdenga, da farmac\u00eautica japonesa Takeda. O imunizante foi aprovado pela Ag\u00eancia Nacional de Vigil\u00e2ncia Sanit\u00e1ria (Anvisa) em mar\u00e7o de 2023 e \u00e9 aplicado em duas doses.<\/p>\n<p>A vacina \u00e9 indicada para pessoas de quatro a 60 anos, independentemente de terem tido dengue anteriormente. No Sistema \u00danico de Sa\u00fade (SUS), no entanto, a aplica\u00e7\u00e3o est\u00e1 restrita a crian\u00e7as e adolescentes de 10 a 14 anos.\u00a0<\/p>\n<p><a target=\"_new\" href=\"https:\/\/news.google.com\/publications\/CAAqJggKIiBDQklTRWdnTWFnNEtER1JuWVdKakxtTnZiUzVpY2lnQVAB?hl=pt-BR&amp;gl=BR&amp;ceid=BR%3Apt-419\" rel=\"nofollow noopener\"><img decoding=\"async\" src=\"https:\/\/www.europesays.com\/pt\/wp-content\/uploads\/2026\/06\/SeguirDiarioDiscovery.webp\" alt=\"DGABC\"\/><\/a><\/p>\n<p>Cerca de 8 milh\u00f5es de doses da Qdenga j\u00e1 foram aplicadas no Brasil, com impactos vis\u00edveis no controle da doen\u00e7a. Mas, apesar de o Minist\u00e9rio da Sa\u00fade ter adquirido todas as doses disponibilizadas pelo fabricante, a capacidade de produ\u00e7\u00e3o da vacina ainda \u00e9 insuficiente para atender \u00e0 demanda nacional.\u00a0<\/p>\n<p>Outro imunizante dispon\u00edvel \u00e9 a Dengvaxia, da farmac\u00eautica francesa Sanofi. Primeira vacina contra a dengue aprovada pela Anvisa, em dezembro de 2015, ela \u00e9 indicada para pessoas de nove a 45 anos que j\u00e1 tiveram a doen\u00e7a. Dispon\u00edvel apenas na rede privada, o imunizante \u00e9 aplicado em tr\u00eas doses e exige comprova\u00e7\u00e3o de infec\u00e7\u00e3o pr\u00e9via pelo v\u00edrus.\u00a0<\/p>\n<p>A suspens\u00e3o tempor\u00e1ria da imunica\u00e7\u00e3o com a Butantan-DV foi tomada ap\u00f3s o registro de 42 casos\u00a0 que apresentaram sintomas como abdominal intensa, v\u00f4mitos persistentes e sangramentos. Desses, tr\u00eas casos foram classificados como graves, incluindo dois \u00f3bitos.<\/p>\n<p>Mais de 500 mil doses da vacina foram aplicadas at\u00e9 maio. Segundo o minist\u00e9rio, ainda n\u00e3o h\u00e1 conclus\u00e3o sobre uma poss\u00edvel correla\u00e7\u00e3o entre os casos e a vacina, e as investiga\u00e7\u00f5es continuam.<\/p>\n<p>A estrat\u00e9gia de vacina\u00e7\u00e3o com a Butantan-DV teve in\u00edcio em janeiro deste ano e era direcionada aos profissionais da Aten\u00e7\u00e3o Prim\u00e1ria \u00e0 Sa\u00fade e, de forma ampliada, \u00e0 popula\u00e7\u00e3o de 15 a 49 anos de Botucatu (SP), Maranguape (CE), Nova Lima (MG) e da regi\u00e3o de Aragua\u00edna (TO).<\/p>\n<p>De acordo com o Minist\u00e9rio da Sa\u00fade, os casos graves n\u00e3o ocorreram nas localidades onde a imuniza\u00e7\u00e3o foi ampliada para a popula\u00e7\u00e3o em geral.<\/p>\n<p>Nos estudos cl\u00ednicos, a Butantan-DV apresentou efic\u00e1cia geral de 65% e de 80,5% na preven\u00e7\u00e3o de casos graves e os sintomas adversos n\u00e3o foram constatados durante a fase de estudos.<\/p>\n<p>O pa\u00eds tem apresentado queda nos casos prov\u00e1veis de dengue, apesar da melhora dos indicadores, a dengue continua sendo a maior endemia do pa\u00eds. <\/p>\n<p>*Com informa\u00e7\u00f5es da Ag\u00eancia Brasil 61<\/p>\n","protected":false},"excerpt":{"rendered":"Apesar da pausa tempor\u00e1ria pelo Minist\u00e9rio da Sa\u00fade da vacina\u00e7\u00e3o contra a dengue com o imunizante do Instituto&hellip;\n","protected":false},"author":2,"featured_media":417657,"comment_status":"","ping_status":"","sticky":false,"template":"","format":"standard","meta":{"footnotes":"","_share_on_mastodon":"0"},"categories":[86],"tags":[2285,2298,2299,1891,2286,2293,2297,2287,476,1062,2284,116,5058,82,2292,619,1133,13,2300,2288,52,987,32,33,2294,2295,4066,2289,2290,2291,117,2296,1456,1333],"class_list":["post-417656","post","type-post","status-publish","format-standard","has-post-thumbnail","category-saude","tag-abc","tag-automoveis","tag-d","tag-dengue","tag-dgabc","tag-diadema","tag-diarinho","tag-diario","tag-economia","tag-esportes","tag-grande-abc","tag-health","tag-instituto-butantan","tag-internacional","tag-maua","tag-nacional","tag-noticia","tag-noticias","tag-noticias-on-line-abc","tag-on-line","tag-politica","tag-portal","tag-portugal","tag-pt","tag-ribeirao-pires","tag-rio-grande-da-serra","tag-sade","tag-santo-andre","tag-sao-bernardo","tag-sao-caetano","tag-saude","tag-setecidades","tag-turismo","tag-vacina"],"share_on_mastodon":{"url":"https:\/\/pubeurope.com\/@pt\/116749724201624179","error":""},"_links":{"self":[{"href":"https:\/\/www.europesays.com\/pt\/wp-json\/wp\/v2\/posts\/417656","targetHints":{"allow":["GET"]}}],"collection":[{"href":"https:\/\/www.europesays.com\/pt\/wp-json\/wp\/v2\/posts"}],"about":[{"href":"https:\/\/www.europesays.com\/pt\/wp-json\/wp\/v2\/types\/post"}],"author":[{"embeddable":true,"href":"https:\/\/www.europesays.com\/pt\/wp-json\/wp\/v2\/users\/2"}],"replies":[{"embeddable":true,"href":"https:\/\/www.europesays.com\/pt\/wp-json\/wp\/v2\/comments?post=417656"}],"version-history":[{"count":0,"href":"https:\/\/www.europesays.com\/pt\/wp-json\/wp\/v2\/posts\/417656\/revisions"}],"wp:featuredmedia":[{"embeddable":true,"href":"https:\/\/www.europesays.com\/pt\/wp-json\/wp\/v2\/media\/417657"}],"wp:attachment":[{"href":"https:\/\/www.europesays.com\/pt\/wp-json\/wp\/v2\/media?parent=417656"}],"wp:term":[{"taxonomy":"category","embeddable":true,"href":"https:\/\/www.europesays.com\/pt\/wp-json\/wp\/v2\/categories?post=417656"},{"taxonomy":"post_tag","embeddable":true,"href":"https:\/\/www.europesays.com\/pt\/wp-json\/wp\/v2\/tags?post=417656"}],"curies":[{"name":"wp","href":"https:\/\/api.w.org\/{rel}","templated":true}]}}