{"id":417823,"date":"2026-06-14T20:37:19","date_gmt":"2026-06-14T20:37:19","guid":{"rendered":"https:\/\/www.europesays.com\/pt\/417823\/"},"modified":"2026-06-14T20:37:19","modified_gmt":"2026-06-14T20:37:19","slug":"referendo-na-suica-projecoes-indicam-rejeicao-a-limite-de-10-milhoes-de-habitantes-ate-2050","status":"publish","type":"post","link":"https:\/\/www.europesays.com\/pt\/417823\/","title":{"rendered":"Referendo na Su\u00ed\u00e7a: proje\u00e7\u00f5es indicam rejei\u00e7\u00e3o a limite de 10 milh\u00f5es de habitantes at\u00e9 2050"},"content":{"rendered":"<p>Asprimeiras proje\u00e7\u00f5es ao referendo que este domingo se realiza na Su\u00ed\u00e7a apontam para a rejei\u00e7\u00e3o ao limite de 10 milh\u00f5es de habitantes.<\/p>\n<p>Os resultados preliminares divulgados pelo governo federal mostram que quase 54% dos eleitores rejeitaram a proposta, embora os dados em outros cant\u00f5es ainda estejam pendentes. A participa\u00e7\u00e3o \u00e9 superior a 57% em todo o pa\u00eds.<\/p>\n<p>Os su\u00ed\u00e7os est\u00e3o a votar em referendo uma \u00a0iniciativa impulsionada pela Uni\u00e3o Democr\u00e1tica do Centro (UDC, direita radical), intitulada &#8220;N\u00e3o a uma Su\u00ed\u00e7a com 10 milh\u00f5es de habitantes&#8221; que visa limitar o crescimento da popula\u00e7\u00e3o a dez milh\u00f5es de habitantes at\u00e9 2050 e inscrever esse objetivo na Constitui\u00e7\u00e3o.<\/p>\n<p>A iniciativa \u00e9 apoiada pelo\u00a0Partido Popular Su\u00ed\u00e7o (SVP), de direita, que diz que se trata de uma forma de lidar com a imigra\u00e7\u00e3o excessiva, contornar a falta de oferta de habita\u00e7\u00e3o e aliviar a sobrecarga das infraestruturas e dos transportes p\u00fablicos.<\/p>\n<p>O slogan da iniciativa \u00e9 \u201cpreservar aquilo que amamos\u201d\u00a0e os seus defensores pretendem limitar a possibilidade de requerentes de asilo e respetivas fam\u00edlias obterem resid\u00eancia permanente no pa\u00eds se a popula\u00e7\u00e3o ultrapassar os 9,5 milh\u00f5es antes de 2050 e colocar o governo a &#8220;renegociar acordos internacionais que impulsionem o crescimento populacional&#8221;.<\/p>\n<p>Caso o limite de dez milh\u00f5es de habitantes seja permanentemente ultrapassado, as autoridades seriam obrigadas a tomar todas as medidas dispon\u00edveis para cumprir o objetivo, incluindo a rescis\u00e3o de um acordo com a UE sobre a livre circula\u00e7\u00e3o de pessoas.<\/p>\n","protected":false},"excerpt":{"rendered":"Asprimeiras proje\u00e7\u00f5es ao referendo que este domingo se realiza na Su\u00ed\u00e7a apontam para a rejei\u00e7\u00e3o ao limite de&hellip;\n","protected":false},"author":2,"featured_media":417824,"comment_status":"","ping_status":"","sticky":false,"template":"","format":"standard","meta":{"footnotes":"","_share_on_mastodon":"0"},"categories":[8],"tags":[27,28,15,16,14,25,26,21,22,12,13,19,20,7895,32,23,24,33,35982,5697,17,18,29,30,31],"class_list":["post-417823","post","type-post","status-publish","format-standard","has-post-thumbnail","category-principais-noticias","tag-breaking-news","tag-breakingnews","tag-featured-news","tag-featurednews","tag-headlines","tag-latest-news","tag-latestnews","tag-main-news","tag-mainnews","tag-news","tag-noticias","tag-noticias-principais","tag-noticiasprincipais","tag-populacao","tag-portugal","tag-principais-noticias","tag-principaisnoticias","tag-pt","tag-referendo","tag-suica","tag-top-stories","tag-topstories","tag-ultimas","tag-ultimas-noticias","tag-ultimasnoticias"],"share_on_mastodon":{"url":"https:\/\/pubeurope.com\/@pt\/116750388279169720","error":""},"_links":{"self":[{"href":"https:\/\/www.europesays.com\/pt\/wp-json\/wp\/v2\/posts\/417823","targetHints":{"allow":["GET"]}}],"collection":[{"href":"https:\/\/www.europesays.com\/pt\/wp-json\/wp\/v2\/posts"}],"about":[{"href":"https:\/\/www.europesays.com\/pt\/wp-json\/wp\/v2\/types\/post"}],"author":[{"embeddable":true,"href":"https:\/\/www.europesays.com\/pt\/wp-json\/wp\/v2\/users\/2"}],"replies":[{"embeddable":true,"href":"https:\/\/www.europesays.com\/pt\/wp-json\/wp\/v2\/comments?post=417823"}],"version-history":[{"count":0,"href":"https:\/\/www.europesays.com\/pt\/wp-json\/wp\/v2\/posts\/417823\/revisions"}],"wp:featuredmedia":[{"embeddable":true,"href":"https:\/\/www.europesays.com\/pt\/wp-json\/wp\/v2\/media\/417824"}],"wp:attachment":[{"href":"https:\/\/www.europesays.com\/pt\/wp-json\/wp\/v2\/media?parent=417823"}],"wp:term":[{"taxonomy":"category","embeddable":true,"href":"https:\/\/www.europesays.com\/pt\/wp-json\/wp\/v2\/categories?post=417823"},{"taxonomy":"post_tag","embeddable":true,"href":"https:\/\/www.europesays.com\/pt\/wp-json\/wp\/v2\/tags?post=417823"}],"curies":[{"name":"wp","href":"https:\/\/api.w.org\/{rel}","templated":true}]}}