{"id":417948,"date":"2026-06-14T22:31:12","date_gmt":"2026-06-14T22:31:12","guid":{"rendered":"https:\/\/www.europesays.com\/pt\/417948\/"},"modified":"2026-06-14T22:31:12","modified_gmt":"2026-06-14T22:31:12","slug":"fernando-pimenta-sagra-se-campeao-da-europa-em-k1-5000m-canoagem","status":"publish","type":"post","link":"https:\/\/www.europesays.com\/pt\/417948\/","title":{"rendered":"Fernando Pimenta sagra-se campe\u00e3o da Europa em K1 5000m | Canoagem"},"content":{"rendered":"<p>Fernando Pimenta arrebatou neste domingo, na prova mais longa do calend\u00e1rio dos Europeus de canoagem, a medalha de ouro. O multititulado atleta portugu\u00eas foi o mais forte no K1 5000m, em Montemor-o-Velho, e fechou assim a competi\u00e7\u00e3o com duas medalhas, depois do bronze no K1 1000m, no s\u00e1bado.<\/p>\n<p>O melhor cano\u00edsta da hist\u00f3ria de Portugal arrancou para um longo sprint, aguentou os ataques rivais e concluiu a prova em 21min09,116s, superando o noruegu\u00eas Jon Vold por 539 mil\u00e9simos e o dinamarqu\u00eas Mads Pedersen, por 986.<\/p>\n<p>Fernando Pimenta, que em K1 5000m tinha arrecadado o ouro europeu em 2016, 2022, 2024 e 2025, a prata em 2013, 2017 e 2018, e o bronze em 2014 e 2021, elevou assim para quatro as medalhas de Portugal nestes Europeus, juntamente com Messias Baptista (K1 200m) e Norberto Mour\u00e3o (VL 200m).<\/p>\n","protected":false},"excerpt":{"rendered":"Fernando Pimenta arrebatou neste domingo, na prova mais longa do calend\u00e1rio dos Europeus de canoagem, a medalha de&hellip;\n","protected":false},"author":2,"featured_media":417949,"comment_status":"","ping_status":"","sticky":false,"template":"","format":"standard","meta":{"footnotes":"","_share_on_mastodon":"0"},"categories":[87],"tags":[14866,8491,135,1867,32,33,134],"class_list":["post-417948","post","type-post","status-publish","format-standard","has-post-thumbnail","category-desporto","tag-campeonato-da-europa","tag-canoagem","tag-desporto","tag-outras-modalidades","tag-portugal","tag-pt","tag-sports"],"share_on_mastodon":{"url":"https:\/\/pubeurope.com\/@pt\/116750836427576295","error":""},"_links":{"self":[{"href":"https:\/\/www.europesays.com\/pt\/wp-json\/wp\/v2\/posts\/417948","targetHints":{"allow":["GET"]}}],"collection":[{"href":"https:\/\/www.europesays.com\/pt\/wp-json\/wp\/v2\/posts"}],"about":[{"href":"https:\/\/www.europesays.com\/pt\/wp-json\/wp\/v2\/types\/post"}],"author":[{"embeddable":true,"href":"https:\/\/www.europesays.com\/pt\/wp-json\/wp\/v2\/users\/2"}],"replies":[{"embeddable":true,"href":"https:\/\/www.europesays.com\/pt\/wp-json\/wp\/v2\/comments?post=417948"}],"version-history":[{"count":0,"href":"https:\/\/www.europesays.com\/pt\/wp-json\/wp\/v2\/posts\/417948\/revisions"}],"wp:featuredmedia":[{"embeddable":true,"href":"https:\/\/www.europesays.com\/pt\/wp-json\/wp\/v2\/media\/417949"}],"wp:attachment":[{"href":"https:\/\/www.europesays.com\/pt\/wp-json\/wp\/v2\/media?parent=417948"}],"wp:term":[{"taxonomy":"category","embeddable":true,"href":"https:\/\/www.europesays.com\/pt\/wp-json\/wp\/v2\/categories?post=417948"},{"taxonomy":"post_tag","embeddable":true,"href":"https:\/\/www.europesays.com\/pt\/wp-json\/wp\/v2\/tags?post=417948"}],"curies":[{"name":"wp","href":"https:\/\/api.w.org\/{rel}","templated":true}]}}