{"id":417956,"date":"2026-06-14T22:38:12","date_gmt":"2026-06-14T22:38:12","guid":{"rendered":"https:\/\/www.europesays.com\/pt\/417956\/"},"modified":"2026-06-14T22:38:12","modified_gmt":"2026-06-14T22:38:12","slug":"oliver-tree-e-youtuber-argentino-entre-vitimas-de-colisao-de-helicopteros-no-rio-acidentes","status":"publish","type":"post","link":"https:\/\/www.europesays.com\/pt\/417956\/","title":{"rendered":"Oliver Tree e youtuber argentino entre v\u00edtimas de colis\u00e3o de helic\u00f3pteros no Rio | Acidentes"},"content":{"rendered":"<p>O cantor norte-americano Oliver Tree est\u00e1 entre as seis v\u00edtimas da colis\u00e3o entre dois helic\u00f3pteros na manh\u00e3 deste domingo, no Recreio dos Bandeirantes, na zona Sudoeste do Rio de Janeiro. O m\u00fasico estava na cidade no \u00e2mbito de uma digress\u00e3o internacional que o <a href=\"https:\/\/www.primaverasound.com\/en\/tours\/oliver-tree-barcelona-apolo-madrid-mon-lisboa-lav1-julio-2026\" target=\"_blank\" rel=\"nofollow noopener\">traria a Lisboa<\/a>, a 1 de Julho.<\/p>\n<p><a href=\"https:\/\/www.instagram.com\/olivertree\/\" target=\"_blank\" rel=\"nofollow noopener\">Oliver Tree<\/a> tinha-se apresentado em S\u00e3o Paulo no dia 6, no Studio Stage, casa de espect\u00e1culos na Lapa, zona oeste, e, nos \u00faltimos dias, publicou nas redes sociais diversos v\u00eddeos com a camisola da selec\u00e7\u00e3o brasileira, inclusive em cenas gravadas numa favela, a jogar futebol, em churrascos, a cortar o cabelo e aos comandos de uma motocicleta.<\/p>\n<p>O cantor estava acompanhado do produtor musical e DJ brasileiro <a href=\"https:\/\/www.instagram.com\/iamlucasfrota\/\" target=\"_blank\" rel=\"nofollow noopener\">Lucas Frota<\/a>, radicado nos Estados Unidos, do influenciador argentino Gaspi \u2014 que tem 2,8 milh\u00f5es de seguidores apenas no <a href=\"https:\/\/www.youtube.com\/GaspiPD\" target=\"_blank\" rel=\"nofollow noopener\">Youtube<\/a> \u2014 e do cineasta argentino Lucas Vignale, cujo \u00faltimo filme passou no <a href=\"https:\/\/www.berlinale.de\/en\/2026\/programme\/202602169.html\" target=\"_blank\" rel=\"nofollow noopener\">Festival de Berlim<\/a> deste ano. O grupo estava a caminho de Angra dos Reis, no litoral fluminense.<\/p>\n<p>O grupo do cantor estava na aeronave com o piloto Alexandre Souza, que tamb\u00e9m morreu. J\u00e1 o outro helic\u00f3ptero era pilotado pelo carioca Charles Marsillac \u2014 que ingressou na avia\u00e7\u00e3o profissional em 2007 ap\u00f3s anos na m\u00fasica, com hist\u00f3rico de composi\u00e7\u00e3o inclu\u00edda na banda sonora de Malha\u00e7\u00e3o e colabora\u00e7\u00f5es com Cidade Negra e Monobloco.<\/p>\n<p>O porta-voz do Corpo de Bombeiros, Fabio Contreiras, explicou, citado pela Lusa, que a colis\u00e3o ocorreu \u00e0s 8h59 (12h59 em Lisboa), levando as duas aeronaves a ca\u00edrem sobre um parque de estacionamento de uma concession\u00e1ria da BYD, resultando num inc\u00eandio que destruiu 20 carros no solo. O porta-voz informou ainda que, devido \u00e0 for\u00e7a do impacto no ar, v\u00e1rios peda\u00e7os e fragmentos dos helic\u00f3pteros foram lan\u00e7ados em direc\u00e7\u00e3o a edif\u00edcios residenciais e comerciais pr\u00f3ximos.<\/p>\n<p>O prefeito do Rio de Janeiro, Eduardo Cavaliere, disse, citado pela Folha de S. Paulo, que os pilotos envolvidos no acidente eram experientes e que conhecia um deles pessoalmente.<\/p>\n<p>O cantor iniciava uma digress\u00e3o mundial ap\u00f3s lan\u00e7ar o \u00e1lbum Love You Madly Hate You Badly, com passagens, al\u00e9m de Lisboa, por Paris, Barcelona, Londres, Chicago, Toronto, Sydney e Pequim.<\/p>\n<p>Popular nas redes sociais, Oliver Tree soma mais de dois milh\u00f5es de seguidores somente no Instagram. No Spotify, tem uma m\u00e9dia de 11,4 milh\u00f5es de ouvintes mensais. Na sua passagem recente pelo Brasil, tamb\u00e9m publicou um v\u00eddeo a tocar com o influenciador brasileiro Lucas Inutilismo e h\u00e1 registos do momento em que canta forr\u00f3 com amigo.<\/p>\n<p>Em comunicado, o consulado dos Estados Unidos no Rio disse que se encontra a prestar assist\u00eancia aos familiares do cantor.<\/p>\n<p>            <script async src=\"\/\/www.instagram.com\/embed.js\"><\/script><\/p>\n","protected":false},"excerpt":{"rendered":"O cantor norte-americano Oliver Tree est\u00e1 entre as seis v\u00edtimas da colis\u00e3o entre dois helic\u00f3pteros na manh\u00e3 deste&hellip;\n","protected":false},"author":2,"featured_media":417957,"comment_status":"","ping_status":"","sticky":false,"template":"","format":"standard","meta":{"footnotes":"","_share_on_mastodon":"0"},"categories":[8],"tags":[1455,1310,726,27,28,15,16,14,2830,25,26,21,22,62,12,13,19,20,32,23,24,33,17,18,29,30,31],"class_list":["post-417956","post","type-post","status-publish","format-standard","has-post-thumbnail","category-principais-noticias","tag-acidentes","tag-aviacao","tag-brasil","tag-breaking-news","tag-breakingnews","tag-featured-news","tag-featurednews","tag-headlines","tag-incendios","tag-latest-news","tag-latestnews","tag-main-news","tag-mainnews","tag-mundo","tag-news","tag-noticias","tag-noticias-principais","tag-noticiasprincipais","tag-portugal","tag-principais-noticias","tag-principaisnoticias","tag-pt","tag-top-stories","tag-topstories","tag-ultimas","tag-ultimas-noticias","tag-ultimasnoticias"],"share_on_mastodon":{"url":"https:\/\/pubeurope.com\/@pt\/116750864206994036","error":""},"_links":{"self":[{"href":"https:\/\/www.europesays.com\/pt\/wp-json\/wp\/v2\/posts\/417956","targetHints":{"allow":["GET"]}}],"collection":[{"href":"https:\/\/www.europesays.com\/pt\/wp-json\/wp\/v2\/posts"}],"about":[{"href":"https:\/\/www.europesays.com\/pt\/wp-json\/wp\/v2\/types\/post"}],"author":[{"embeddable":true,"href":"https:\/\/www.europesays.com\/pt\/wp-json\/wp\/v2\/users\/2"}],"replies":[{"embeddable":true,"href":"https:\/\/www.europesays.com\/pt\/wp-json\/wp\/v2\/comments?post=417956"}],"version-history":[{"count":0,"href":"https:\/\/www.europesays.com\/pt\/wp-json\/wp\/v2\/posts\/417956\/revisions"}],"wp:featuredmedia":[{"embeddable":true,"href":"https:\/\/www.europesays.com\/pt\/wp-json\/wp\/v2\/media\/417957"}],"wp:attachment":[{"href":"https:\/\/www.europesays.com\/pt\/wp-json\/wp\/v2\/media?parent=417956"}],"wp:term":[{"taxonomy":"category","embeddable":true,"href":"https:\/\/www.europesays.com\/pt\/wp-json\/wp\/v2\/categories?post=417956"},{"taxonomy":"post_tag","embeddable":true,"href":"https:\/\/www.europesays.com\/pt\/wp-json\/wp\/v2\/tags?post=417956"}],"curies":[{"name":"wp","href":"https:\/\/api.w.org\/{rel}","templated":true}]}}