{"id":417970,"date":"2026-06-14T22:53:18","date_gmt":"2026-06-14T22:53:18","guid":{"rendered":"https:\/\/www.europesays.com\/pt\/417970\/"},"modified":"2026-06-14T22:53:18","modified_gmt":"2026-06-14T22:53:18","slug":"foi-dia-de-casamento-para-fernanda-serrano-o-verdadeiro-amor-vence-sempre","status":"publish","type":"post","link":"https:\/\/www.europesays.com\/pt\/417970\/","title":{"rendered":"Foi dia de casamento para Fernanda Serrano: &#8220;O verdadeiro amor vence sempre!&#8221;"},"content":{"rendered":"<p>O passado s\u00e1bado, dia 13, foi de festa para <a href=\"https:\/\/selfie.iol.pt\/famosos\/cristiano-ronaldo\/nas-vesperas-de-momento-marcante-filho-de-fernanda-serrano-rendido-a-famoso-nao-existe\/20260613\/6a2dc51ad34e28842c85203a\" target=\"_blank\" rel=\"nofollow noopener\">Fernanda Serrano<\/a>, que marcou presen\u00e7a no casamento de Patr\u00edcia Brito e Cunha, irm\u00e3 de <a href=\"https:\/\/selfie.iol.pt\/famosos\/ana-brito-e-cunha\/ana-brito-e-cunha-celebra-dia-especial-a-escolha-de-uma-caminhada-juntos\/20240521\/664cbb38d34ebf9bbb3dca50\" target=\"_blank\" rel=\"nofollow noopener\">Ana Brito e Cunha<\/a>.<\/p>\n<p>No Instagram, a atriz, de 52 anos, fez quest\u00e3o de destacar esse momento especial, partilhando uma s\u00e9rie de imagens, inclusivamente do respetivo look.<\/p>\n<p>&#8220;Ontem vivemos uma verdadeira bolha de amor! De acreditar. De agradecer. De constatar. Que o verdadeiro amor vence sempre! Teima em n\u00e3o nos largar! E quando isso acontece, somente devemos viver, sorrir, seguir e agradecer! E Viva La Vida! Parab\u00e9ns, minha irm\u00e3 do cora\u00e7\u00e3o, e que a vida me ofereceu! Uma nova fase muito bonita come\u00e7a aqui! Continuarei aqui, a ver-te ser feliz! E que a vida nos permita tudo isto que somos at\u00e9 sermos velhinhas! Amo-te&#8221;, declarou-se Fernanda Serrano na legenda dos registos.<\/p>\n<p>Veja, agora, as imagens partilhadas por Fernanda Serrano na galeria de fotografias que prepar\u00e1mos para si.<\/p>\n<p>\u00a0<\/p>\n","protected":false},"excerpt":{"rendered":"O passado s\u00e1bado, dia 13, foi de festa para Fernanda Serrano, que marcou presen\u00e7a no casamento de Patr\u00edcia&hellip;\n","protected":false},"author":2,"featured_media":417971,"comment_status":"","ping_status":"","sticky":false,"template":"","format":"standard","meta":{"footnotes":"","_share_on_mastodon":"0"},"categories":[145],"tags":[168,4060,813,1435,211,210,114,115,980,1408,1015,619,161,32,33,1012,162],"class_list":["post-417970","post","type-post","status-publish","format-standard","has-post-thumbnail","category-celebridades","tag-a-protegida","tag-ana-brito-e-cunha","tag-atriz","tag-casamento","tag-celebridades","tag-celebrities","tag-entertainment","tag-entretenimento","tag-famosos","tag-fernanda-serrano","tag-instagram","tag-nacional","tag-novelas","tag-portugal","tag-pt","tag-selfie","tag-tvi"],"share_on_mastodon":{"url":"https:\/\/pubeurope.com\/@pt\/116750922913371616","error":""},"_links":{"self":[{"href":"https:\/\/www.europesays.com\/pt\/wp-json\/wp\/v2\/posts\/417970","targetHints":{"allow":["GET"]}}],"collection":[{"href":"https:\/\/www.europesays.com\/pt\/wp-json\/wp\/v2\/posts"}],"about":[{"href":"https:\/\/www.europesays.com\/pt\/wp-json\/wp\/v2\/types\/post"}],"author":[{"embeddable":true,"href":"https:\/\/www.europesays.com\/pt\/wp-json\/wp\/v2\/users\/2"}],"replies":[{"embeddable":true,"href":"https:\/\/www.europesays.com\/pt\/wp-json\/wp\/v2\/comments?post=417970"}],"version-history":[{"count":0,"href":"https:\/\/www.europesays.com\/pt\/wp-json\/wp\/v2\/posts\/417970\/revisions"}],"wp:featuredmedia":[{"embeddable":true,"href":"https:\/\/www.europesays.com\/pt\/wp-json\/wp\/v2\/media\/417971"}],"wp:attachment":[{"href":"https:\/\/www.europesays.com\/pt\/wp-json\/wp\/v2\/media?parent=417970"}],"wp:term":[{"taxonomy":"category","embeddable":true,"href":"https:\/\/www.europesays.com\/pt\/wp-json\/wp\/v2\/categories?post=417970"},{"taxonomy":"post_tag","embeddable":true,"href":"https:\/\/www.europesays.com\/pt\/wp-json\/wp\/v2\/tags?post=417970"}],"curies":[{"name":"wp","href":"https:\/\/api.w.org\/{rel}","templated":true}]}}