{"id":41800,"date":"2025-08-23T16:40:21","date_gmt":"2025-08-23T16:40:21","guid":{"rendered":"https:\/\/www.europesays.com\/pt\/41800\/"},"modified":"2025-08-23T16:40:21","modified_gmt":"2025-08-23T16:40:21","slug":"calamidade-e-slogan-e-casas-de-emigrantes-deviam-ter-um-seguro","status":"publish","type":"post","link":"https:\/\/www.europesays.com\/pt\/41800\/","title":{"rendered":"Calamidade &#8220;\u00e9 slogan&#8221;. E casas de emigrantes? &#8220;Deviam ter um seguro&#8221;"},"content":{"rendered":"<p>O Ministro da Economia e da Coes\u00e3o Territorial, Manuel Castro Almeida, n\u00e3o reconheceu que houvesse &#8220;utilidade&#8221; em declarar o estado de calamidade atualmente e disse que nenhum autarca lhe explicou por que raz\u00e3o o queria em vigor. Sobre as medidas, Castro Almeida falou das datas para pedir os apoios e, quanto aos emigrantes e \u00e0s casas que c\u00e1 &#8216;deixaram&#8217;, reconheceu que ficam de &#8216;fora&#8217; e que nestes casos devia haver seguro.<\/p>\n<p>\u00a0<\/p>\n<p>&#8220;Declarar ou n\u00e3o declarar o estado de calamidade \u00e9 uma falsa quest\u00e3o. Que o que est\u00e1 acontecer no pa\u00eds \u00e9 uma calamidade, isso \u00e9. Agora, declarar o estado de calamidade tem consequ\u00eancias jur\u00eddicas&#8221;, come\u00e7ou por considerar, em entrevista \u00e0 SIC Not\u00edcias, quando questionado acerca da &#8216;resist\u00eancia&#8217; em faz\u00ea-lo, mesmo face aos pedidos de alguns autarcas.<\/p>\n<p>&#8220;N\u00e3o ouvi ainda ningu\u00e9m que diz &#8216;\u00e9 necess\u00e1rio declarar o estado de calamidade&#8217; explicar porqu\u00ea. \u00c9 para atingir que resultado? N\u00e3o sei. Ainda ningu\u00e9m se explicou&#8221;, continuou o ministro, apontando que mesmo os autarcas que o pedem n\u00e3o explicam.<\/p>\n<p>&#8220;Conversei com dezenas de autarcas. H\u00e1 autarcas que pedem e outros que n\u00e3o. A todos aqueles que perguntei, &#8216;porqu\u00ea, para qu\u00ea, que resultado pretende obter?&#8217;, ningu\u00e9m me explicou porque \u00e9 que queria um estado de calamidade&#8221;, afirmou, defendendo que nenhuma das consequ\u00eancias do estado de calamidade previstas na lei &#8220;v\u00e1 resolver problemas que temos&#8221;.<\/p>\n<p>Castro Almeida justificou ainda que nestas semanas n\u00e3o houve problemas em entrar em terrenos privados, por exemplo, que seria uma das &#8216;facilidades&#8217;, caso o estado de calamidade entrassem em vigor. Rejeitando que fosse necess\u00e1rio tomar esta medida, o ministro refor\u00e7ou: &#8220;As medidas necess\u00e1rias s\u00e3o outras. \u00c9 uma falsa quest\u00e3o. \u00c9 um slogan que foi lan\u00e7ado.&#8221;<\/p>\n<p>&#8220;Se me explicarem para qu\u00ea, que problema resolve, o Governo tem toda\u00a0 abertura para tomar as medidas todas para resolver os problemas. Talvez alguns autarcas possam pensar: &#8216;A situa\u00e7\u00e3o \u00e9 de calamidade. Se declararmos juridicamente o estado de calamidade, h\u00e1 de acontecer alguma coisa boa&#8217;. Mas as coisas boas que v\u00e3o acontecer s\u00e3o aquelas que resultam do decreto-lei que aprov\u00e1mos ontem &#8211; e que vai muito mais longe nos apoios \u00e0s pessoas do que o estado de calamidade. Aqui, n\u00e3o vejo utilidade. Se nos demonstrarem que \u00e9 \u00fatil, l\u00e1 iremos. Sem nenhum tabu&#8221;, garantiu.<\/p>\n<p>O apoio &#8220;antes dos dez dias&#8221; (e as datas)<\/p>\n<p>O ministro foi ainda questionado acerca das medidas anunciadas na quinta-feira, que t\u00eam uma limita\u00e7\u00e3o temporal. Quanto a esta limita\u00e7\u00e3o, Castro Almeida adiantou que a janela para os apoios vigorarem era 26 de julho. &#8220;Foi quando come\u00e7ou este foco de inc\u00eandios, esta situa\u00e7\u00e3o quase de descontrolo [&#8230;], os meios normais da Prote\u00e7\u00e3o Civil deixam de ser suficientes para socorrer as pessoas. Esta \u00e9 a l\u00f3gica. N\u00e3o \u00e9 qualquer inc\u00eandio que justifica a interven\u00e7\u00e3o do Estado; a justifica\u00e7\u00e3o de indemniza\u00e7\u00f5es&#8221;, disse, dando conta de que estes apoios especiais se aplicam quando a dimens\u00e3o dos inc\u00eandios \u00e9 tanta que fica &#8220;fora dos meios normais que o Estado proporciona no \u00e2mbito da Prote\u00e7\u00e3o Civil&#8221;.<\/p>\n<p>O ministro apontou ainda que estes apoios poder\u00e3o ser pedidos at\u00e9 &#8220;ao final do ano ou um pouco mais&#8221;, a partir do momento da publica\u00e7\u00e3o do decreto-lei. &#8220;Acho que acontecer\u00e1 na pr\u00f3xima semana; se o sr. Presidente da Rep\u00fablica for t\u00e3o expedito como costuma ser nestas circunst\u00e2ncias, o decreto tem condi\u00e7\u00f5es de ser publicado e entrar em vigor j\u00e1 no in\u00edcio da pr\u00f3xima semana, e as pessoas podem imediatamente come\u00e7ar a requerer os apoios. O que posso garantir \u00e9 que antes de dez dias v\u00e3o come\u00e7ar a chegar os apoios \u00e0s pessoas&#8221;, afirmou.<\/p>\n<p>Note-se que ainda esta sexta-feira o Presidente da Rep\u00fablica, Marcelo Rebelo de Sousa, falou das medidas anunciadas ontem pelo Executivo e, a prop\u00f3sito da lei-quadro, refor\u00e7ou: &#8220;Estou \u00e0 espera que chegue a Bel\u00e9m, vai diretamente para o Presidente.&#8221;<\/p>\n<p><img decoding=\"async\" src=\"https:\/\/www.europesays.com\/pt\/wp-content\/uploads\/2025\/08\/naom_682b75e946fd4.jpg\" border=\"0\" alt=\"Marcelo sobe tom de cr\u00edtica: \"\/><\/p>\n<p>O chefe de Estado, Marcelo Rebelo de Sousa, indicou ter &#8216;avisado&#8217; sobre o dia 15 de agosto, altura em que o combate \u00e0s chamas poderia agravar-se pela converg\u00eancia de tr\u00eas inc\u00eandios. O Presidente rejeitou comentar a comunica\u00e7\u00e3o do Governo, que est\u00e1 a ser criticada, mas deixou uma nota clara: &#8220;Decis\u00e3o em cima da hora, muitas vezes, chega tarde&#8221;.<\/p>\n<p> Ana Teresa Banha | 18:09 &#8211; 22\/08\/2025 <\/p>\n<p>E as casas dos emigrantes?<\/p>\n<p>O ministro foi ainda questionado acerca de uma outra medida, nomeadamente o apoio para a reconstru\u00e7\u00e3o de habita\u00e7\u00f5es de resid\u00eancia pr\u00f3pria. Confrontando sobre se as habita\u00e7\u00f5es dos emigrantes est\u00e3o exclu\u00eddas, Castro Almeida come\u00e7ou por sublinhar que &#8220;o regime previsto, muito generoso, \u00e9 para casas de resid\u00eancia permanente. &#8220;As pessoas t\u00eam de ter onde dormir, t\u00eam de ter um teto. N\u00f3s n\u00e3o estamos a dar apoio \u00e0s pessoas para repor a sua situa\u00e7\u00e3o econ\u00f3mica, \u00e9 para lhes dar condi\u00e7\u00f5es de vida.&#8221;<\/p>\n<p>&#8220;A situa\u00e7\u00e3o que est\u00e1 prevista \u00e9 de a pessoa ter onde dormir. &#8216;O meu patrim\u00f3nio diminui? Eu devia ter um seguro para isso&#8217;. N\u00e3o \u00e9 para repor o patrim\u00f3nio das pessoas, \u00e9 para terem onde dormir. E as f\u00e1bricas \u00e9 para as pessoas terem onde trabalhar: \u00e9 essa a l\u00f3gica. Os pinheiros tamb\u00e9m arderam e n\u00f3s n\u00e3o vamos pagar pinheiros ou eucaliptos. E h\u00e1 uma diminui\u00e7\u00e3o do patrim\u00f3nio. Estamos a criar condi\u00e7\u00f5es de vida \u00e0s pessoas&#8221;, continuou.<\/p>\n<p>Questionado se lhe parecia justo se estas casas, para onde muitas vezes os emigrantes voltam, n\u00e3o estivessem contempladas, o ministro justificou: &#8220;O incentivo \u00e9 de que devem fazer um seguro de habita\u00e7\u00e3o. Se alinharmos nisso, estamos a desincentivar os seguros. Se tiver uma casa de habita\u00e7\u00e3o pr\u00f3pria e n\u00e3o fez seguro, vamos &#8216;castigar&#8217; porque n\u00e3o h\u00e1 seguro? N\u00e3o \u00e9 um problema de castigar, mas tem de ter uma casa para viver. Vamos ajudar a reconstruir a casa da sua habita\u00e7\u00e3o, porque tem de ter onde dormir. O seu patrim\u00f3nio ficou diminu\u00eddo? \u00c9 problema seu, devia ter um seguro para o efeito.&#8221;<\/p>\n<p>Leia Tamb\u00e9m: <a href=\"https:\/\/www.noticiasaominuto.com\/pais\/2841733\/ajuda-apos-fogos-as-45-medidas-e-a-polemica-anunciadas-pelo-governo\" target=\"_blank\" rel=\"noopener noreferrer nofollow\">Ajuda ap\u00f3s fogos? As 45 medidas (e&#8230; a pol\u00e9mica) anunciadas pelo Governo<\/a><\/p>\n","protected":false},"excerpt":{"rendered":"O Ministro da Economia e da Coes\u00e3o Territorial, Manuel Castro Almeida, n\u00e3o reconheceu que houvesse &#8220;utilidade&#8221; em declarar&hellip;\n","protected":false},"author":2,"featured_media":41801,"comment_status":"","ping_status":"","sticky":false,"template":"","format":"standard","meta":{"footnotes":""},"categories":[8],"tags":[27,28,15,16,14,25,26,21,22,12,13,19,20,32,23,24,33,17,18,29,30,31],"class_list":{"0":"post-41800","1":"post","2":"type-post","3":"status-publish","4":"format-standard","5":"has-post-thumbnail","7":"category-principais-noticias","8":"tag-breaking-news","9":"tag-breakingnews","10":"tag-featured-news","11":"tag-featurednews","12":"tag-headlines","13":"tag-latest-news","14":"tag-latestnews","15":"tag-main-news","16":"tag-mainnews","17":"tag-news","18":"tag-noticias","19":"tag-noticias-principais","20":"tag-noticiasprincipais","21":"tag-portugal","22":"tag-principais-noticias","23":"tag-principaisnoticias","24":"tag-pt","25":"tag-top-stories","26":"tag-topstories","27":"tag-ultimas","28":"tag-ultimas-noticias","29":"tag-ultimasnoticias"},"share_on_mastodon":{"url":"","error":""},"_links":{"self":[{"href":"https:\/\/www.europesays.com\/pt\/wp-json\/wp\/v2\/posts\/41800","targetHints":{"allow":["GET"]}}],"collection":[{"href":"https:\/\/www.europesays.com\/pt\/wp-json\/wp\/v2\/posts"}],"about":[{"href":"https:\/\/www.europesays.com\/pt\/wp-json\/wp\/v2\/types\/post"}],"author":[{"embeddable":true,"href":"https:\/\/www.europesays.com\/pt\/wp-json\/wp\/v2\/users\/2"}],"replies":[{"embeddable":true,"href":"https:\/\/www.europesays.com\/pt\/wp-json\/wp\/v2\/comments?post=41800"}],"version-history":[{"count":0,"href":"https:\/\/www.europesays.com\/pt\/wp-json\/wp\/v2\/posts\/41800\/revisions"}],"wp:featuredmedia":[{"embeddable":true,"href":"https:\/\/www.europesays.com\/pt\/wp-json\/wp\/v2\/media\/41801"}],"wp:attachment":[{"href":"https:\/\/www.europesays.com\/pt\/wp-json\/wp\/v2\/media?parent=41800"}],"wp:term":[{"taxonomy":"category","embeddable":true,"href":"https:\/\/www.europesays.com\/pt\/wp-json\/wp\/v2\/categories?post=41800"},{"taxonomy":"post_tag","embeddable":true,"href":"https:\/\/www.europesays.com\/pt\/wp-json\/wp\/v2\/tags?post=41800"}],"curies":[{"name":"wp","href":"https:\/\/api.w.org\/{rel}","templated":true}]}}