{"id":418721,"date":"2026-06-15T15:19:18","date_gmt":"2026-06-15T15:19:18","guid":{"rendered":"https:\/\/www.europesays.com\/pt\/418721\/"},"modified":"2026-06-15T15:19:18","modified_gmt":"2026-06-15T15:19:18","slug":"banco-de-portugal-preve-crescimento-abaixo-de-2-e-regresso-a-defice-este-ano-financas-publicas","status":"publish","type":"post","link":"https:\/\/www.europesays.com\/pt\/418721\/","title":{"rendered":"Banco de Portugal prev\u00ea crescimento abaixo de 2% e regresso a d\u00e9fice este ano | Finan\u00e7as p\u00fablicas"},"content":{"rendered":"<p dir=\"ltr\">No meio de uma conjuntura internacional dif\u00edcil, o Banco de Portugal continua a estar mais pessimista que o Governo em rela\u00e7\u00e3o \u00e0 evolu\u00e7\u00e3o da economia e das finan\u00e7as p\u00fablicas, antecipando um regresso aos d\u00e9fices j\u00e1 durante este ano.<\/p>\n<p dir=\"ltr\">Na actualiza\u00e7\u00e3o das suas previs\u00f5es divulgada esta segunda-feira, a entidade liderada por \u00c1lvaro Santos Pereira mant\u00e9m, no seu cen\u00e1rio base, uma estimativa de crescimento do PIB portugu\u00eas de 1,8% este ano, com um ligeiro abrandamento para 1,6% no pr\u00f3ximo.<\/p>\n<p dir=\"ltr\">Este \u00e9 um valor que fica abaixo do projectado pelo Governo que, depois de antecipar um crescimento de 2,3% no Or\u00e7amento do Estado, passou em Abril a projectar uma varia\u00e7\u00e3o do PIB este ano de 2%.<\/p>\n<p dir=\"ltr\">No que diz respeito \u00e0 taxa de infla\u00e7\u00e3o, o Banco de Portugal realizou uma revis\u00e3o em alta face \u00e0s previs\u00f5es que tinha feito em Mar\u00e7o, passando a sua estimativa de 2,8% para 3,1% este ano.<\/p>\n<p dir=\"ltr\">Tal como aconteceu recentemente com o BCE, o Banco de Portugal tamb\u00e9m apresentou esta segunda-feira alguns cen\u00e1rios alternativos, que mostram como \u00e9 que a economia portuguesa pode reagir no caso dos desenvolvimentos internacionais, nomeadamente no que diz respeito \u00e0 evolu\u00e7\u00e3o do conflito no M\u00e9dio Oriente, serem mais negativos do que o previsto.<\/p>\n<p dir=\"ltr\">No cen\u00e1rio mais severo, a economia cresceria 1,6% este ano e apenas 1,1% no pr\u00f3ximo. No cen\u00e1rio mais benigno, n\u00e3o haveria ainda assim lugar a um crescimento mais alto do que os 1,8% em 2026 e 1,6% em 2027 j\u00e1 previsto no cen\u00e1rio base.<\/p>\n<p dir=\"ltr\">A explica\u00e7\u00e3o para este facto foi dada por \u00c1lvaro Santos Pereira na confer\u00eancia de imprensa de apresenta\u00e7\u00e3o das previs\u00f5es. &#8220;Obviamente que as not\u00edcias [de um acordo entre os EUA e o Ir\u00e3o] s\u00e3o positivas. Mas mesmo se o estreito fosse hoje aberto ainda vai demorar algumas semanas, mesmo meses, para voltar tudo ao normal. O impacto negativo ainda vai continuar&#8221;, disse o governador.<\/p>\n<p dir=\"ltr\">Este desempenho mais fraco da economia face \u00e0s expectativas do Executivo afecta tamb\u00e9m as previs\u00f5es do Banco de Portugal para as finan\u00e7as p\u00fablicas. \u00c1lvaro Santos Pereira e a sua equipa antecipam agora que o Governo n\u00e3o consiga escapar a um d\u00e9fice de 0,2% este ano, em vez do excedente de 0,1% que o Minist\u00e9rio das Finan\u00e7as liderado por Joaquim Miranda Sarmento continua a ter como objectivo.<\/p>\n<p dir=\"ltr\">Para os anos seguintes, o Banco de Portugal est\u00e1 a prever um agravamento do d\u00e9fice para 0,5% do PIB. Ainda assim, as previs\u00f5es do Banco de Portugal continuam a apontar para a manuten\u00e7\u00e3o de uma tend\u00eancia de diminui\u00e7\u00e3o do r\u00e1cio da d\u00edvida p\u00fablica, que pode ficar abaixo dos 80% do PIB j\u00e1 em 2028.<\/p>\n<p dir=\"ltr\">Na confer\u00eancia de imprensa de apresenta\u00e7\u00e3o do documento, \u00c1lvaro Santos Pereira assumiu que as diferen\u00e7as de previs\u00f5es entre o Banco de Portugal e o Governo para as finan\u00e7as p\u00fablicas podem vir a ser anuladas pela ac\u00e7\u00e3o do Governo. \u201cEstamos a falar de valores [previstos para o d\u00e9fice] muito perto do zero. H\u00e1 obviamente uma margem para se chegar a um excedente, tudo depende do Governo e da economia\u201d, disse.<\/p>\n<p dir=\"ltr\">No que diz respeito ao cumprimento das regras or\u00e7amentais europeias, o banco central alerta que a despesa l\u00edquida est\u00e1 a crescer acima dos limites estabelecidos. Mas, ainda assim, \u00c1lvaro Santos Pereira assinalou que, por causa dos valores do saldo or\u00e7amental e da d\u00edvida, n\u00e3o est\u00e1 preocupado que \u201cPortugal entre numa situa\u00e7\u00e3o em que seja aberto um procedimento por d\u00e9fices excessivos\u201d.<\/p>\n<p dir=\"ltr\">O governador do Banco de Portugal deixou, no entanto, um aviso: \u201cApesar de termos uma d\u00edvida j\u00e1 pr\u00f3xima de 80%, n\u00e3o devemos ser complacentes, porque o envelhecimento da popula\u00e7\u00e3o vai ter um impacto muito grande e vai voltar a fazer crescer o peso da d\u00edvida p\u00fablica no PIB\u201d, disse.<\/p>\n","protected":false},"excerpt":{"rendered":"No meio de uma conjuntura internacional dif\u00edcil, o Banco de Portugal continua a estar mais pessimista que o&hellip;\n","protected":false},"author":2,"featured_media":418722,"comment_status":"","ping_status":"","sticky":false,"template":"","format":"standard","meta":{"footnotes":"","_share_on_mastodon":"0"},"categories":[8],"tags":[474,27,28,476,15,16,4467,14,25,26,21,22,12,13,19,20,3658,32,23,24,33,17,18,29,30,31],"class_list":["post-418721","post","type-post","status-publish","format-standard","has-post-thumbnail","category-principais-noticias","tag-banco-de-portugal","tag-breaking-news","tag-breakingnews","tag-economia","tag-featured-news","tag-featurednews","tag-financas-publicas","tag-headlines","tag-latest-news","tag-latestnews","tag-main-news","tag-mainnews","tag-news","tag-noticias","tag-noticias-principais","tag-noticiasprincipais","tag-pib","tag-portugal","tag-principais-noticias","tag-principaisnoticias","tag-pt","tag-top-stories","tag-topstories","tag-ultimas","tag-ultimas-noticias","tag-ultimasnoticias"],"share_on_mastodon":{"url":"https:\/\/pubeurope.com\/@pt\/116754800317847094","error":""},"_links":{"self":[{"href":"https:\/\/www.europesays.com\/pt\/wp-json\/wp\/v2\/posts\/418721","targetHints":{"allow":["GET"]}}],"collection":[{"href":"https:\/\/www.europesays.com\/pt\/wp-json\/wp\/v2\/posts"}],"about":[{"href":"https:\/\/www.europesays.com\/pt\/wp-json\/wp\/v2\/types\/post"}],"author":[{"embeddable":true,"href":"https:\/\/www.europesays.com\/pt\/wp-json\/wp\/v2\/users\/2"}],"replies":[{"embeddable":true,"href":"https:\/\/www.europesays.com\/pt\/wp-json\/wp\/v2\/comments?post=418721"}],"version-history":[{"count":0,"href":"https:\/\/www.europesays.com\/pt\/wp-json\/wp\/v2\/posts\/418721\/revisions"}],"wp:featuredmedia":[{"embeddable":true,"href":"https:\/\/www.europesays.com\/pt\/wp-json\/wp\/v2\/media\/418722"}],"wp:attachment":[{"href":"https:\/\/www.europesays.com\/pt\/wp-json\/wp\/v2\/media?parent=418721"}],"wp:term":[{"taxonomy":"category","embeddable":true,"href":"https:\/\/www.europesays.com\/pt\/wp-json\/wp\/v2\/categories?post=418721"},{"taxonomy":"post_tag","embeddable":true,"href":"https:\/\/www.europesays.com\/pt\/wp-json\/wp\/v2\/tags?post=418721"}],"curies":[{"name":"wp","href":"https:\/\/api.w.org\/{rel}","templated":true}]}}