{"id":419201,"date":"2026-06-15T23:54:12","date_gmt":"2026-06-15T23:54:12","guid":{"rendered":"https:\/\/www.europesays.com\/pt\/419201\/"},"modified":"2026-06-15T23:54:12","modified_gmt":"2026-06-15T23:54:12","slug":"bombardeiro-da-forca-aerea-dos-eua-despenhou-se-na-california-ha-oito-mortos-eua","status":"publish","type":"post","link":"https:\/\/www.europesays.com\/pt\/419201\/","title":{"rendered":"Bombardeiro da For\u00e7a A\u00e9rea dos EUA despenhou-se na Calif\u00f3rnia, h\u00e1 oito mortos | EUA"},"content":{"rendered":"<p>Um bombardeiro B-52 Stratofortress da For\u00e7a A\u00e9rea dos Estados Unidos, concebido para transportar armas nucleares e convencionais, despenhou-se nesta segunda-feira, pouco depois de ter levantado voo da Base A\u00e9rea de Edwards, no deserto de Mojave, no Sul da Calif\u00f3rnia. A base a\u00e9rea confirmou que a bordo do avi\u00e3o seguiam oito pessoas e que n\u00e3o h\u00e1 sobreviventes.<\/p>\n<p>\u201cFoi tr\u00e1gico e imposs\u00edvel de sobreviver\u201d, declarou o coronel James Hayes numa confer\u00eancia de imprensa, citado pela <a href=\"https:\/\/edition.cnn.com\/2026\/06\/15\/us\/b-52-crash-edwards-california\" target=\"_blank\" rel=\"nofollow noopener\">CNN<\/a>. As equipas est\u00e3o a trabalhar para notificar as fam\u00edlias sobre as mortes nas pr\u00f3ximas horas, informou o sargento-mor Joshua T. Skarloken, adiantando que o grupo era composto por militares, funcion\u00e1rios p\u00fablicos e do governo.<\/p>\n<p>O avi\u00e3o ter\u00e1 levantado voo para realizar uma miss\u00e3o de treino rotineira. At\u00e9 ao momento, n\u00e3o foram divulgados detalhes sobre a causa do acidente.<\/p>\n<p>Imagens a\u00e9reas captadas pouco ap\u00f3s o acidente, a cerca de 160 quil\u00f3metros a norte de Los Angeles, mostravam uma zona carbonizada e ainda a arder no solo do deserto, com uma \u00e1rea semelhante \u00e0 de um campo de futebol, enquanto se avistava um ve\u00edculo de emerg\u00eancia a circular ao longo do per\u00edmetro do local. N\u00e3o eram vis\u00edveis destro\u00e7os de grandes dimens\u00f5es nas imagens.<\/p>\n<p>\u201cAs equipas de emerg\u00eancia responderam imediatamente ao local e a ocorr\u00eancia continua activa\u201d, escreveu a base a\u00e9rea numa <a href=\"https:\/\/x.com\/EdwardsAFB\/status\/2066597970943058117\" target=\"_blank\" rel=\"nofollow\">publica\u00e7\u00e3o no X<\/a>.<\/p>\n<p>O bombardeiro de oito motores despenhou-se \u201cpouco depois de ter levantado voo do aer\u00f3dromo de Edwards, \u00e0s 11h20\u201d locais (19h20 em Lisboa). De acordo com a base a\u00e9rea, \u201co <a href=\"https:\/\/x.com\/EdwardsAFB\/status\/2066612345770840297\" target=\"_blank\" rel=\"nofollow\">aer\u00f3dromo foi fechado<\/a>\u201d e \u201ctodas as aeronaves que se dirigiam para [a base] est\u00e3o a ser desviadas\u201d. Al\u00e9m disso, \u201ctodos os passes de visitantes n\u00e3o comerciais foram suspensos\u201d.<\/p>\n<p>O Stratofortress, projectado e constru\u00eddo pela Boeing, \u00e9 uma aeronave subs\u00f3nica de longo alcance que h\u00e1 muito serve como espinha dorsal da for\u00e7a de bombardeiros estrat\u00e9gicos tripulados dos EUA, de acordo com as For\u00e7as Armadas norte-americanas.<\/p>\n<p>A aeronave de asa em flecha \u00e9 capaz de transportar muni\u00e7\u00f5es nucleares e convencionais guiadas com precis\u00e3o, incluindo bombas de fragmenta\u00e7\u00e3o e bombas de gravidade, a altitudes superiores a 15 mil metros, de acordo com uma ficha informativa da For\u00e7a A\u00e9rea.<\/p>\n<p>Num conflito convencional, o B-52 pode realizar ataques estrat\u00e9gicos, apoio a\u00e9reo aproximado, interdi\u00e7\u00e3o a\u00e9rea ou opera\u00e7\u00f5es ofensivas a\u00e9reas e mar\u00edtimas.<\/p>\n<p>O incidente desta segunda-feira marcou a primeira queda de um B-52 Stratofortress desde que um bombardeiro do mesmo tipo se despenhou na ilha de Guam, em Maio de 2016, de acordo com o <a href=\"https:\/\/www.baaa-acro.com\/\" target=\"_blank\" rel=\"nofollow noopener\">Arquivo do Gabinete de Acidentes A\u00e9reos<\/a>, uma organiza\u00e7\u00e3o sediada em Genebra que recolhe dados sobre acidentes de avia\u00e7\u00e3o a n\u00edvel global. Todos os sete operacionais a bordo daquela aeronave sobreviveram.<\/p>\n<p>A For\u00e7a A\u00e9rea e o Pent\u00e1gono recusaram-se inicialmente a comentar o acidente desta segunda-feira para al\u00e9m do que a base divulgou online.<\/p>\n<p>Apenas o modelo H do B-52 permanece no invent\u00e1rio da For\u00e7a A\u00e9rea e est\u00e1 destacado para a 5.\u00aa Ala de Bombardeiros na Base A\u00e9rea de Minot, no Dacota do Norte, e para a 2.\u00aa Ala de Bombardeiros na Base A\u00e9rea de Barksdale, no Luisiana \u2014 ambas sob o Comando de Ataque Global da For\u00e7a A\u00e9rea \u2014 e para a 307.\u00aa Ala de Bombardeiros do Comando da Reserva em Barksdale.<\/p>\n","protected":false},"excerpt":{"rendered":"Um bombardeiro B-52 Stratofortress da For\u00e7a A\u00e9rea dos Estados Unidos, concebido para transportar armas nucleares e convencionais, despenhou-se&hellip;\n","protected":false},"author":2,"featured_media":419202,"comment_status":"","ping_status":"","sticky":false,"template":"","format":"standard","meta":{"footnotes":"","_share_on_mastodon":"0"},"categories":[50],"tags":[1455,7809,1310,27,28,8662,235,413,15,16,14,25,26,21,22,62,12,13,19,20,23,24,17,18,29,30,31,63,64,65],"class_list":["post-419201","post","type-post","status-publish","format-standard","has-post-thumbnail","category-mundo","tag-acidentes","tag-america-do-norte","tag-aviacao","tag-breaking-news","tag-breakingnews","tag-california","tag-estados-unidos","tag-eua","tag-featured-news","tag-featurednews","tag-headlines","tag-latest-news","tag-latestnews","tag-main-news","tag-mainnews","tag-mundo","tag-news","tag-noticias","tag-noticias-principais","tag-noticiasprincipais","tag-principais-noticias","tag-principaisnoticias","tag-top-stories","tag-topstories","tag-ultimas","tag-ultimas-noticias","tag-ultimasnoticias","tag-world","tag-world-news","tag-worldnews"],"share_on_mastodon":{"url":"https:\/\/pubeurope.com\/@pt\/116756825097264611","error":""},"_links":{"self":[{"href":"https:\/\/www.europesays.com\/pt\/wp-json\/wp\/v2\/posts\/419201","targetHints":{"allow":["GET"]}}],"collection":[{"href":"https:\/\/www.europesays.com\/pt\/wp-json\/wp\/v2\/posts"}],"about":[{"href":"https:\/\/www.europesays.com\/pt\/wp-json\/wp\/v2\/types\/post"}],"author":[{"embeddable":true,"href":"https:\/\/www.europesays.com\/pt\/wp-json\/wp\/v2\/users\/2"}],"replies":[{"embeddable":true,"href":"https:\/\/www.europesays.com\/pt\/wp-json\/wp\/v2\/comments?post=419201"}],"version-history":[{"count":0,"href":"https:\/\/www.europesays.com\/pt\/wp-json\/wp\/v2\/posts\/419201\/revisions"}],"wp:featuredmedia":[{"embeddable":true,"href":"https:\/\/www.europesays.com\/pt\/wp-json\/wp\/v2\/media\/419202"}],"wp:attachment":[{"href":"https:\/\/www.europesays.com\/pt\/wp-json\/wp\/v2\/media?parent=419201"}],"wp:term":[{"taxonomy":"category","embeddable":true,"href":"https:\/\/www.europesays.com\/pt\/wp-json\/wp\/v2\/categories?post=419201"},{"taxonomy":"post_tag","embeddable":true,"href":"https:\/\/www.europesays.com\/pt\/wp-json\/wp\/v2\/tags?post=419201"}],"curies":[{"name":"wp","href":"https:\/\/api.w.org\/{rel}","templated":true}]}}