{"id":419472,"date":"2026-06-16T05:50:41","date_gmt":"2026-06-16T05:50:41","guid":{"rendered":"https:\/\/www.europesays.com\/pt\/419472\/"},"modified":"2026-06-16T05:50:41","modified_gmt":"2026-06-16T05:50:41","slug":"periodo-de-conscientizacao-sobre-lipedema-amplia-alerta-sobre-tratamentos-enganosos","status":"publish","type":"post","link":"https:\/\/www.europesays.com\/pt\/419472\/","title":{"rendered":"Per\u00edodo de conscientiza\u00e7\u00e3o sobre Lipedema amplia alerta sobre tratamentos enganosos"},"content":{"rendered":"<p>\t\t\t\t\t<a class=\"eb-image-viewport\"><br \/>\n\t\t\t\t\t<img decoding=\"async\" src=\"https:\/\/www.europesays.com\/pt\/wp-content\/uploads\/2026\/06\/b2ap3_large_Sade-abre-13junho-lipedema.jpg\"\/><br \/>\n\t\t<\/a><\/p>\n<p>\n\t\t\tCondi\u00e7\u00e3o atinge 12,3% da popula\u00e7\u00e3o feminina adulta brasileira. Foto- Francine Ferreira\/AI\n\t\t<\/p>\n<p>Junho \u00e9 o m\u00eas de conscientiza\u00e7\u00e3o sobre o Lipedema, uma doen\u00e7a cr\u00f4nica do tecido adiposo linf\u00e1tico que afeta pernas e, \u00e0s vezes, bra\u00e7os, tornozelos e p\u00e9s. A condi\u00e7\u00e3o \u00e9 marcada por desinforma\u00e7\u00e3o, diagn\u00f3sticos errados e invisibilidade e, \u00e0 medida que passa a ocupar mais espa\u00e7o nas conversas sobre sa\u00fade, est\u00e9tica e qualidade de vida, cresce tamb\u00e9m a preocupa\u00e7\u00e3o e o alerta contra tratamentos enganosos, que prometem resultados r\u00e1pidos para uma doen\u00e7a cr\u00f4nica, progressiva e sem cura definitiva.<\/p>\n<p><a href=\"https:\/\/whatsapp.com\/channel\/0029VaAdlTM7z4koWTmyfw3H\" title=\"\" class=\"\" target=\"_blank\" rel=\"noopener noreferrer nofollow\">Clique aqui para participar do canal do <strong>Di\u00e1rio de Jacare\u00ed <\/strong>no WhatsApp e receber not\u00edcias em tempo real.<\/a><\/p>\n<p> O Lipedema, que ainda \u00e9 frequentemente confundido com obesidade, reten\u00e7\u00e3o de l\u00edquido ou linfedema, pode atingir 12,3% da popula\u00e7\u00e3o feminina adulta brasileira, segundo estimativa de 2025 do Consenso Brasileiro de Lipedema. O Instituto Brasileiro de Lipedema estima que ao menos 5 milh\u00f5es de brasileiras apresentam sintomas, embora muitas ainda n\u00e3o saibam que se trata de uma doen\u00e7a.<\/p>\n<p>Nesse cen\u00e1rio, a falta de informa\u00e7\u00e3o, a demora no diagn\u00f3stico e a fragilidade emocional causada pelas mudan\u00e7as no corpo tornam muitas pacientes mais vulner\u00e1veis.<\/p>\n<p>Seguindo a campanha conhecida internacionalmente como &#8216;Junho Roxo&#8217;, a biom\u00e9dica, esteticista e terapeuta linf\u00e1tica especialista em Lipedema, Cl\u00e1udia Farias, refor\u00e7a o alerta \u00e0 popula\u00e7\u00e3o sobre promessas de tratamentos &#8220;milagrosos&#8221;, especialmente aqueles em que a oferta envolve melhora est\u00e9tica imediata do membro acometido.<\/p>\n<p><b data-redactor-tag=\"b\">O QUE \u00c9 E COMO IDENTIFICAR <br \/><\/b>Diferentemente do senso comum de que a patologia se resume ao incha\u00e7o desproporcional nas pernas, o Lipedema tamb\u00e9m pode acometer bra\u00e7os, tornozelos e p\u00e9s. A doen\u00e7a causa dores, sensa\u00e7\u00e3o de peso nos membros, hematomas frequentes e dificuldade de emagrecimento nas \u00e1reas afetadas, que n\u00e3o respondem a dietas e exerc\u00edcios f\u00edsicos da mesma forma que o restante do corpo.\u00a0<\/p>\n<p>Para quem convive com a condi\u00e7\u00e3o, a aus\u00eancia de um caminho claro pode representar anos de tentativas frustradas at\u00e9 encontrar o profissional e o tratamento adequado.<\/p>\n<p>Conforme explica a biom\u00e9dica, por ser uma doen\u00e7a ainda pouco contemplada por estudos m\u00e9dicos, muitas pacientes acabam realizando procedimentos que podem piorar a condi\u00e7\u00e3o dos membros acometidos.<\/p>\n<p>De acordo com a especialista, existem dois tipos de tratamento para o Lipedema: o conservador e o invasivo. O primeiro busca controlar os sintomas, reduzir a inflama\u00e7\u00e3o e melhorar o conforto da paciente no dia a dia, enquanto o segundo envolve procedimento cir\u00fargico e precisa ser avaliado com acompanhamento m\u00e9dico.<\/p>\n<p>Segundo Cl\u00e1udia, o problema est\u00e1 nas abordagens agressivas vendidas como solu\u00e7\u00f5es imediatas, especialmente quando apresentadas sem o devido cuidado multidisciplinar.<\/p>\n<p>&#8220;O tratamento conservador busca desinflamar a regi\u00e3o afetada pelo Lipedema, diminuir as dores sentidas pela paciente e trazer mais conforto no dia a dia. \u00c9 um tratamento que tamb\u00e9m precisa ser acompanhado por consultas m\u00e9dicas e combinado com exerc\u00edcios f\u00edsicos e uma dieta espec\u00edfica. J\u00e1 os procedimentos divulgados como milagrosos s\u00e3o mais agressivos e o paciente acaba por acreditar que a melhora do Lipedema vai ser imediata, quando na verdade a inflama\u00e7\u00e3o s\u00f3 piora&#8221;, explica.<\/p>\n<p><b data-redactor-tag=\"b\">MANEJO CONSERVADOR <br \/><\/b>O Consenso Brasileiro de Lipedema tamb\u00e9m indica que o manejo conservador deve ser a primeira op\u00e7\u00e3o em todos os casos. Esse cuidado inclui mudan\u00e7as no estilo de vida do paciente, nutri\u00e7\u00e3o, terapia compressiva, exerc\u00edcios de baixo impacto, fisioterapia descongestiva e, em alguns casos, uso de medica\u00e7\u00e3o, sempre prescrita, acompanhada e direcionada por um m\u00e9dico.<\/p>\n<p>J\u00e1 o procedimento invasivo \u00e9 cir\u00fargico, deve ser feito em conjunto com m\u00e9dico cl\u00ednico, cirurgi\u00e3o e paciente, e tem como objetivo a melhora da mobilidade em situa\u00e7\u00f5es mais graves.<\/p>\n<p><b data-redactor-tag=\"b\">Comercializa\u00e7\u00e3o da doen\u00e7a <br \/>e tratamentos ineficazes<\/b><\/p>\n<p>A rela\u00e7\u00e3o entre Lipedema, apar\u00eancia corporal e autoestima \u00e9 um dos fatores que favorece a procura por alternativas de efeito r\u00e1pido. Segundo a biom\u00e9dica, esteticista e terapeuta linf\u00e1tica especialista em Lipedema, Cl\u00e1udia Farias, por se tratar de uma doen\u00e7a que afeta a est\u00e9tica do corpo, muitas pacientes chegam emocionalmente fragilizadas e iniciam uma busca intensa por tratamentos que ofere\u00e7am melhora imediata no aspecto das \u00e1reas afetadas. Nesse processo, podem encontrar profissionais que se aproveitem dessa vulnerabilidade.<\/p>\n<p>&#8220;Isso nada mais \u00e9 que a comercializa\u00e7\u00e3o de uma doen\u00e7a. As mulheres historicamente sofrem com a press\u00e3o est\u00e9tica e o Lipedema acaba por aumentar esse sentimento de insatisfa\u00e7\u00e3o e inseguran\u00e7a com o pr\u00f3prio corpo. Essas pacientes ficam mais suscet\u00edveis a tratamentos enganosos e ineficazes, que acabam piorando a inflama\u00e7\u00e3o da gordura por serem agressivos e inadequados&#8221;, alerta.<\/p>\n<p>Como n\u00e3o h\u00e1 cura definitiva, o Lipedema exige cuidado cont\u00ednuo, inclusive nos casos em que h\u00e1 indica\u00e7\u00e3o cir\u00fargica. O tratamento tem como foco aliviar sintomas, reduzir a progress\u00e3o da doen\u00e7a e melhorar a qualidade de vida. Entre as medidas utilizadas est\u00e3o compress\u00e3o el\u00e1stica, fisioterapia descongestiva, alimenta\u00e7\u00e3o anti-inflamat\u00f3ria e, quando necess\u00e1rio, medica\u00e7\u00e3o prescrita por m\u00e9dico especialista, al\u00e9m de lipoaspira\u00e7\u00e3o espec\u00edfica em alguns casos.\u00a0<\/p>\n","protected":false},"excerpt":{"rendered":"Condi\u00e7\u00e3o atinge 12,3% da popula\u00e7\u00e3o feminina adulta brasileira. Foto- Francine Ferreira\/AI Junho \u00e9 o m\u00eas de conscientiza\u00e7\u00e3o sobre&hellip;\n","protected":false},"author":2,"featured_media":419473,"comment_status":"","ping_status":"","sticky":false,"template":"","format":"standard","meta":{"footnotes":"","_share_on_mastodon":"0"},"categories":[86],"tags":[2732,116,32,33,117],"class_list":["post-419472","post","type-post","status-publish","format-standard","has-post-thumbnail","category-saude","tag-geral","tag-health","tag-portugal","tag-pt","tag-saude"],"share_on_mastodon":{"url":"https:\/\/pubeurope.com\/@pt\/116758225081695657","error":""},"_links":{"self":[{"href":"https:\/\/www.europesays.com\/pt\/wp-json\/wp\/v2\/posts\/419472","targetHints":{"allow":["GET"]}}],"collection":[{"href":"https:\/\/www.europesays.com\/pt\/wp-json\/wp\/v2\/posts"}],"about":[{"href":"https:\/\/www.europesays.com\/pt\/wp-json\/wp\/v2\/types\/post"}],"author":[{"embeddable":true,"href":"https:\/\/www.europesays.com\/pt\/wp-json\/wp\/v2\/users\/2"}],"replies":[{"embeddable":true,"href":"https:\/\/www.europesays.com\/pt\/wp-json\/wp\/v2\/comments?post=419472"}],"version-history":[{"count":0,"href":"https:\/\/www.europesays.com\/pt\/wp-json\/wp\/v2\/posts\/419472\/revisions"}],"wp:featuredmedia":[{"embeddable":true,"href":"https:\/\/www.europesays.com\/pt\/wp-json\/wp\/v2\/media\/419473"}],"wp:attachment":[{"href":"https:\/\/www.europesays.com\/pt\/wp-json\/wp\/v2\/media?parent=419472"}],"wp:term":[{"taxonomy":"category","embeddable":true,"href":"https:\/\/www.europesays.com\/pt\/wp-json\/wp\/v2\/categories?post=419472"},{"taxonomy":"post_tag","embeddable":true,"href":"https:\/\/www.europesays.com\/pt\/wp-json\/wp\/v2\/tags?post=419472"}],"curies":[{"name":"wp","href":"https:\/\/api.w.org\/{rel}","templated":true}]}}