{"id":419484,"date":"2026-06-16T06:18:14","date_gmt":"2026-06-16T06:18:14","guid":{"rendered":"https:\/\/www.europesays.com\/pt\/419484\/"},"modified":"2026-06-16T06:18:14","modified_gmt":"2026-06-16T06:18:14","slug":"filha-de-sofia-sousa-e-tierry-vilson-ja-tem-13-anos-e-esta-exatamente-como-a-mae","status":"publish","type":"post","link":"https:\/\/www.europesays.com\/pt\/419484\/","title":{"rendered":"Filha de Sofia Sousa e Tierry Vilson j\u00e1 tem 13 anos&#8230; e est\u00e1 &#8220;exatamente como a m\u00e3e&#8221;!"},"content":{"rendered":"<p>No Instagram, <a href=\"https:\/\/selfie.iol.pt\/famosos\/casa-dos-segredos\/ao-lado-de-tierry-vilson-teresa-silva-faz-esclarecimento-sobre-o-neto-bebe\/20260613\/6a2d80e2d34edcee7c653c99\" target=\"_blank\" rel=\"nofollow noopener\">Teresa Silva<\/a> mostrou-se radiante, ao partilhar uma s\u00e9rie de fotografias de um desfile em que recentemente participou e no qual contou com a presen\u00e7a da respetiva fam\u00edlia.<\/p>\n<p>Nos registos, destaca-se um dos filhos, <a href=\"https:\/\/selfie.iol.pt\/famosos\/yasmin-dafne\/esta-tao-crescida-em-imagens-ineditas-filha-de-sofia-sousa-e-tierry-vilson-celebra-aniversario\/20260406\/69d402efd34e28842c82981d\" target=\"_blank\" rel=\"nofollow noopener\">Tierry Vilson<\/a>, assim como a neta mais velha, Yasmin Dafne. Ali\u00e1s, na caixa de coment\u00e1rios da publica\u00e7\u00e3o, uma seguidora garantiu: &#8220;\u00c9 exatamente como a m\u00e3e.&#8221;<\/p>\n<p>Recorde-se que Yasmin Dafne \u00e9 fruto do relacionamento entretanto terminado de Tierry Vilson com Sofia Sousa. O jovem \u00e9 ainda pai de Ayla e Caio, do casamento com Meghan.<\/p>\n<p>Veja, agora, as imagens partilhadas por Teresa Silva na galeria de fotografias que prepar\u00e1mos para si.<\/p>\n","protected":false},"excerpt":{"rendered":"No Instagram, Teresa Silva mostrou-se radiante, ao partilhar uma s\u00e9rie de fotografias de um desfile em que recentemente&hellip;\n","protected":false},"author":2,"featured_media":419485,"comment_status":"","ping_status":"","sticky":false,"template":"","format":"standard","meta":{"footnotes":"","_share_on_mastodon":"0"},"categories":[145],"tags":[2632,211,210,114,115,981,980,1015,619,32,33,1014,1315,1012,20860,20806,162],"class_list":["post-419484","post","type-post","status-publish","format-standard","has-post-thumbnail","category-celebridades","tag-casa-dos-segredos","tag-celebridades","tag-celebrities","tag-entertainment","tag-entretenimento","tag-familia","tag-famosos","tag-instagram","tag-nacional","tag-portugal","tag-pt","tag-reality-show","tag-secret-story","tag-selfie","tag-sofia-sousa","tag-tierry-vilson","tag-tvi"],"share_on_mastodon":{"url":"https:\/\/pubeurope.com\/@pt\/116758335039308143","error":""},"_links":{"self":[{"href":"https:\/\/www.europesays.com\/pt\/wp-json\/wp\/v2\/posts\/419484","targetHints":{"allow":["GET"]}}],"collection":[{"href":"https:\/\/www.europesays.com\/pt\/wp-json\/wp\/v2\/posts"}],"about":[{"href":"https:\/\/www.europesays.com\/pt\/wp-json\/wp\/v2\/types\/post"}],"author":[{"embeddable":true,"href":"https:\/\/www.europesays.com\/pt\/wp-json\/wp\/v2\/users\/2"}],"replies":[{"embeddable":true,"href":"https:\/\/www.europesays.com\/pt\/wp-json\/wp\/v2\/comments?post=419484"}],"version-history":[{"count":0,"href":"https:\/\/www.europesays.com\/pt\/wp-json\/wp\/v2\/posts\/419484\/revisions"}],"wp:featuredmedia":[{"embeddable":true,"href":"https:\/\/www.europesays.com\/pt\/wp-json\/wp\/v2\/media\/419485"}],"wp:attachment":[{"href":"https:\/\/www.europesays.com\/pt\/wp-json\/wp\/v2\/media?parent=419484"}],"wp:term":[{"taxonomy":"category","embeddable":true,"href":"https:\/\/www.europesays.com\/pt\/wp-json\/wp\/v2\/categories?post=419484"},{"taxonomy":"post_tag","embeddable":true,"href":"https:\/\/www.europesays.com\/pt\/wp-json\/wp\/v2\/tags?post=419484"}],"curies":[{"name":"wp","href":"https:\/\/api.w.org\/{rel}","templated":true}]}}