{"id":419610,"date":"2026-06-16T09:25:22","date_gmt":"2026-06-16T09:25:22","guid":{"rendered":"https:\/\/www.europesays.com\/pt\/419610\/"},"modified":"2026-06-16T09:25:22","modified_gmt":"2026-06-16T09:25:22","slug":"sines-esta-a-trazer-mais-investimento-mas-tambem-mais-importacoes-pib","status":"publish","type":"post","link":"https:\/\/www.europesays.com\/pt\/419610\/","title":{"rendered":"Sines est\u00e1 a trazer mais investimento, mas tamb\u00e9m mais importa\u00e7\u00f5es | PIB"},"content":{"rendered":"<p dir=\"ltr\">Depois do impacto que teve na pol\u00edtica em 2023, o novo centro de dados a ser constru\u00eddo em Sines est\u00e1 agora a ter um efeito muito significativo em diversos indicadores econ\u00f3micos nacionais, tendo levado o Banco de Portugal a rever fortemente em alta as suas estimativas de crescimento do investimento e das importa\u00e7\u00f5es em 2026.<\/p>\n<p dir=\"ltr\">Nas <a href=\"https:\/\/www.publico.pt\/2026\/06\/15\/economia\/noticia\/regras-europeias-banco-portugal-preve-incumprimento-despesa-liquida-2178286\" target=\"_self\" rel=\"nofollow noopener\">previs\u00f5es para a economia<\/a> portuguesa publicadas esta segunda-feira, o banco central surpreendeu ao passar a antecipar um crescimento de 4,5% no investimento este ano, quando em Mar\u00e7o apontava para uma varia\u00e7\u00e3o de 3,8%. <\/p>\n<p dir=\"ltr\">A principal raz\u00e3o para esta mudan\u00e7a est\u00e1, explicou na confer\u00eancia de imprensa de apresenta\u00e7\u00e3o das previs\u00f5es o director do departamento de estudos do Banco de Portugal, Nuno Alves, no investimento avultado a ser realizado em Sines, com a compra de chips e outros equipamentos, para a constru\u00e7\u00e3o de um centro de dados de grande dimens\u00e3o. <\/p>\n<p dir=\"ltr\">Em causa est\u00e1 o Sines Data Campus, da <a href=\"https:\/\/www.publico.pt\/2025\/04\/04\/local\/noticia\/investimento-tarifas-start-campus-inaugura-edificio-data-center-sines-2128570\" target=\"_self\" rel=\"nofollow noopener\">Start Campus<\/a>, um projecto com um investimento global estimado entre os 8,5 e os 10 mil milh\u00f5es de euros, o valor necess\u00e1rio para garantir a infra-estrutura de rede e a capacidade el\u00e9ctrica previstas.<\/p>\n<p dir=\"ltr\">Entre os equipamentos a instalar est\u00e3o chips de \u00faltima gera\u00e7\u00e3o da <a href=\"https:\/\/www.publico.pt\/nvidia\" target=\"_self\" rel=\"nofollow noopener\">Nvidia<\/a>, os semicondutores e unidades de processamento gr\u00e1fico de refer\u00eancia para o treino de IA. Ap\u00f3s a instala\u00e7\u00e3o inicial de 12.600 processadores gr\u00e1ficos, a empresa brit\u00e2nica Nscale anunciou um investimento adicional de 695 milh\u00f5es de euros para integrar mais 66 mil chips &#8220;Nvidia Rubin&#8221; no campus a partir de 2027. <\/p>\n<p dir=\"ltr\">Com liga\u00e7\u00f5es ao projecto, a multinacional chinesa CALB formalizou igualmente um investimento de 2067 milh\u00f5es de euros para construir uma f\u00e1brica de baterias de l\u00edtio em Sines. <\/p>\n<p dir=\"ltr\">Todo este investimento j\u00e1 contribuiu para que, no total da economia nacional, o desempenho deste indicador fosse, no primeiro trimestre deste ano, mais positivo, levando o Banco de Portugal a rever em alta as suas previs\u00f5es.<\/p>\n<p dir=\"ltr\">No entanto, ao mesmo tempo que o investimento acelera, tamb\u00e9m as importa\u00e7\u00f5es crescem porque, como diz o banco no seu boletim, o conte\u00fado importado deste investimento \u00e9 de praticamente 100%.<\/p>\n<p dir=\"ltr\">\u00c9 por isso que tamb\u00e9m nas importa\u00e7\u00f5es, o Banco de Portugal reviu a sua previs\u00e3o em alta. Em Mar\u00e7o previa um crescimento deste indicador de 1,9% em 2026 e agora a estimativa passou a ser de 3,7%.<\/p>\n<p dir=\"ltr\">De igual modo, o banco viu-se for\u00e7ado a rever as suas previs\u00f5es para o saldo com o exterior, com a balan\u00e7a de bens e servi\u00e7os a passar de um valor positivo de 0,6% do PIB para um valor negativo de 0,2% do PIB este ano.<\/p>\n<p dir=\"ltr\">O impacto no PIB acaba por ser nulo, uma vez que o contributo positivo dado pelo aumento do investimento \u00e9 igual ao contributo negativo dado pelo aumento das importa\u00e7\u00f5es. Um efeito positivo no PIB deste projecto acontecer\u00e1 eventualmente no futuro, quando a economia come\u00e7ar a produzir.<\/p>\n","protected":false},"excerpt":{"rendered":"Depois do impacto que teve na pol\u00edtica em 2023, o novo centro de dados a ser constru\u00eddo em&hellip;\n","protected":false},"author":2,"featured_media":419611,"comment_status":"","ping_status":"","sticky":false,"template":"","format":"standard","meta":{"footnotes":"","_share_on_mastodon":"0"},"categories":[10],"tags":[474,27,28,476,15,16,14,25,26,21,22,12,13,19,20,3658,32,23,24,33,6746,17,18,29,30,31],"class_list":["post-419610","post","type-post","status-publish","format-standard","has-post-thumbnail","category-portugal","tag-banco-de-portugal","tag-breaking-news","tag-breakingnews","tag-economia","tag-featured-news","tag-featurednews","tag-headlines","tag-latest-news","tag-latestnews","tag-main-news","tag-mainnews","tag-news","tag-noticias","tag-noticias-principais","tag-noticiasprincipais","tag-pib","tag-portugal","tag-principais-noticias","tag-principaisnoticias","tag-pt","tag-sines","tag-top-stories","tag-topstories","tag-ultimas","tag-ultimas-noticias","tag-ultimasnoticias"],"share_on_mastodon":{"url":"https:\/\/pubeurope.com\/@pt\/116759070480248751","error":""},"_links":{"self":[{"href":"https:\/\/www.europesays.com\/pt\/wp-json\/wp\/v2\/posts\/419610","targetHints":{"allow":["GET"]}}],"collection":[{"href":"https:\/\/www.europesays.com\/pt\/wp-json\/wp\/v2\/posts"}],"about":[{"href":"https:\/\/www.europesays.com\/pt\/wp-json\/wp\/v2\/types\/post"}],"author":[{"embeddable":true,"href":"https:\/\/www.europesays.com\/pt\/wp-json\/wp\/v2\/users\/2"}],"replies":[{"embeddable":true,"href":"https:\/\/www.europesays.com\/pt\/wp-json\/wp\/v2\/comments?post=419610"}],"version-history":[{"count":0,"href":"https:\/\/www.europesays.com\/pt\/wp-json\/wp\/v2\/posts\/419610\/revisions"}],"wp:featuredmedia":[{"embeddable":true,"href":"https:\/\/www.europesays.com\/pt\/wp-json\/wp\/v2\/media\/419611"}],"wp:attachment":[{"href":"https:\/\/www.europesays.com\/pt\/wp-json\/wp\/v2\/media?parent=419610"}],"wp:term":[{"taxonomy":"category","embeddable":true,"href":"https:\/\/www.europesays.com\/pt\/wp-json\/wp\/v2\/categories?post=419610"},{"taxonomy":"post_tag","embeddable":true,"href":"https:\/\/www.europesays.com\/pt\/wp-json\/wp\/v2\/tags?post=419610"}],"curies":[{"name":"wp","href":"https:\/\/api.w.org\/{rel}","templated":true}]}}