{"id":41991,"date":"2025-08-23T19:47:10","date_gmt":"2025-08-23T19:47:10","guid":{"rendered":"https:\/\/www.europesays.com\/pt\/41991\/"},"modified":"2025-08-23T19:47:10","modified_gmt":"2025-08-23T19:47:10","slug":"homem-e-diagnosticado-com-peste-negra-na-california-apos-acampamento-noticias-r7","status":"publish","type":"post","link":"https:\/\/www.europesays.com\/pt\/41991\/","title":{"rendered":"Homem \u00e9 diagnosticado com peste negra na Calif\u00f3rnia ap\u00f3s acampamento \u2013 Noticias R7"},"content":{"rendered":"<p>Apesar do novo caso, especialistas refor\u00e7am que a peste continua sendo rara nos Estados Unidos<\/p>\n<p class=\"article-text-xxxs article-text-neutral-low-500 dark:article-text-neutral-high-400\"><a href=\"https:\/\/noticias.r7.com\/internacional\" title=\"Internacional\" class=\"article-editorial-text article-font-semibold article-uppercase dark:!article-text-neutral-high-400\" rel=\"nofollow noopener\" target=\"_blank\">Internacional<\/a>|Do R7<\/p>\n<p class=\"article-uppercase article-text-little article-text-age-rating-18anos-500 dark:article-text-neutral-high-400\">23\/08\/2025 &#8211; 12h50 (Atualizado em 23\/08\/2025 &#8211; 12h50)<\/p>\n<p>LEIA AQUI O RESUMO DA NOT\u00cdCIA<\/p>\n<ul class=\"b-article-body-custom-embed-brief-news__list\" style=\"margin: 0; padding-left: 20px; list-style-type: disc;\">\n<li>Homem na Calif\u00f3rnia testou positivo para peste negra ap\u00f3s acampamento.<\/li>\n<li>A doen\u00e7a \u00e9 rara nos EUA, com cerca de sete casos por ano, principalmente no Oeste.<\/li>\n<li>Os sintomas incluem febre, fraqueza e incha\u00e7o dos g\u00e2nglios linf\u00e1ticos.<\/li>\n<li>Autoridades recomendam medidas de preven\u00e7\u00e3o para acampamentos em \u00e1reas com roedores.<\/li>\n<\/ul>\n<p style=\"font-size: 0.8em; font-style: italic; text-align: right; margin-top: 15px; padding-bottom: 5px; margin-bottom: 0;\">Produzido pela Ri7a &#8211; a Intelig\u00eancia Artificial do R7<\/p>\n<p><img decoding=\"async\" data-chromatic=\"ignore\" alt=\"Sintomas aparecem em at&#xE9; duas semanas ap&#xF3;s a exposi&#xE7;&#xE3;o\" class=\"c-image\" loading=\"lazy\" src=\"https:\/\/www.europesays.com\/pt\/wp-content\/uploads\/2025\/08\/67MIEEGXJFAQPBPUYLJIQINZIY.jpg\"  width=\"1200\" height=\"675\"\/>Sintomas aparecem em at\u00e9 duas semanas ap\u00f3s a exposi\u00e7\u00e3o CDC\/Divulga\u00e7\u00e3o <\/p>\n<p class=\"dark:base-text-neutral-high-400 base-text-[calc(theme(fontSize.xs)_*_var(--font-size,_1))] base-font-normal base-font-primary base-text-neutral-low-500 base-text-left\">Autoridades de sa\u00fade dos <a href=\"https:\/\/noticias.r7.com\/prisma\/alerta-vermelho-eua-passam-a-monitorar-em-tempo-real-todos-os-55-milhoes-de-vistos-22082025\/\" target=\"_blank\" rel=\"noreferrer nofollow noopener\" title=\"https:\/\/noticias.r7.com\/prisma\/alerta-vermelho-eua-passam-a-monitorar-em-tempo-real-todos-os-55-milhoes-de-vistos-22082025\/\">Estados Unidos<\/a> confirmaram que um morador da regi\u00e3o da Sierra Nevada, no condado de El Dorado, na Calif\u00f3rnia, testou positivo para peste negra. O paciente, que agora se recupera em casa, provavelmente foi infectado ap\u00f3s ser <a href=\"https:\/\/noticias.r7.com\/brasilia\/mais-de-1200-ovos-sao-apreendidos-em-granja-irregular-com-ratos-e-pulgas-no-df-07082025\/\" target=\"_blank\" rel=\"noreferrer nofollow noopener\" title=\"https:\/\/noticias.r7.com\/brasilia\/mais-de-1200-ovos-sao-apreendidos-em-granja-irregular-com-ratos-e-pulgas-no-df-07082025\/\">picado por uma pulga<\/a> enquanto acampava em South Lake Tahoe. O \u00faltimo caso registrado na regi\u00e3o havia ocorrido em 2020.<\/p>\n<p class=\"dark:base-text-neutral-high-400 base-text-[calc(theme(fontSize.xs)_*_var(--font-size,_1))] base-font-normal base-font-primary base-text-neutral-low-500 base-text-left\">A doen\u00e7a, causada pela bact\u00e9ria Yersinia pestis, \u00e9 transmitida por picadas de pulgas infectadas que circulam em <a href=\"https:\/\/record.r7.com\/acumuladores\/video\/idosa-precisa-dormir-do-lado-de-fora-de-casa-por-causa-de-infestacao-de-ratos-22082025\/\" target=\"_blank\" rel=\"noreferrer nofollow noopener\" title=\"https:\/\/record.r7.com\/acumuladores\/video\/idosa-precisa-dormir-do-lado-de-fora-de-casa-por-causa-de-infestacao-de-ratos-22082025\/\">roedores selvagens<\/a> como esquilos e tatus. Tamb\u00e9m pode ser contra\u00edda pelo contato com tecidos ou fluidos de animais infectados. Em gatos, por exemplo, a peste pode evoluir para a forma pneum\u00f4nica e ser transmitida aos donos ou veterin\u00e1rios.<\/p>\n<p class=\"dark:base-text-neutral-high-400 base-text-[calc(theme(fontSize.xs)_*_var(--font-size,_1))] base-font-normal base-font-primary base-text-neutral-low-500 base-text-left\">\u201c\u00c9 importante que as pessoas protejam a si mesmas e seus animais de estima\u00e7\u00e3o quando estiverem ao ar livre, especialmente em caminhadas, trilhas e camping em \u00e1reas onde h\u00e1 presen\u00e7a de roedores selvagens\u201d, afirmou Kyle Fliflet, diretor interino de sa\u00fade p\u00fablica de El Dorado.<\/p>\n<p class=\"dark:base-text-neutral-high-400 base-text-[calc(theme(fontSize.xs)_*_var(--font-size,_1))] base-font-normal base-font-primary base-text-neutral-low-500 base-text-left\">A infec\u00e7\u00e3o pode se apresentar em tr\u00eas formas principais. A mais comum \u00e9 a peste bub\u00f4nica, em que a bact\u00e9ria se multiplica nos g\u00e2nglios linf\u00e1ticos pr\u00f3ximos \u00e0 picada. H\u00e1 ainda a peste septic\u00eamica, quando a bact\u00e9ria invade a corrente sangu\u00ednea, e a pneum\u00f4nica, que afeta os pulm\u00f5es e pode ser transmitida de pessoa para pessoa por got\u00edculas. Segundo especialistas, a transmiss\u00e3o direta entre humanos n\u00e3o \u00e9 registrada nos Estados Unidos h\u00e1 mais de um s\u00e9culo.<\/p>\n<p class=\"dark:base-text-neutral-high-400 base-text-[calc(theme(fontSize.xs)_*_var(--font-size,_1))] base-font-normal base-font-primary base-text-neutral-low-500 base-text-left\">Os sintomas aparecem em at\u00e9 duas semanas ap\u00f3s a exposi\u00e7\u00e3o e incluem febre, fraqueza, n\u00e1usea e incha\u00e7o dos g\u00e2nglios linf\u00e1ticos. O tratamento imediato com antibi\u00f3ticos \u00e9 essencial. O Centro de Controle e Preven\u00e7\u00e3o de Doen\u00e7as (CDC) alerta que, sem diagn\u00f3stico precoce, a peste pode ser fatal. No m\u00eas passado, um homem morreu no Arizona em decorr\u00eancia da doen\u00e7a.<\/p>\n<p><video controls=\"\" class=\"video-js\" preload=\"metadata\" poster=\"https:\/\/d22yf0mxeu0gma.cloudfront.net\/08-21-2025\/t_e28db1f28d734ad9b27605fe08e0e820_name_file_960x540_1600_v4_.jpg\" title=\"M&#xE9;dicos descobrem primeiro registro de c&#xE2;ncer raro associado a implante de silicone no pa&#xED;s\" data-sprite-url=\"\" data-metadata=\"{&quot;title&quot;:&quot;M&#xE9;dicos descobrem primeiro registro de c&#xE2;ncer raro associado a implante de silicone no pa&#xED;s&quot;,&quot;sectionName&quot;:&quot;R7&quot;,&quot;mainSection&quot;:&quot;Internacional&quot;,&quot;subSection&quot;:&quot;&quot;,&quot;views&quot;:&quot;&quot;,&quot;disableAdv&quot;:&quot;false&quot;,&quot;createdDate&quot;:&quot;2025-08-21T00:07:31Z&quot;,&quot;mainSectionUrl&quot;:&quot;https:\/\/noticias.r7.com\/jr-na-tv\/video\/medicos-descobrem-primeiro-registro-de-cancer-raro-associado-a-implante-de-silicone-no-pais-21082025\/&quot;,&quot;sectionPath&quot;:&quot;https:\/\/noticias.r7.com\/jr-na-tv&quot;,&quot;ageRating&quot;:&quot;&quot;,&quot;ageRatingDescription&quot;:&quot;&quot;,&quot;duration&quot;:153600,&quot;playerUrl&quot;:&quot;https:\/\/noticias.r7.com\/player\/5c3f7f70-808e-4d90-86ad-ff0c3c7c2ace\/&quot;}\" data-player-params=\"{&quot;p&quot;:&quot;true&quot;,&quot;autoPlay&quot;:&quot;false&quot;,&quot;logo&quot;:&quot;true&quot;,&quot;playlistId&quot;:&quot;false&quot;,&quot;calhau&quot;:&quot;false&quot;,&quot;share&quot;:&quot;true&quot;,&quot;sz&quot;:&quot;false&quot;,&quot;full&quot;:&quot;true&quot;,&quot;customAdHash&quot;:&quot;\/7542\/r7noticias\/internacional&quot;,&quot;referrerUrl&quot;:&quot;&quot;,&quot;externalLinks&quot;:&quot;true&quot;,&quot;debug&quot;:&quot;false&quot;,&quot;debugHash&quot;:&quot;false&quot;,&quot;debugRelated&quot;:&quot;false&quot;,&quot;timerRelated&quot;:&quot;true&quot;,&quot;logoRecord&quot;:&quot;false&quot;,&quot;contextModal&quot;:&quot;false&quot;,&quot;parentUrl&quot;:&quot;https:\/\/record.r7.com\/&quot;,&quot;t&quot;:&quot;0&quot;,&quot;noTitle&quot;:false,&quot;endBehavior&quot;:&quot;default&quot;}\" data-related-videos=\"[{&quot;title&quot;:&quot;Assista &#xE0; &#xED;ntegra do Jornal da Record | 22\/08\/2025&quot;,&quot;thumb&quot;:&quot;https:\/\/d22yf0mxeu0gma.cloudfront.net\/08-23-2025\/t_f2f43216432b4795942c45678175d5af_name_Design_sem_nome__28_.jpg&quot;,&quot;url&quot;:&quot;https:\/\/noticias.r7.com\/jr-na-tv\/integras\/video\/assista-a-integra-do-jornal-da-record-22082025-23082025\/&quot;,&quot;embedUrl&quot;:&quot;https:\/\/noticias.r7.com\/player\/d0157f6a-5066-4115-aa42-b1a79fccf348\/&quot;},{&quot;title&quot;:&quot;Homem &#xE9; preso por abandonar cachorro no estacionamento do Aeroporto de Florian&#xF3;polis&quot;,&quot;thumb&quot;:&quot;https:\/\/d22yf0mxeu0gma.cloudfront.net\/08-23-2025\/t_5dc1f93189674faeb67da26721633bd4_name_file_960x540_1600_v4_.jpg&quot;,&quot;url&quot;:&quot;https:\/\/noticias.r7.com\/jr-na-tv\/video\/homem-e-preso-por-abandonar-cachorro-no-estacionamento-do-aeroporto-de-florianopolis-23082025\/&quot;,&quot;embedUrl&quot;:&quot;https:\/\/noticias.r7.com\/player\/bdd8ad3d-3d84-4a51-b743-f52eb6562417\/&quot;},{&quot;title&quot;:&quot;P&#xE1;s de turbina e&#xF3;lica se soltam ap&#xF3;s motor pegar fogo no interior do Cear&#xE1;&quot;,&quot;thumb&quot;:&quot;https:\/\/d22yf0mxeu0gma.cloudfront.net\/08-23-2025\/t_2b0e2f5825cd4c1cb966ced66af461f4_name_file_960x540_1600_v4_.jpg&quot;,&quot;url&quot;:&quot;https:\/\/noticias.r7.com\/jr-na-tv\/video\/pas-de-turbina-eolica-se-soltam-apos-motor-pegar-fogo-no-interior-do-ceara-23082025\/&quot;,&quot;embedUrl&quot;:&quot;https:\/\/noticias.r7.com\/player\/4e55287b-bfe8-4005-835a-879bbb732ec2\/&quot;}]\" data-player-url=\"https:\/\/noticias.r7.com\/player\/5c3f7f70-808e-4d90-86ad-ff0c3c7c2ace\/\" data-arc-video=\"\" data-arc-id=\"5c3f7f70-808e-4d90-86ad-ff0c3c7c2ace\" data-short=\"false\" style=\"visibility:hidden\"><\/video><\/p>\n<p class=\"dark:base-text-neutral-high-400 base-text-[calc(theme(fontSize.xs)_*_var(--font-size,_1))] base-font-normal base-font-primary base-text-neutral-low-500 base-text-left\">Apesar do novo caso, especialistas refor\u00e7am que a peste continua sendo rara nos Estados Unidos. Em m\u00e9dia, sete pessoas s\u00e3o infectadas por ano, principalmente em estados do Oeste como Calif\u00f3rnia, Arizona e Novo M\u00e9xico. O Departamento de Sa\u00fade P\u00fablica da Calif\u00f3rnia monitora roedores na regi\u00e3o da Bacia de Tahoe e desde 2021 encontrou a bact\u00e9ria em 45 animais, incluindo esquilos e t\u00e2mias. Somente em 2024, foram quatro registros positivos na \u00e1rea.<\/p>\n<p class=\"dark:base-text-neutral-high-400 base-text-[calc(theme(fontSize.xs)_*_var(--font-size,_1))] base-font-normal base-font-primary base-text-neutral-low-500 base-text-left\">\u201cO risco \u00e9 incrivelmente baixo\u201d, disse Edward Jones-Lopez, especialista em doen\u00e7as infecciosas da Keck Medicine, da Universidade do Sul da Calif\u00f3rnia. \u201cSe voc\u00ea vive neste pa\u00eds, tem muito mais chance de enfrentar uma longa lista de outras coisas, doen\u00e7as como o sarampo.\u201d<\/p>\n<p class=\"dark:base-text-neutral-high-400 base-text-[calc(theme(fontSize.xs)_*_var(--font-size,_1))] base-font-normal base-font-primary base-text-neutral-low-500 base-text-left\">Autoridades recomendam medidas de preven\u00e7\u00e3o para quem acampa ou faz trilhas em regi\u00f5es com roedores selvagens. Entre elas est\u00e3o evitar contato com os animais, manter os pets na coleira, usar cal\u00e7as compridas presas \u00e0s botas, aplicar repelentes e adotar produtos antipulgas em animais de estima\u00e7\u00e3o.<\/p>\n<p class=\"dark:base-text-neutral-high-400 base-text-[calc(theme(fontSize.xs)_*_var(--font-size,_1))] base-font-normal base-font-primary base-text-neutral-low-500 base-text-left\">No Brasil, o Minist\u00e9rio da Sa\u00fade n\u00e3o registra casos humanos desde 2005, quando houve um epis\u00f3dio no munic\u00edpio de Pedra Branca, no Cear\u00e1.<\/p>\n<p>Perguntas e Respostas<\/p>\n<p>\u00a0<\/p>\n<p class=\"dark:base-text-neutral-high-400 base-text-[calc(theme(fontSize.xs)_*_var(--font-size,_1))] base-font-normal base-font-primary base-text-neutral-low-500 base-text-left\"><b>Qual foi o recente caso de peste negra na Calif\u00f3rnia?<\/b><\/p>\n<p>\u00a0<\/p>\n<p class=\"dark:base-text-neutral-high-400 base-text-[calc(theme(fontSize.xs)_*_var(--font-size,_1))] base-font-normal base-font-primary base-text-neutral-low-500 base-text-left\">Um morador da regi\u00e3o da Sierra Nevada, no condado de El Dorado, testou positivo para peste negra ap\u00f3s ser picado por uma pulga enquanto acampava em South Lake Tahoe. O paciente est\u00e1 se recuperando em casa.<\/p>\n<p>\u00a0<\/p>\n<p class=\"dark:base-text-neutral-high-400 base-text-[calc(theme(fontSize.xs)_*_var(--font-size,_1))] base-font-normal base-font-primary base-text-neutral-low-500 base-text-left\"><b>Como a peste negra \u00e9 transmitida?<\/b><\/p>\n<p>\u00a0<\/p>\n<p class=\"dark:base-text-neutral-high-400 base-text-[calc(theme(fontSize.xs)_*_var(--font-size,_1))] base-font-normal base-font-primary base-text-neutral-low-500 base-text-left\">A peste negra \u00e9 causada pela bact\u00e9ria Yersinia pestis e \u00e9 transmitida por picadas de pulgas infectadas que circulam em roedores selvagens, como esquilos e tatus. Tamb\u00e9m pode ser contra\u00edda pelo contato com tecidos ou fluidos de animais infectados.<\/p>\n<p>\u00a0<\/p>\n<p class=\"dark:base-text-neutral-high-400 base-text-[calc(theme(fontSize.xs)_*_var(--font-size,_1))] base-font-normal base-font-primary base-text-neutral-low-500 base-text-left\"><b>Quais s\u00e3o as formas de infec\u00e7\u00e3o da peste negra?<\/b><\/p>\n<p>\u00a0<\/p>\n<p class=\"dark:base-text-neutral-high-400 base-text-[calc(theme(fontSize.xs)_*_var(--font-size,_1))] base-font-normal base-font-primary base-text-neutral-low-500 base-text-left\">A infec\u00e7\u00e3o pode se apresentar em tr\u00eas formas principais: peste bub\u00f4nica, que afeta os g\u00e2nglios linf\u00e1ticos; peste septic\u00eamica, que invade a corrente sangu\u00ednea; e peste pneum\u00f4nica, que afeta os pulm\u00f5es e pode ser transmitida entre pessoas. A transmiss\u00e3o direta entre humanos n\u00e3o \u00e9 registrada nos Estados Unidos h\u00e1 mais de um s\u00e9culo.<\/p>\n<p>\u00a0<\/p>\n<p class=\"dark:base-text-neutral-high-400 base-text-[calc(theme(fontSize.xs)_*_var(--font-size,_1))] base-font-normal base-font-primary base-text-neutral-low-500 base-text-left\"><b>Quais s\u00e3o os sintomas da peste negra?<\/b><\/p>\n<p>\u00a0<\/p>\n<p class=\"dark:base-text-neutral-high-400 base-text-[calc(theme(fontSize.xs)_*_var(--font-size,_1))] base-font-normal base-font-primary base-text-neutral-low-500 base-text-left\">Os sintomas podem aparecer em at\u00e9 duas semanas ap\u00f3s a exposi\u00e7\u00e3o e incluem febre, fraqueza, n\u00e1usea e incha\u00e7o dos g\u00e2nglios linf\u00e1ticos. O tratamento imediato com antibi\u00f3ticos \u00e9 essencial, pois a peste pode ser fatal sem diagn\u00f3stico precoce.<\/p>\n<p>\u00a0<\/p>\n<p class=\"dark:base-text-neutral-high-400 base-text-[calc(theme(fontSize.xs)_*_var(--font-size,_1))] base-font-normal base-font-primary base-text-neutral-low-500 base-text-left\"><b>Qual \u00e9 a frequ\u00eancia de casos de peste negra nos Estados Unidos?<\/b><\/p>\n<p>\u00a0<\/p>\n<p class=\"dark:base-text-neutral-high-400 base-text-[calc(theme(fontSize.xs)_*_var(--font-size,_1))] base-font-normal base-font-primary base-text-neutral-low-500 base-text-left\">A peste continua sendo rara nos Estados Unidos, com uma m\u00e9dia de sete pessoas infectadas por ano, principalmente em estados do Oeste, como Calif\u00f3rnia, Arizona e Novo M\u00e9xico.<\/p>\n<p>\u00a0<\/p>\n<p class=\"dark:base-text-neutral-high-400 base-text-[calc(theme(fontSize.xs)_*_var(--font-size,_1))] base-font-normal base-font-primary base-text-neutral-low-500 base-text-left\"><b>Quais medidas de preven\u00e7\u00e3o s\u00e3o recomendadas?<\/b><\/p>\n<p>\u00a0<\/p>\n<p class=\"dark:base-text-neutral-high-400 base-text-[calc(theme(fontSize.xs)_*_var(--font-size,_1))] base-font-normal base-font-primary base-text-neutral-low-500 base-text-left\">Autoridades recomendam evitar contato com roedores, manter os pets na coleira, usar cal\u00e7as compridas presas \u00e0s botas, aplicar repelentes e adotar produtos antipulgas em animais de estima\u00e7\u00e3o ao acampar ou fazer trilhas em regi\u00f5es com roedores selvagens.<\/p>\n<p>\u00a0<\/p>\n<p class=\"dark:base-text-neutral-high-400 base-text-[calc(theme(fontSize.xs)_*_var(--font-size,_1))] base-font-normal base-font-primary base-text-neutral-low-500 base-text-left\"><b>Como est\u00e1 a situa\u00e7\u00e3o da peste negra no Brasil?<\/b><\/p>\n<p>\u00a0<\/p>\n<p class=\"dark:base-text-neutral-high-400 base-text-[calc(theme(fontSize.xs)_*_var(--font-size,_1))] base-font-normal base-font-primary base-text-neutral-low-500 base-text-left\">No Brasil, o Minist\u00e9rio da Sa\u00fade n\u00e3o registra casos humanos desde 2005, quando houve um epis\u00f3dio no munic\u00edpio de Pedra Branca, no Cear\u00e1.<\/p>\n<p>\u00a0<\/p>\n<p class=\"dark:base-text-neutral-high-400 base-text-[calc(theme(fontSize.xs)_*_var(--font-size,_1))] base-font-normal base-font-primary base-text-neutral-low-500 base-text-left\"><b>Fique por dentro das principais not\u00edcias do dia no Brasil e no mundo. <\/b><a href=\"https:\/\/whatsapp.com\/channel\/0029Va6eEELGZNCyryabmO1m\" rel=\"nofollow noopener\" target=\"_blank\"><b>Siga o canal do R7<\/b><\/a><b>, o portal de not\u00edcias da Record, no WhatsApp<\/b><\/p>\n","protected":false},"excerpt":{"rendered":"Apesar do novo caso, especialistas refor\u00e7am que a peste continua sendo rara nos Estados Unidos Internacional|Do R7 23\/08\/2025&hellip;\n","protected":false},"author":2,"featured_media":41992,"comment_status":"","ping_status":"","sticky":false,"template":"","format":"standard","meta":{"footnotes":""},"categories":[86],"tags":[235,116,32,33,117],"class_list":{"0":"post-41991","1":"post","2":"type-post","3":"status-publish","4":"format-standard","5":"has-post-thumbnail","7":"category-saude","8":"tag-estados-unidos","9":"tag-health","10":"tag-portugal","11":"tag-pt","12":"tag-saude"},"share_on_mastodon":{"url":"","error":""},"_links":{"self":[{"href":"https:\/\/www.europesays.com\/pt\/wp-json\/wp\/v2\/posts\/41991","targetHints":{"allow":["GET"]}}],"collection":[{"href":"https:\/\/www.europesays.com\/pt\/wp-json\/wp\/v2\/posts"}],"about":[{"href":"https:\/\/www.europesays.com\/pt\/wp-json\/wp\/v2\/types\/post"}],"author":[{"embeddable":true,"href":"https:\/\/www.europesays.com\/pt\/wp-json\/wp\/v2\/users\/2"}],"replies":[{"embeddable":true,"href":"https:\/\/www.europesays.com\/pt\/wp-json\/wp\/v2\/comments?post=41991"}],"version-history":[{"count":0,"href":"https:\/\/www.europesays.com\/pt\/wp-json\/wp\/v2\/posts\/41991\/revisions"}],"wp:featuredmedia":[{"embeddable":true,"href":"https:\/\/www.europesays.com\/pt\/wp-json\/wp\/v2\/media\/41992"}],"wp:attachment":[{"href":"https:\/\/www.europesays.com\/pt\/wp-json\/wp\/v2\/media?parent=41991"}],"wp:term":[{"taxonomy":"category","embeddable":true,"href":"https:\/\/www.europesays.com\/pt\/wp-json\/wp\/v2\/categories?post=41991"},{"taxonomy":"post_tag","embeddable":true,"href":"https:\/\/www.europesays.com\/pt\/wp-json\/wp\/v2\/tags?post=41991"}],"curies":[{"name":"wp","href":"https:\/\/api.w.org\/{rel}","templated":true}]}}