{"id":42000,"date":"2025-08-23T19:57:30","date_gmt":"2025-08-23T19:57:30","guid":{"rendered":"https:\/\/www.europesays.com\/pt\/42000\/"},"modified":"2025-08-23T19:57:30","modified_gmt":"2025-08-23T19:57:30","slug":"samuel-assume-grande-missao-apos-diagnostico-de-rosa","status":"publish","type":"post","link":"https:\/\/www.europesays.com\/pt\/42000\/","title":{"rendered":"Samuel assume grande miss\u00e3o ap\u00f3s diagn\u00f3stico de Rosa"},"content":{"rendered":"<p>Samuel (Juan Paiva) vai ganhar uma grande responsabilidade dentro da fam\u00edlia em &#8220;Dona de Mim&#8221;, novela das 19h da Globo. O rapaz vai ter uma conversa importante com <a href=\"https:\/\/www.ibahia.com\/diversao\/novelas\/dona-de-mim-samuel-escorraca-jaques-da-empresa-apos-golpe-de-rosa-344011\" target=\"_blank\" data-rel-defined=\"\" rel=\"nofollow noopener\">Rosa<\/a> (Suely Franco) e assumir\u00e1 um novo papel em rela\u00e7\u00e3o \u00e0 av\u00f3.<\/p>\n<p><img decoding=\"async\" src=\"https:\/\/www.europesays.com\/pt\/wp-content\/uploads\/2025\/08\/Dona-de-Mim-Jaques-humilha-Samuel-e-expoe-sobrinho0033983700202505231659-7.webp\" alt=\"&#13;&#10;&#9;&#9;&#9;&#9;&#9;'Dona de Mim': Samuel assume grande miss\u00e3o ap\u00f3s diagn\u00f3stico de Rosa&#13;&#10;&#9;&#9;&#9;&#9;&#13;&#10;&#9;&#9;&#9;&#9;\"\/>Samuel assume grande miss\u00e3o ap\u00f3s diagn\u00f3stico de Rosa. Foto: Reprodu\u00e7\u00e3o\/ TV Globo<\/p>\n<p>No epis\u00f3dio deste s\u00e1bado (23), a idosa confunde um dos filhos com Josef, seu falecido marido. A situa\u00e7\u00e3o deixa <a href=\"https:\/\/www.ibahia.com\/diversao\/novelas\/dona-de-mim-samuel-tem-surto-apos-revelacao-de-rosa-sobre-abel-344037\" target=\"_blank\" data-rel-defined=\"\" rel=\"nofollow noopener\">Samuel em surto<\/a>, principalmente com a possibilidade de Jaques (Marcello Novaes) j\u00e1 ter notado o quadro da m\u00e3e e poder se aproveitar para ganhar ainda mais poder na fam\u00edlia.<\/p>\n<p>CONTINUA AP\u00d3S A PUBLICIDADELeia tamb\u00e9m:<\/p>\n<p>Rosa ent\u00e3o revela para o neto que assinou um documento que Abel (Tony Ramos) seria o respons\u00e1vel por ela em caso de dem\u00eancia. Presente no quarto logo em seguida, Filipa (Cl\u00e1udia Abreu) ouve o pedido da sogra para que essa informa\u00e7\u00e3o n\u00e3o seja passada para Jaques.<\/p>\n<p>Diante da preocupa\u00e7\u00e3o, Rosa consegue um laudo atestando lucidez e decide assinar documentos para tornar Samuel o pr\u00f3ximo respons\u00e1vel por ela. O rapaz acata o pedido e se torna o respons\u00e1vel por administrar o patrim\u00f4nio da matriarca.<\/p>\n<p><img decoding=\"async\" loading=\"lazy\" src=\"https:\/\/www.europesays.com\/pt\/wp-content\/uploads\/2025\/08\/1755979047_474_Dona-de-Mim-Rosa-toma-atitude-drastica-com-destino0034380800202508181403-7.webp\" alt=\"&#13;&#10;&#9;&#9;&#9;&#9;&#9;'Dona de Mim': Samuel assume grande miss\u00e3o ap\u00f3s diagn\u00f3stico de Rosa&#13;&#10;&#9;&#9;&#9;&#9;&#13;&#10;&#9;&#9;&#9;&#9;\"\/>Rosa revela acordo com Abel e nova responsabilidade de Samuel. \u200bFoto: Reprodu\u00e7\u00e3o \/ TV GloboJaques faz revela\u00e7\u00e3o e transforma festa em enterro<\/p>\n<p>Jaques (Marcello Novaes) deixar\u00e1 todos os convidados do ch\u00e1 de beb\u00ea de Ayla (Bel Lima) chocados. Ele vai revelar ser o verdadeiro pai dos filhos de Abel (Tony Ramos) nos pr\u00f3ximos cap\u00edtulos de &#8220;Dona de Mim&#8221;.<\/p>\n<p><img decoding=\"async\" loading=\"lazy\" src=\"https:\/\/www.europesays.com\/pt\/wp-content\/uploads\/2025\/08\/Dona-de-Mim-Jaques-faz-revelacao-e-transforma-fest0034405400202508222158-7.webp\" alt=\"&#13;&#10;&#9;&#9;&#9;&#9;&#9;'Dona de Mim': Samuel assume grande miss\u00e3o ap\u00f3s diagn\u00f3stico de Rosa&#13;&#10;&#9;&#9;&#9;&#9;&#13;&#10;&#9;&#9;&#9;&#9;\"\/>Vil\u00e3o vai transformar a festa de Ayla em um esc\u00e2ndalo ap\u00f3s not\u00edcia. \u200bFoto: Reprodu\u00e7\u00e3o \/ TV Globo<\/p>\n<p>Desconfiado ap\u00f3s ler os exames do irm\u00e3o, onde revelam que ele \u00e9 est\u00e9ril, ele mandar\u00e1 o material gen\u00e9tico dele e dos sobrinhos para um laborat\u00f3rio. O resultado chegar\u00e1 no dia do ch\u00e1 revela\u00e7\u00e3o.<\/p>\n<p>Quem abrir\u00e1 o envelope ser\u00e1 Filipa (Cl\u00e1udia Abreu), que estar\u00e1 em meio de uma crise. Nervosa, ela soltar\u00e1 os bal\u00f5es causando ainda mais confus\u00e3o no evento. Jaques decidir\u00e1 confirmar o resultado do teste para toda fam\u00edlia.<\/p>\n<p>Davi n\u00e3o ficar\u00e1 surpreso, j\u00e1 que o vil\u00e3o teria feito essa revela\u00e7\u00e3o para ele dias antes. Ayla, no entanto, n\u00e3o aceitar\u00e1 e abalada, ela exigir\u00e1 explica\u00e7\u00f5es do caso que o tio teve com m\u00e3e.<\/p>\n<p>Assista ao &#8216;De Hoje a Oito&#8217;, podcast de entretenimento do Ibahia:<img decoding=\"async\" loading=\"lazy\" alt=\"iBahia\" src=\"https:\/\/www.ibahia.com\/themes\/default\/assets\/img\/iconesColoridos\/play_ibahia.svg\"\/><a href=\"https:\/\/whatsapp.com\/channel\/0029Va9txkjAO7RM9mBtwQ2G\" target=\"_blank\" data-mrf-link=\"https:\/\/whatsapp.com\/channel\/0029Va9txkjAO7RM9mBtwQ2G\" cmp-ltrk=\"Corpo do Artigo\" cmp-ltrk-idx=\"3\" mrfobservableid=\"8a9f5b5f-2b7a-4b86-9be2-e5f32317d952\" aria-label=\"Acesse nossa comunidade do whatsapp!\" id=\"CTAIbahia\" rel=\"nofollow noopener\"><\/p>\n<p>Participe do canal<br \/>no Whatsapp e receba <b>not\u00edcias em primeira m\u00e3o!<\/b><\/p>\n<p>Acesse a comunidade<\/p>\n<p><img decoding=\"async\" class=\"ctaDesktop\" loading=\"lazy\" src=\"https:\/\/www.europesays.com\/pt\/wp-content\/uploads\/2025\/08\/1754776943_259_mockup_grupos_wpp.png\" alt=\"Acesse nossa comunidade do whatsapp, clique abaixo!\"\/><\/a>Tags:<\/p>\n","protected":false},"excerpt":{"rendered":"Samuel (Juan Paiva) vai ganhar uma grande responsabilidade dentro da fam\u00edlia em &#8220;Dona de Mim&#8221;, novela das 19h&hellip;\n","protected":false},"author":2,"featured_media":42001,"comment_status":"","ping_status":"","sticky":false,"template":"","format":"standard","meta":{"footnotes":""},"categories":[142],"tags":[114,115,32,33,151],"class_list":{"0":"post-42000","1":"post","2":"type-post","3":"status-publish","4":"format-standard","5":"has-post-thumbnail","7":"category-tv","8":"tag-entertainment","9":"tag-entretenimento","10":"tag-portugal","11":"tag-pt","12":"tag-tv"},"share_on_mastodon":{"url":"","error":""},"_links":{"self":[{"href":"https:\/\/www.europesays.com\/pt\/wp-json\/wp\/v2\/posts\/42000","targetHints":{"allow":["GET"]}}],"collection":[{"href":"https:\/\/www.europesays.com\/pt\/wp-json\/wp\/v2\/posts"}],"about":[{"href":"https:\/\/www.europesays.com\/pt\/wp-json\/wp\/v2\/types\/post"}],"author":[{"embeddable":true,"href":"https:\/\/www.europesays.com\/pt\/wp-json\/wp\/v2\/users\/2"}],"replies":[{"embeddable":true,"href":"https:\/\/www.europesays.com\/pt\/wp-json\/wp\/v2\/comments?post=42000"}],"version-history":[{"count":0,"href":"https:\/\/www.europesays.com\/pt\/wp-json\/wp\/v2\/posts\/42000\/revisions"}],"wp:featuredmedia":[{"embeddable":true,"href":"https:\/\/www.europesays.com\/pt\/wp-json\/wp\/v2\/media\/42001"}],"wp:attachment":[{"href":"https:\/\/www.europesays.com\/pt\/wp-json\/wp\/v2\/media?parent=42000"}],"wp:term":[{"taxonomy":"category","embeddable":true,"href":"https:\/\/www.europesays.com\/pt\/wp-json\/wp\/v2\/categories?post=42000"},{"taxonomy":"post_tag","embeddable":true,"href":"https:\/\/www.europesays.com\/pt\/wp-json\/wp\/v2\/tags?post=42000"}],"curies":[{"name":"wp","href":"https:\/\/api.w.org\/{rel}","templated":true}]}}