{"id":420226,"date":"2026-06-16T18:47:19","date_gmt":"2026-06-16T18:47:19","guid":{"rendered":"https:\/\/www.europesays.com\/pt\/420226\/"},"modified":"2026-06-16T18:47:19","modified_gmt":"2026-06-16T18:47:19","slug":"dez-anos-de-odio-em-guerra-com-angelina-jolie-o-verdadeiro-motivo-pelo-qual-brad-pitt-nao-ve-os-filhos-ha-mais-de-seis-anos-mundo","status":"publish","type":"post","link":"https:\/\/www.europesays.com\/pt\/420226\/","title":{"rendered":"Dez anos de \u00f3dio: em guerra com Angelina Jolie, o verdadeiro motivo pelo qual Brad Pitt n\u00e3o v\u00ea os filhos h\u00e1 mais de seis anos &#8211; Mundo"},"content":{"rendered":"<p class=\"\">&#13;<br \/>\n        Uma d\u00e9cada ap\u00f3s a rutura, <b>a paz continua a ser apenas uma miragem para Angelina Jolie e Brad Pitt<\/b>. Segundo revelaram fontes pr\u00f3ximas do ator ao jornal brit\u00e2nico &#8216;Daily Mail&#8217;, a recente e aparente tr\u00e9gua entre as duas estrelas de Hollywood deveu-se a uma tentativa de aproxima\u00e7\u00e3o por parte da atriz, que acabou por fracassar por completo. O casal, que <b>deu o &#8220;sim&#8221; em 2014 e se separou apenas dois anos depois<\/b> \u2013 j\u00e1 vivia junto h\u00e1 dez anos \u2013, <b>viu o complexo processo de div\u00f3rcio ser finalizado somente em 2024<\/b>, ap\u00f3s uma <b>batalha judicial tit\u00e2nica e multimilion\u00e1ria devido \u00e0 partilha dos bens que tinham em comum<\/b>.&#13;\n    <\/p>\n<p class=\"\">&#13;<br \/>\n        Contudo, as marcas mais profundas desta separa\u00e7\u00e3o refletem-se nos seis filhos do ex-casal: os adotivos Maddox, Pax Thien e Zahara, e os biol\u00f3gicos Shiloh, Knox e Vivienne. Afastado da rotina dos jovens, <b>Brad Pitt n\u00e3o \u00e9 visto publicamente ao lado de nenhum dos filhos h\u00e1 mais de seis anos<\/b>, um distanciamento que parece agora ter<b> motivado uma revolta silenciosa na fam\u00edlia<\/b>.\u00a0&#13;\n    <\/p>\n<p class=\"\">&#13;<br \/>\n        O mais recente golpe para o ator <b>partiu de Zahara, que avan\u00e7ou com um pedido formal em tribunal para retirar legalmente o apelido Pitt do seu nome de batismo<\/b>. No entanto, a jovem n\u00e3o \u00e9 a primeira a cortar este v\u00ednculo simb\u00f3lico. <b>O irm\u00e3o mais velho, Maddox, j\u00e1 assina oficialmente apenas com o apelido da m\u00e3e h\u00e1 v\u00e1rios anos<\/b>. Numa decis\u00e3o igualmente marcante, Shiloh seguiu exatamente o mesmo caminho judicial assim que celebrou o seu 18.\u00ba anivers\u00e1rio, em 2024.&#13;\n    <\/p>\n<p class=\"\">&#13;<br \/>\n        At\u00e9 mesmo os elementos mais jovens do cl\u00e3 demonstram querer marcar uma posi\u00e7\u00e3o de rutura. Apesar de ainda ser menor de idade, <b>Vivienne fez quest\u00e3o de surgir nos cr\u00e9ditos do espet\u00e1culo da Broadway &#8216;The Outsiders&#8217; \u2013 em que colaborou com a m\u00e3e \u2013 apenas como &#8220;Vivienne Jolie&#8221;<\/b>, omitindo por completo o apelido do progenitor. Para j\u00e1, n\u00e3o h\u00e1 qualquer informa\u00e7\u00e3o de que os restantes dois irm\u00e3os, Pax e Knox, planeiem avan\u00e7ar com uma medida semelhante, <b>mas o cen\u00e1rio atual deixa claro que o legado familiar de Brad Pitt est\u00e1 a desmoronar-se a olhos vistos<\/b>.&#13;\n    <\/p>\n<p>        &#13;<br \/>\n            Saber mais sobre&#13;<br \/>\n            &#13;<br \/>\n            &#13;<\/p>\n<p>    &#13;<br \/>\n        &#13;<br \/>\n        &#13;<br \/>\n&#13;<\/p>\n","protected":false},"excerpt":{"rendered":"&#13; Uma d\u00e9cada ap\u00f3s a rutura, a paz continua a ser apenas uma miragem para Angelina Jolie e&hellip;\n","protected":false},"author":2,"featured_media":420227,"comment_status":"","ping_status":"","sticky":false,"template":"","format":"standard","meta":{"footnotes":"","_share_on_mastodon":"0"},"categories":[145],"tags":[20808,8151,211,210,114,115,3435,47028,2595,50730,32,33,55325,68568],"class_list":["post-420226","post","type-post","status-publish","format-standard","has-post-thumbnail","category-celebridades","tag-angelina-jolie","tag-brad-pitt","tag-celebridades","tag-celebrities","tag-entertainment","tag-entretenimento","tag-filho","tag-filho-mais-velho","tag-hollywood","tag-mae-e-filha","tag-portugal","tag-pt","tag-terceiro-filho","tag-the-outsiders"],"share_on_mastodon":{"url":"https:\/\/pubeurope.com\/@pt\/116761280325217652","error":""},"_links":{"self":[{"href":"https:\/\/www.europesays.com\/pt\/wp-json\/wp\/v2\/posts\/420226","targetHints":{"allow":["GET"]}}],"collection":[{"href":"https:\/\/www.europesays.com\/pt\/wp-json\/wp\/v2\/posts"}],"about":[{"href":"https:\/\/www.europesays.com\/pt\/wp-json\/wp\/v2\/types\/post"}],"author":[{"embeddable":true,"href":"https:\/\/www.europesays.com\/pt\/wp-json\/wp\/v2\/users\/2"}],"replies":[{"embeddable":true,"href":"https:\/\/www.europesays.com\/pt\/wp-json\/wp\/v2\/comments?post=420226"}],"version-history":[{"count":0,"href":"https:\/\/www.europesays.com\/pt\/wp-json\/wp\/v2\/posts\/420226\/revisions"}],"wp:featuredmedia":[{"embeddable":true,"href":"https:\/\/www.europesays.com\/pt\/wp-json\/wp\/v2\/media\/420227"}],"wp:attachment":[{"href":"https:\/\/www.europesays.com\/pt\/wp-json\/wp\/v2\/media?parent=420226"}],"wp:term":[{"taxonomy":"category","embeddable":true,"href":"https:\/\/www.europesays.com\/pt\/wp-json\/wp\/v2\/categories?post=420226"},{"taxonomy":"post_tag","embeddable":true,"href":"https:\/\/www.europesays.com\/pt\/wp-json\/wp\/v2\/tags?post=420226"}],"curies":[{"name":"wp","href":"https:\/\/api.w.org\/{rel}","templated":true}]}}