{"id":42026,"date":"2025-08-23T20:14:07","date_gmt":"2025-08-23T20:14:07","guid":{"rendered":"https:\/\/www.europesays.com\/pt\/42026\/"},"modified":"2025-08-23T20:14:07","modified_gmt":"2025-08-23T20:14:07","slug":"andebol-sporting-imparavel-vence-setimo-titulo-nacional-consecutivo","status":"publish","type":"post","link":"https:\/\/www.europesays.com\/pt\/42026\/","title":{"rendered":"Andebol: Sporting impar\u00e1vel vence s\u00e9timo t\u00edtulo nacional consecutivo"},"content":{"rendered":"<p style=\"margin-bottom:11px\">O Sporting venceu este s\u00e1bado o FC Porto na final da Superta\u00e7a por\u00a036-29 e conquistou o s\u00e9timo t\u00edtulo nacional consecutivo. Os comandados por Ricardo Costa conquistaram pela sexta vez o trof\u00e9u, a terceira consecutiva e igualam o feito do ABC de Braga (1990 a 1993).<\/p>\n<p><strong><a href=\"https:\/\/maisfutebol.iol.pt\/cronologia\/68a9d7aed34e3f0baea1ea68\" rel=\"nofollow noopener\" target=\"_blank\">RECORDE AQUI O FILME DO ENCONTRO.<\/a><\/strong><\/p>\n<p>Em Sines e pela quinta vez no s\u00e9culo XXI, Sporting e FC Porto defrontaram-se na final da Superta\u00e7a. O Sporting apresentou-se como o vencedor dos \u00faltimos seis t\u00edtulos nacionais, entre Superta\u00e7a, Ta\u00e7a de Portugal e Campeonato e foram os le\u00f5es que come\u00e7aram melhor com Francisco Costa a marcar o primeiro golo do encontro.<\/p>\n<p>A partida entrou num ritmo fren\u00e9tico com os ataques das duas equipas a superiorizarem-se \u00e0s defesas. O FC Porto respondeu ao bom arranque leonino e chegou pela primeira vez \u00e0 vantagem depois do golo de Ricardo Brand\u00e3o para o 5-6.<\/p>\n<p>No entanto, a vantagem durou pouco. Seguiram-se duas suspens\u00f5es de dois minutos, uma para cada equipa, e o Sporting come\u00e7ou a descolar no marcador pouco depois, tanto que chegou ao intervalo a vencer por 20-15 com um golo de Salvador Salvador mesmo em cima da buzina.<\/p>\n<p>Na segunda parte, o FC Porto tentou reagir, mas foi o Sporting que acabou por saber gerir o encontro, mantendo quase sempre a vantagem nos cinco golos e chegando mesmo aos sete de quando o resultado marcava 26-19.<\/p>\n<p>Os le\u00f5es acabaram mesmo por vencer o primeiro trof\u00e9u da \u00e9poca e conquistam terceira Superta\u00e7a consecutiva, mantendo a hegemonia dos \u00faltimos dois anos da modalidade em Portugal.<\/p>\n","protected":false},"excerpt":{"rendered":"O Sporting venceu este s\u00e1bado o FC Porto na final da Superta\u00e7a por\u00a036-29 e conquistou o s\u00e9timo t\u00edtulo&hellip;\n","protected":false},"author":2,"featured_media":42027,"comment_status":"","ping_status":"","sticky":false,"template":"","format":"standard","meta":{"footnotes":""},"categories":[87],"tags":[2693,135,282,46,1830,32,33,47,34,134,2368],"class_list":{"0":"post-42026","1":"post","2":"type-post","3":"status-publish","4":"format-standard","5":"has-post-thumbnail","7":"category-desporto","8":"tag-andebol","9":"tag-desporto","10":"tag-fc-porto","11":"tag-maisfutebol","12":"tag-modalidades","13":"tag-portugal","14":"tag-pt","15":"tag-pura-paixao","16":"tag-sporting","17":"tag-sports","18":"tag-supertaca"},"share_on_mastodon":{"url":"","error":""},"_links":{"self":[{"href":"https:\/\/www.europesays.com\/pt\/wp-json\/wp\/v2\/posts\/42026","targetHints":{"allow":["GET"]}}],"collection":[{"href":"https:\/\/www.europesays.com\/pt\/wp-json\/wp\/v2\/posts"}],"about":[{"href":"https:\/\/www.europesays.com\/pt\/wp-json\/wp\/v2\/types\/post"}],"author":[{"embeddable":true,"href":"https:\/\/www.europesays.com\/pt\/wp-json\/wp\/v2\/users\/2"}],"replies":[{"embeddable":true,"href":"https:\/\/www.europesays.com\/pt\/wp-json\/wp\/v2\/comments?post=42026"}],"version-history":[{"count":0,"href":"https:\/\/www.europesays.com\/pt\/wp-json\/wp\/v2\/posts\/42026\/revisions"}],"wp:featuredmedia":[{"embeddable":true,"href":"https:\/\/www.europesays.com\/pt\/wp-json\/wp\/v2\/media\/42027"}],"wp:attachment":[{"href":"https:\/\/www.europesays.com\/pt\/wp-json\/wp\/v2\/media?parent=42026"}],"wp:term":[{"taxonomy":"category","embeddable":true,"href":"https:\/\/www.europesays.com\/pt\/wp-json\/wp\/v2\/categories?post=42026"},{"taxonomy":"post_tag","embeddable":true,"href":"https:\/\/www.europesays.com\/pt\/wp-json\/wp\/v2\/tags?post=42026"}],"curies":[{"name":"wp","href":"https:\/\/api.w.org\/{rel}","templated":true}]}}