{"id":42039,"date":"2025-08-23T20:26:18","date_gmt":"2025-08-23T20:26:18","guid":{"rendered":"https:\/\/www.europesays.com\/pt\/42039\/"},"modified":"2025-08-23T20:26:18","modified_gmt":"2025-08-23T20:26:18","slug":"pabllo-vittar-no-k-pop-veja-o-que-sites-gringos-estao-falando-de-mexe-com-nmixx","status":"publish","type":"post","link":"https:\/\/www.europesays.com\/pt\/42039\/","title":{"rendered":"Pabllo Vittar no K-Pop: veja o que sites gringos est\u00e3o falando de &#8220;MEXE&#8221;, com NMIXX"},"content":{"rendered":"<p><a href=\"https:\/\/portalpopline.com.br\/k-pop-pabllo-vittar-aespa\/\" target=\"_blank\" rel=\"noopener nofollow\">H\u00e1 anos amante de K-Pop<\/a>, a drag queen<a href=\"https:\/\/portalpopline.com.br\/tag\/pabllo-vittar\/\" target=\"_blank\" rel=\"noopener nofollow\"><strong> Pabllo Vittar<\/strong> <\/a>mergulhou de cabe\u00e7a no pop coreano nesta sexta (22\/8), <a href=\"https:\/\/portalpopline.com.br\/ivete-sangalo-ludmilla-e-pabllo-vittar-estao-entre-os-lancamentos-da-semana\/\" target=\"_blank\" rel=\"noopener nofollow\">com o lan\u00e7amento de \u201cMEXE\u201d, parceria com o girlgroup <strong>NMIXX<\/strong>.<\/a> A novidade chamou a aten\u00e7\u00e3o dos ve\u00edculos internacionais que cobrem K-Pop.<\/p>\n<p><img loading=\"lazy\" decoding=\"async\" aria-describedby=\"caption-attachment-995356\" class=\"size-full wp-image-995356\" src=\"data:image\/svg+xml,%3Csvg%20xmlns=\" http:=\"\" alt=\"Pabllo Vittar no K-Pop: veja o que sites gringos est\u00e3o falando de &quot;MEXE&quot;, com NMIXX\" width=\"1200\" height=\"877\" data-lazy- data-lazy- data-lazy-src=\"https:\/\/www.europesays.com\/pt\/wp-content\/uploads\/2025\/08\/1755980778_543_nmixx-pabllo-vittar.jpg\"\/><\/p>\n<p id=\"caption-attachment-995356\" class=\"wp-caption-text\">(Foto: Divulga\u00e7\u00e3o)<\/p>\n<p>Leia mais:<\/p>\n<p>\u201cA colabora\u00e7\u00e3o in\u00e9dita entre as duas artistas resultou do amor de longa data de Pabllo Vittar pelo K-Pop e pelo NMIXX, criando n\u00e3o apenas <strong>um som \u00fanico,<\/strong> mas tamb\u00e9m <strong>um produto visual sensacional<\/strong>. O MV enfatiza a <strong>poderosa coreografia em estilo latino<\/strong> executada por NMIXX e Pabllo Vittar, capturando totalmente a energia da m\u00fasica\u201d, publicou o site <a href=\"https:\/\/www.allkpop.com\/video\/2025\/08\/nmixx-and-pabllo-vittar-drop-cross-cultural-collaboration-mexe-mv\" target=\"_blank\" rel=\"noopener nofollow\">AllKPop<\/a>.<\/p>\n<p>O site <a href=\"https:\/\/www.kpopmap.com\/nmixx-and-pabllo-vittar-collaborate-on-mexe-a-unique-fusion\/\" target=\"_blank\" rel=\"noopener nofollow\">Kpopmap<\/a> chamou o lan\u00e7amento de \u201cfus\u00e3o \u00fanica\u201d. \u201cConhecida por suas performances vibrantes e por ser a primeira drag queen a vencer o MTV Europe Music Awards, <strong>Pabllo Vittar traz um toque \u00fanico<\/strong> que complementa o estilo energ\u00e9tico de NMIXX. A m\u00fasica busca mesclar os ritmos contagiantes do K-pop com a ess\u00eancia vibrante do funk brasileiro, prometendo<strong> uma experi\u00eancia musical emocionante e inovadora para f\u00e3s do mundo todo<\/strong>\u201c, analisa.<\/p>\n<p>Veja o clipe de Pabllo Vittar e NMIXX!<\/p>\n<p>J\u00e1 o blog <a href=\"https:\/\/thebiaslist.com\/2025\/08\/21\/song-review-nmixx-pabllo-vittar-mexe\/\" target=\"_blank\" rel=\"noopener nofollow\">The Bias List<\/a> publicou uma resenha dedicada \u00e0 \u201cMEXE\u201d. \u201cN\u00e3o \u00e9 a primeira vez que um artista de K-Pop trabalha com a comunidade drag, mas<strong> \u00e9 certamente a colabora\u00e7\u00e3o de mais alto perfil<\/strong>\u201c, diz o texto, \u201ce embora um blog como o meu naturalmente tenda a focar em NMIXX, a m\u00fasica \u00e9 tecnicamente creditada como uma faixa de Pabllo Vittar. Depois de muitas tentativas da ind\u00fastria do K-pop de replicar o charme do funk brasileiro, \u00e9 bom ouvir uma vers\u00e3o caseira do g\u00eanero. \u2018MEXE\u2019 \u00e9 uma colagem de sons e ritmos vagamente unidos em uma<strong> estrutura mais livre do que os ouvintes de K-pop poderiam esperar<\/strong>\u201c.<\/p>\n","protected":false},"excerpt":{"rendered":"H\u00e1 anos amante de K-Pop, a drag queen Pabllo Vittar mergulhou de cabe\u00e7a no pop coreano nesta sexta&hellip;\n","protected":false},"author":2,"featured_media":42040,"comment_status":"","ping_status":"","sticky":false,"template":"","format":"standard","meta":{"footnotes":""},"categories":[141],"tags":[269,1469,114,115,12826,1688,271,12827,149,150,273,274,12828,12829,571,32,33,12393,276,277],"class_list":{"0":"post-42039","1":"post","2":"type-post","3":"status-publish","4":"format-standard","5":"has-post-thumbnail","7":"category-musica","8":"tag-capa","9":"tag-clipe","10":"tag-entertainment","11":"tag-entretenimento","12":"tag-imprensa-internacional","13":"tag-k-pop","14":"tag-lancamento","15":"tag-midia-internacional","16":"tag-music","17":"tag-musica","18":"tag-musica-nova","19":"tag-musica-pop","20":"tag-nmixx","21":"tag-pabllo-vittar","22":"tag-plantao","23":"tag-portugal","24":"tag-pt","25":"tag-repercussao","26":"tag-single","27":"tag-single-novo"},"share_on_mastodon":{"url":"","error":""},"_links":{"self":[{"href":"https:\/\/www.europesays.com\/pt\/wp-json\/wp\/v2\/posts\/42039","targetHints":{"allow":["GET"]}}],"collection":[{"href":"https:\/\/www.europesays.com\/pt\/wp-json\/wp\/v2\/posts"}],"about":[{"href":"https:\/\/www.europesays.com\/pt\/wp-json\/wp\/v2\/types\/post"}],"author":[{"embeddable":true,"href":"https:\/\/www.europesays.com\/pt\/wp-json\/wp\/v2\/users\/2"}],"replies":[{"embeddable":true,"href":"https:\/\/www.europesays.com\/pt\/wp-json\/wp\/v2\/comments?post=42039"}],"version-history":[{"count":0,"href":"https:\/\/www.europesays.com\/pt\/wp-json\/wp\/v2\/posts\/42039\/revisions"}],"wp:featuredmedia":[{"embeddable":true,"href":"https:\/\/www.europesays.com\/pt\/wp-json\/wp\/v2\/media\/42040"}],"wp:attachment":[{"href":"https:\/\/www.europesays.com\/pt\/wp-json\/wp\/v2\/media?parent=42039"}],"wp:term":[{"taxonomy":"category","embeddable":true,"href":"https:\/\/www.europesays.com\/pt\/wp-json\/wp\/v2\/categories?post=42039"},{"taxonomy":"post_tag","embeddable":true,"href":"https:\/\/www.europesays.com\/pt\/wp-json\/wp\/v2\/tags?post=42039"}],"curies":[{"name":"wp","href":"https:\/\/api.w.org\/{rel}","templated":true}]}}