{"id":42041,"date":"2025-08-23T20:27:08","date_gmt":"2025-08-23T20:27:08","guid":{"rendered":"https:\/\/www.europesays.com\/pt\/42041\/"},"modified":"2025-08-23T20:27:08","modified_gmt":"2025-08-23T20:27:08","slug":"atriz-diz-que-ficou-3-anos-sem-trabalhar-apos-fazer-spin-off-de-star-wars-tirou-a-minha-confianca-celebridades","status":"publish","type":"post","link":"https:\/\/www.europesays.com\/pt\/42041\/","title":{"rendered":"Atriz diz que ficou 3 anos sem trabalhar ap\u00f3s fazer spin-off de &#8216;Star Wars&#8217;: &#8216;Tirou a minha confian\u00e7a&#8217; | Celebridades"},"content":{"rendered":"\n<p class=\" content-text__container \" data-track-category=\"Link no Texto\" data-track-links=\"\"> &#8220;Perdi toda a minha confian\u00e7a depois de &#8216;The Mandalorian&#8217;, tudo. Sempre atuei dois passos distante de mim mesma, de certa forma. Sempre senti que isso estava enraizado em alguma parte do meu ser, de quem eu era. Bo-Katan n\u00e3o chega nem perto de quem eu sou como ser humano. A vida dela, o que ela quer \u2014 eu n\u00e3o a entendia. Por mais que eu a entendesse, nunca a senti no meu est\u00f4mago. Nunca me identifiquei com ela. N\u00e3o sabia como encontr\u00e1-la&#8221;, explicou. <\/p>\n<p class=\" content-text__container \" data-track-category=\"Link no Texto\" data-track-links=\"\"> Desde ent\u00e3o, Sackhoff contratou um novo empres\u00e1rio e treinador de atua\u00e7\u00e3o, que lhe garantiu que o objetivo era ajudar na recupera\u00e7\u00e3o da sua confian\u00e7a. Depois disso, em 2024, a atriz apareceu em um epis\u00f3dio de &#8216;Law &amp; Order&#8217;, dublou algumas s\u00e9ries animadas e faz parte do elenco de &#8216;Carrie&#8217;, que chega em breve \u00e0s plataformas de streaming. <\/p>\n","protected":false},"excerpt":{"rendered":"&#8220;Perdi toda a minha confian\u00e7a depois de &#8216;The Mandalorian&#8217;, tudo. Sempre atuei dois passos distante de mim mesma,&hellip;\n","protected":false},"author":2,"featured_media":42042,"comment_status":"","ping_status":"","sticky":false,"template":"","format":"standard","meta":{"footnotes":""},"categories":[140],"tags":[114,115,147,148,146,32,33],"class_list":{"0":"post-42041","1":"post","2":"type-post","3":"status-publish","4":"format-standard","5":"has-post-thumbnail","7":"category-filmes","8":"tag-entertainment","9":"tag-entretenimento","10":"tag-film","11":"tag-filmes","12":"tag-movies","13":"tag-portugal","14":"tag-pt"},"share_on_mastodon":{"url":"","error":""},"_links":{"self":[{"href":"https:\/\/www.europesays.com\/pt\/wp-json\/wp\/v2\/posts\/42041","targetHints":{"allow":["GET"]}}],"collection":[{"href":"https:\/\/www.europesays.com\/pt\/wp-json\/wp\/v2\/posts"}],"about":[{"href":"https:\/\/www.europesays.com\/pt\/wp-json\/wp\/v2\/types\/post"}],"author":[{"embeddable":true,"href":"https:\/\/www.europesays.com\/pt\/wp-json\/wp\/v2\/users\/2"}],"replies":[{"embeddable":true,"href":"https:\/\/www.europesays.com\/pt\/wp-json\/wp\/v2\/comments?post=42041"}],"version-history":[{"count":0,"href":"https:\/\/www.europesays.com\/pt\/wp-json\/wp\/v2\/posts\/42041\/revisions"}],"wp:featuredmedia":[{"embeddable":true,"href":"https:\/\/www.europesays.com\/pt\/wp-json\/wp\/v2\/media\/42042"}],"wp:attachment":[{"href":"https:\/\/www.europesays.com\/pt\/wp-json\/wp\/v2\/media?parent=42041"}],"wp:term":[{"taxonomy":"category","embeddable":true,"href":"https:\/\/www.europesays.com\/pt\/wp-json\/wp\/v2\/categories?post=42041"},{"taxonomy":"post_tag","embeddable":true,"href":"https:\/\/www.europesays.com\/pt\/wp-json\/wp\/v2\/tags?post=42041"}],"curies":[{"name":"wp","href":"https:\/\/api.w.org\/{rel}","templated":true}]}}