{"id":420501,"date":"2026-06-16T23:19:14","date_gmt":"2026-06-16T23:19:14","guid":{"rendered":"https:\/\/www.europesays.com\/pt\/420501\/"},"modified":"2026-06-16T23:19:14","modified_gmt":"2026-06-16T23:19:14","slug":"mbappe-vs-bardella-o-braco-de-ferro-entre-a-rn-e-a-selecao-observador","status":"publish","type":"post","link":"https:\/\/www.europesays.com\/pt\/420501\/","title":{"rendered":"Mbapp\u00e9 vs. Bardella: o bra\u00e7o de ferro entre a RN e a sele\u00e7\u00e3o \u2013 Observador"},"content":{"rendered":"<p>\u00c9 a estrela da sele\u00e7\u00e3o francesa. Aos 27 anos, Kylian Mbapp\u00e9 \u00e9 uma das pe\u00e7as mais importantes dos Les Bleus. Neste Campeonato do Mundo, ser\u00e1 uma das refer\u00eancias no ataque da equipa, que se estreia esta ter\u00e7a-feira frente ao Senegal. Contudo, o jogador do Real Madrid n\u00e3o cria impacto apenas nas quatro linhas. Politicamente, o capit\u00e3o \u00e9 bastante ativo \u2014 e j\u00e1 deixou bem claras as suas opini\u00f5es. Com milh\u00f5es de seguidores e bastante popular entre os mais jovens, o avan\u00e7ado critica publicamente a Uni\u00e3o Nacional (RN na sigla original), liderada por Jordan Bardella e Marine Le Pen, desejando que o partido nunca chegue \u00e0 presid\u00eancia de Fran\u00e7a.<\/p>\n<p>A menos de um ano das elei\u00e7\u00f5es presidenciais em Fran\u00e7a e num momento em que a RN lidera as sondagens, Mbapp\u00e9 faz quest\u00e3o de enfatizar a sua preocupa\u00e7\u00e3o se Jordan Bardella se tornar o pr\u00f3ximo Presidente franc\u00eas. <a href=\"https:\/\/www.vanityfair.fr\/article\/kylian-mbappe-interview-coupe-du-monde\" rel=\"nofollow noopener\" target=\"_blank\">Numa entrevista \u00e0 Vanity Fair publicada em maio de 2026<\/a>, o avan\u00e7ado explicou que, mesmo sendo jogador de futebol, \u00e9 um \u201ccidad\u00e3o\u201d franc\u00eas e n\u00e3o est\u00e1 \u201cdesconectado do mundo\u201d. \u201c\u00c0s vezes, as pessoas pensam que, por termos dinheiro, por sermos famosos, esses tipos de problemas n\u00e3o nos afetam. Mas afetam; eu sei o que significa e quais as consequ\u00eancias que isso pode ter para o meu pa\u00eds quando pessoas como eles chegam ao poder\u201d, afirmou.<\/p>\n<p>Com v\u00e1rios atletas com ra\u00edzes africanas na sele\u00e7\u00e3o \u2014 o pr\u00f3prio Mbapp\u00e9 \u00e9 filho de pai natural dos Camar\u00f5es e tem ascend\u00eancia argelina da parte da m\u00e3e \u2014, a mensagem da Uni\u00e3o Nacional n\u00e3o \u00e9 propriamente popular no seio dos Les Bleus, que s\u00e3o frequentemente criticados pela direita radical, precisamente por causa das suas origens. Desde Jean-Marie Le Pen que existe uma tens\u00e3o entre a equipa nacional e a RN. Nos \u00faltimos tempos, o jogador de 27 anos transformou-se no <strong>novo rosto da oposi\u00e7\u00e3o ao partido<\/strong>, nunca escondendo, ao mesmo tempo, a sua proximidade a Emmanuel Macron e ao partido centrista do Presidente franc\u00eas.<\/p>\n","protected":false},"excerpt":{"rendered":"\u00c9 a estrela da sele\u00e7\u00e3o francesa. Aos 27 anos, Kylian Mbapp\u00e9 \u00e9 uma das pe\u00e7as mais importantes dos&hellip;\n","protected":false},"author":2,"featured_media":420502,"comment_status":"","ping_status":"","sticky":false,"template":"","format":"standard","meta":{"footnotes":"","_share_on_mastodon":"0"},"categories":[87],"tags":[135,445,2104,12632,62,32,33,17059,134],"class_list":["post-420501","post","type-post","status-publish","format-standard","has-post-thumbnail","category-desporto","tag-desporto","tag-europa","tag-franu00e7a","tag-mundial-2026","tag-mundo","tag-portugal","tag-pt","tag-seleu00e7u00e3o-nacional","tag-sports"],"share_on_mastodon":{"url":"https:\/\/pubeurope.com\/@pt\/116762349639501085","error":""},"_links":{"self":[{"href":"https:\/\/www.europesays.com\/pt\/wp-json\/wp\/v2\/posts\/420501","targetHints":{"allow":["GET"]}}],"collection":[{"href":"https:\/\/www.europesays.com\/pt\/wp-json\/wp\/v2\/posts"}],"about":[{"href":"https:\/\/www.europesays.com\/pt\/wp-json\/wp\/v2\/types\/post"}],"author":[{"embeddable":true,"href":"https:\/\/www.europesays.com\/pt\/wp-json\/wp\/v2\/users\/2"}],"replies":[{"embeddable":true,"href":"https:\/\/www.europesays.com\/pt\/wp-json\/wp\/v2\/comments?post=420501"}],"version-history":[{"count":0,"href":"https:\/\/www.europesays.com\/pt\/wp-json\/wp\/v2\/posts\/420501\/revisions"}],"wp:featuredmedia":[{"embeddable":true,"href":"https:\/\/www.europesays.com\/pt\/wp-json\/wp\/v2\/media\/420502"}],"wp:attachment":[{"href":"https:\/\/www.europesays.com\/pt\/wp-json\/wp\/v2\/media?parent=420501"}],"wp:term":[{"taxonomy":"category","embeddable":true,"href":"https:\/\/www.europesays.com\/pt\/wp-json\/wp\/v2\/categories?post=420501"},{"taxonomy":"post_tag","embeddable":true,"href":"https:\/\/www.europesays.com\/pt\/wp-json\/wp\/v2\/tags?post=420501"}],"curies":[{"name":"wp","href":"https:\/\/api.w.org\/{rel}","templated":true}]}}