{"id":42051,"date":"2025-08-23T20:35:07","date_gmt":"2025-08-23T20:35:07","guid":{"rendered":"https:\/\/www.europesays.com\/pt\/42051\/"},"modified":"2025-08-23T20:35:07","modified_gmt":"2025-08-23T20:35:07","slug":"com-culpa-nos-dois-golos-do-marselha-a-estreia-desastrada-de-otavio-pelo-paris-fc-o-jogo","status":"publish","type":"post","link":"https:\/\/www.europesays.com\/pt\/42051\/","title":{"rendered":"Com culpa nos dois golos do Marselha: a estreia desastrada de Ot\u00e1vio pelo Paris FC &#8211; O Jogo"},"content":{"rendered":"<ol>\n<li><a href=\"https:\/\/news.google.com\/rss\/articles\/CBMitAFBVV95cUxObVpySFhLSWhvN2pDdUFnUlotTFYwZ0tQN0RCdDlPVEQzZmRlUWJNVHY2VHJfM1YwUlBRV0w4LWhIbWg1Wk1BLWVrU0xfY0J0VlNxcndSbm10R2JMMWJiOHNEZ1ozZVpsVFczQ2c3Z3dzM1Jrb0VzR0trUFdJNFZvMjM5SXhxaWdIaV9XQWdPUERaR2EwZFRPemN3SExySmE5WXFNcHZqU1lCcjlxMU50UXpQU2I?oc=5\" target=\"_blank\" rel=\"nofollow noopener\">Com culpa nos dois golos do Marselha: a estreia desastrada de Ot\u00e1vio pelo Paris FC<\/a>&nbsp;&nbsp;O Jogo<\/li>\n<li><a href=\"https:\/\/news.google.com\/rss\/articles\/CBMilwFBVV95cUxNTjE4VGwwdURpTEZpeVhzSFBjMEk3N2t5Z3lQMFhJMkVZVzlvWmt4LVF6N0czY1RNTzdyQU5HN1kza0ZGTnMtaUppeko3dm15N0ctOTFNUXRiQXpQQXpjQzJaS0oyUXgtekhJcHBQbnhKOU5vZGljWWJtVjJnZ1p1ZnRFV25BLXVkRzFWZ0tpVEs3dUI2RmRj?oc=5\" target=\"_blank\" rel=\"nofollow noopener\">Olympique de Marseille x Paris FC Palpites &#8211; Onde Assistir ao Jogo, Hor\u00e1rio e Escala\u00e7\u00f5es 23\/08<\/a>&nbsp;&nbsp;Portal Uai<\/li>\n<li><a href=\"https:\/\/news.google.com\/rss\/articles\/CBMixAFBVV95cUxNZjFYNVcySm90a2sxazk4cExiTzYzNlVWUkFmU01FZ2Nyc2xaV0pLdW1QbHQ0ZVJyY0JqMm9MaUdxa2pHQVYzUzR2WmFBbkVXOTIxUTExZXVfXzJncTA3djVNTFNjVEV4Q0tUX1NTODVrLXA1SnZPWmRURXcyUThhbVdDRTdiUkpLRk1SZlFndGt2TklteUtzY0R6VHhCbW5ldVFDNmN4MVJyZlBGMGppaTc1TDh4NF82N0NyUmhvRlVxYWhx?oc=5\" target=\"_blank\" rel=\"nofollow noopener\">Olympique de Marselha vence rec\u00e9m-promovido Paris FC pela Ligue 1<\/a>&nbsp;&nbsp;Gazeta Esportiva<\/li>\n<li><a href=\"https:\/\/news.google.com\/rss\/articles\/CBMiqwFBVV95cUxPUVV5TkJLaFFJbWY5dTVUOWVWb3h3cWpsZXM4SS1CSG9wcld6M01XZElfcWcwYjhmbHhsSy1OVnNIUkxEWExqdlJQQ1hwVEppVDk2alFMcmtpTUcwOXA3SXIxUldwbXNZYnJoV1h6M3lxT2JmcWtPUkpucXRuTFd3TXNiZlBVUVJMMnlRenR6UldOcGZSRFhMaUtOc19HMTFYcFozdTYtQjdOODQ?oc=5\" target=\"_blank\" rel=\"nofollow noopener\">PSG x Marseille mant\u00e9m rivalidade hist\u00f3rica no futebol franc\u00eas<\/a>&nbsp;&nbsp;sportbuzz.com.br<\/li>\n<li><a href=\"https:\/\/news.google.com\/rss\/articles\/CBMioAFBVV95cUxPNm1fc1ZuRElQVmdVMEhORVhkZXJQeExWem53aUVodk1mYk5ibld0ZWJ0TmRZS1duQlpHM0xHYldaUEttSkNfOTRYMzBzeDBSQzhnajBpWmFsbEMyRk1jNGdpU2g5ajRWVEtnQXJfWGJnMk5nTkx5akNLMUdoQ3VPdkJNbDMyWXJCREFZTzdtaUNFZ0VoU1gzU2g0Mmt1VmVj?oc=5\" target=\"_blank\" rel=\"nofollow noopener\">Marseille x Paris FC &#8211; Retrospecto, escala\u00e7\u00f5es e onde assistir<\/a>&nbsp;&nbsp;ogol.com.br<\/li>\n<\/ol>\n","protected":false},"excerpt":{"rendered":"Com culpa nos dois golos do Marselha: a estreia desastrada de Ot\u00e1vio pelo Paris FC&nbsp;&nbsp;O Jogo Olympique de&hellip;\n","protected":false},"author":2,"featured_media":42052,"comment_status":"","ping_status":"","sticky":false,"template":"","format":"standard","meta":{"footnotes":""},"categories":[8],"tags":[27,28,15,16,14,25,26,21,22,12,13,19,20,32,23,24,33,17,18,29,30,31],"class_list":{"0":"post-42051","1":"post","2":"type-post","3":"status-publish","4":"format-standard","5":"has-post-thumbnail","7":"category-principais-noticias","8":"tag-breaking-news","9":"tag-breakingnews","10":"tag-featured-news","11":"tag-featurednews","12":"tag-headlines","13":"tag-latest-news","14":"tag-latestnews","15":"tag-main-news","16":"tag-mainnews","17":"tag-news","18":"tag-noticias","19":"tag-noticias-principais","20":"tag-noticiasprincipais","21":"tag-portugal","22":"tag-principais-noticias","23":"tag-principaisnoticias","24":"tag-pt","25":"tag-top-stories","26":"tag-topstories","27":"tag-ultimas","28":"tag-ultimas-noticias","29":"tag-ultimasnoticias"},"share_on_mastodon":{"url":"","error":""},"_links":{"self":[{"href":"https:\/\/www.europesays.com\/pt\/wp-json\/wp\/v2\/posts\/42051","targetHints":{"allow":["GET"]}}],"collection":[{"href":"https:\/\/www.europesays.com\/pt\/wp-json\/wp\/v2\/posts"}],"about":[{"href":"https:\/\/www.europesays.com\/pt\/wp-json\/wp\/v2\/types\/post"}],"author":[{"embeddable":true,"href":"https:\/\/www.europesays.com\/pt\/wp-json\/wp\/v2\/users\/2"}],"replies":[{"embeddable":true,"href":"https:\/\/www.europesays.com\/pt\/wp-json\/wp\/v2\/comments?post=42051"}],"version-history":[{"count":0,"href":"https:\/\/www.europesays.com\/pt\/wp-json\/wp\/v2\/posts\/42051\/revisions"}],"wp:featuredmedia":[{"embeddable":true,"href":"https:\/\/www.europesays.com\/pt\/wp-json\/wp\/v2\/media\/42052"}],"wp:attachment":[{"href":"https:\/\/www.europesays.com\/pt\/wp-json\/wp\/v2\/media?parent=42051"}],"wp:term":[{"taxonomy":"category","embeddable":true,"href":"https:\/\/www.europesays.com\/pt\/wp-json\/wp\/v2\/categories?post=42051"},{"taxonomy":"post_tag","embeddable":true,"href":"https:\/\/www.europesays.com\/pt\/wp-json\/wp\/v2\/tags?post=42051"}],"curies":[{"name":"wp","href":"https:\/\/api.w.org\/{rel}","templated":true}]}}