{"id":42081,"date":"2025-08-23T21:09:07","date_gmt":"2025-08-23T21:09:07","guid":{"rendered":"https:\/\/www.europesays.com\/pt\/42081\/"},"modified":"2025-08-23T21:09:07","modified_gmt":"2025-08-23T21:09:07","slug":"sondagem-da-intercampus-coloca-ad-ps-e-chega-em-empate-tecnico-direita-continua-a-crescer","status":"publish","type":"post","link":"https:\/\/www.europesays.com\/pt\/42081\/","title":{"rendered":"Sondagem da Intercampus coloca AD, PS e Chega em empate t\u00e9cnico. Direita continua a crescer"},"content":{"rendered":"<p>Uma nova <a href=\"https:\/\/rr.pt\/sondagem\/tag\/2609\/\" target=\"_blank\" rel=\"nofollow noopener\">sondagem<\/a> da Intercampus coloca outra vez a <a href=\"https:\/\/rr.pt\/ad-coligacao-psdcds\/tag\/10132\/\" target=\"_blank\" rel=\"nofollow noopener\">AD<\/a> e o <a href=\"https:\/\/rr.pt\/ps\/tag\/210\/\" target=\"_blank\" rel=\"nofollow noopener\">PS<\/a> em empate t\u00e9cnico. O novo <a href=\"https:\/\/www.cmjornal.pt\/politica\/detalhe\/maioria-de-direita-cresce-mas-ps-mantem-distancia-para-a-ad\" target=\"_blank\" rel=\"nofollow noopener\">bar\u00f3metro mensal para o Correio da Manh\u00e3<\/a>, Jornal de Neg\u00f3cios, CMTV e Now mostra o Chega em terceiro lugar e os tr\u00eas principais partidos em crescimento nas tr\u00eas <a href=\"https:\/\/rr.pt\/sondagens\/tag\/8002\/\" target=\"_blank\" rel=\"nofollow noopener\">sondagens<\/a> da Intercampus desde as <a href=\"https:\/\/www.google.com\/url?sa=t&amp;rct=j&amp;q=&amp;esrc=s&amp;source=web&amp;cd=&amp;cad=rja&amp;uact=8&amp;ved=2ahUKEwipoOzO1J6PAxVGT6QEHXUGDMoQFnoECBkQAQ&amp;url=https%3A%2F%2Frr.pt%2Flegislativas-2025&amp;usg=AOvVaw25DQY8MBWGfH-s_EcE2VPI&amp;opi=89978449\" target=\"_blank\" rel=\"nofollow noopener\">elei\u00e7\u00f5es legislativas de 18 de maio<\/a> \u2014 din\u00e2mica que n\u00e3o se repete na <a href=\"https:\/\/rr.pt\/sondagem-das-sondagens\/tag\/1300\/\" target=\"_blank\" rel=\"nofollow noopener\">Sondagem das Sondagens<\/a>.\n<\/p>\n<p>A <strong>sondagem a 611 inquiridos<\/strong>, realizada entre 7 e 14 de agosto, atribui \u00e0 <strong>AD<\/strong> (<a href=\"https:\/\/rr.pt\/ad-coligacao-psdcds\/tag\/10132\/\" target=\"_blank\" rel=\"nofollow noopener\">coliga\u00e7\u00e3o do PSD com o CDS<\/a>) <strong>27,2% das inten\u00e7\u00f5es de voto<\/strong>, enquanto o <a href=\"https:\/\/rr.pt\/partido-socialista\/tag\/4367\/\" target=\"_blank\" rel=\"nofollow noopener\">Partido Socialista<\/a> recolhe <strong>24,7%<\/strong> das inten\u00e7\u00f5es, e o <a href=\"https:\/\/rr.pt\/chega\/tag\/1310\/\" target=\"_blank\" rel=\"nofollow noopener\">Chega<\/a> soma <strong>20,8%<\/strong>. <strong>Os tr\u00eas partidos crescem todos face \u00e0 \u00faltima sondagem da Intercampus<\/strong>, de julho: AD e PS ganharam tr\u00eas pontos percentuais cada face a esse estudo, e o Chega aumentou em 2,2 pontos as inten\u00e7\u00f5es de voto.\n<\/p>\n<p>Com margem de erro de 4%, <strong>a sondagem coloca AD, PS e Chega em empate t\u00e9cnico<\/strong>. Ou seja, o valor m\u00ednimo poss\u00edvel de inten\u00e7\u00f5es de voto para a AD segundo o recolhido nesta sondagem \u00e9 inferior ao valor m\u00e1ximo poss\u00edvel de inten\u00e7\u00f5es de voto no Chega \u2014 e, com o PS entre os dois, os socialistas liderados por Jos\u00e9 Lu\u00eds Carneiro tanto podem estar acima da AD de Lu\u00eds Montenegro como abaixo do Chega de Andr\u00e9 Ventura.\n<\/p>\n<p><a href=\"https:\/\/rr.pt\/noticia\/politica\/2025\/05\/19\/ps-e-chega-fugiram-as-estimativas-da-sondagem-das-sondagens\/426041\/\" title=\"PS e Chega fugiram \u00e0s estimativas da Sondagem das Sondagens\" class=\"card-img-link\" rel=\"nofollow noopener\" target=\"_blank\"><img decoding=\"async\" src=\"https:\/\/www.europesays.com\/pt\/wp-content\/uploads\/2025\/08\/noiteeleitoral-sds346288b5_base.jpg\" alt=\"PS e Chega fugiram \u00e0s estimativas da Sondagem das Sondagens\" title=\"PS e Chega fugiram \u00e0s estimativas da Sondagem das Sondagens\" class=\"card-img-1 lazyload\"\/><\/a><\/p>\n<p>Fora esses partidos, o <a href=\"https:\/\/rr.pt\/iniciativa-liberal\/tag\/1234\/\" target=\"_blank\" rel=\"nofollow noopener\">Iniciativa Liberal<\/a> \u00e9 o \u00fanico outro partido a crescer \u2014 com 7,6% das inten\u00e7\u00f5es de voto, sobe 0,9 pontos face \u00e0 sondagem de julho. Assim, <strong>os tr\u00eas partidos da direita parlamentar somam entre si 55,6% das inten\u00e7\u00f5es de voto<\/strong> nesta sondagem, acima dos 49,5% da sondagem anterior.\n<\/p>\n<p>O <a href=\"https:\/\/rr.pt\/livre\/tag\/1249\/\" target=\"_blank\" rel=\"nofollow noopener\">Livre<\/a> \u00e9 o partido que mais cai neste estudo \u2014 chegou aos <strong>5,6% das inten\u00e7\u00f5es de voto<\/strong>, perdendo 3,5 pontos face ao valor at\u00edpico de 9,1% obtido na sondagem de julho. J\u00e1 <strong>o <a href=\"https:\/\/rr.pt\/pan\/tag\/1151\/\" target=\"_blank\" rel=\"nofollow noopener\">PAN<\/a> mant\u00e9m os 3% de inten\u00e7\u00f5es<\/strong> de voto que j\u00e1 tinha.\n<\/p>\n<p>O <a href=\"https:\/\/rr.pt\/bloco-de-esquerda\/tag\/194\/\" target=\"_blank\" rel=\"nofollow noopener\">Bloco de Esquerda<\/a> tamb\u00e9m <strong>n\u00e3o perde nem ganha<\/strong> inten\u00e7\u00f5es de voto na sondagem divulgada esta sexta-feira, registando 2,6%. J\u00e1 a <a href=\"https:\/\/rr.pt\/cdu\/tag\/1042\/\" target=\"_blank\" rel=\"nofollow noopener\">CDU<\/a> desce 2,1 pontos percentuais, registando <strong>1,6% das inten\u00e7\u00f5es<\/strong>.\n<\/p>\n<p><a href=\"https:\/\/sondagens.rr.pt\/\" title=\"Sondagem das Sondagens\" class=\"card-img-link\" rel=\"nofollow noopener\" target=\"_blank\"><img decoding=\"async\" src=\"https:\/\/www.europesays.com\/pt\/wp-content\/uploads\/2025\/08\/sondagem-das-sondagens-artigo14043f26_base.jpg\" alt=\"Sondagem das Sondagens\" title=\"Sondagem das Sondagens\" class=\"card-img-1 lazyload\"\/><\/a><\/p>\n<p>As datas em que o trabalho de campo desta sondagem foi realizada significam que a vaga de agosto do bar\u00f3metro da Intercampus <strong>n\u00e3o capta o poss\u00edvel efeito das tr\u00eas mortes devido aos inc\u00eandios florestais<\/strong> deste ver\u00e3o. J\u00e1 o <a href=\"https:\/\/www.google.com\/url?sa=t&amp;rct=j&amp;q=&amp;esrc=s&amp;source=web&amp;cd=&amp;cad=rja&amp;uact=8&amp;ved=2ahUKEwjy99udy56PAxVLK_sDHU72G-oQFnoECBwQAQ&amp;url=https%3A%2F%2Frr.pt%2Fnoticia%2Fpais%2F2025%2F08%2F08%2Fnova-lei-dos-estrangeiros-chumbada-pelo-tribunal-constitucional%2F435581%2F&amp;usg=AOvVaw2TzI2ulOCCz1Wtb8AGQmwt&amp;opi=89978449\" target=\"_blank\" rel=\"nofollow noopener\">chumbo, pelo Tribunal Constitucional, da Lei dos Estrangeiros<\/a>, aconteceu no segundo dia do inqu\u00e9rito.\n<\/p>\n<p>Desde as elei\u00e7\u00f5es legislativas que o agregador de sondagens da <strong>Renascen\u00e7a<\/strong> apenas conta com sondagens da Intercampus, bar\u00f3metros com amostras de pouco mais de 600 inquiridos. Os <strong>resultados atuais<\/strong> <strong>ficam<\/strong>, assim, <strong>esmagadoramente dependentes dos resultados destas sondagens<\/strong>.\n<\/p>\n<p>A tend\u00eancia presente nessas tr\u00eas sondagens mostra a AD a perder inten\u00e7\u00f5es de voto face aos 32,7% que obteve no territ\u00f3rio nacional nas legislativas de 2025. Agora, <strong>a Sondagem das Sondagens estima que a AD tem 29,6% das inten\u00e7\u00f5es<\/strong> de voto.\n<\/p>\n<blockquote class=\"bluesky-embed\" data-bluesky-uri=\"at:\/\/did:plc:2qp5ethltwhibbeljtv67hcn\/app.bsky.feed.post\/3lwz2iaglyc2j\" data-bluesky-cid=\"bafyreia5m6vl3ielmjqkai4e544f54ly4us2mhkmogryvr526ryox4iqty\" data-bluesky-embed-color-mode=\"light\">\n<p lang=\"pt\">\ud83d\udcca A estimativa Renascen\u00e7a (@rr.pt) a 22\/08\/2025 \ud83d\udcf7<\/p>\n<p>\ud83d\udce5Com #sondagem da Intercampus para Correio da Manh\u00e3, Jornal de Neg\u00f3cios, NOW<\/p>\n<p>AD: 29,6%\ud83d\udd3b(-0,4)<br \/>\nPS: 24,4%\ud83d\udd3c(+1,2)<br \/>\nCH: 21,8%\ud83d\udd3c(+0,3)<br \/>\nIL: 7,6%\ud83d\udd3c(+0,7)<br \/>\nL: 6,6%\ud83d\udd3b(-1,3)<br \/>\nPAN: 3,2%\ud83d\udd3c(+0,1)<br \/>\nBE: 2,7%\ud83d\udd3c(+0,1)<br \/>\nCDU: 2,1%\ud83d\udd3b(-1,7)<\/p>\n<p>\ud83d\udd0dCompara\u00e7\u00e3o com estimativa a 15\/07<\/p>\n<p><a href=\"https:\/\/bsky.app\/profile\/did:plc:2qp5ethltwhibbeljtv67hcn\/post\/3lwz2iaglyc2j?ref_src=embed\" rel=\"nofollow noopener\" target=\"_blank\">[image or embed]<\/a><\/p>\n<p>\u2014 Sondagem das Sondagens (<a href=\"https:\/\/bsky.app\/profile\/did:plc:2qp5ethltwhibbeljtv67hcn?ref_src=embed\" rel=\"nofollow noopener\" target=\"_blank\">@sondagemsondagens.rr.pt<\/a>) <a href=\"https:\/\/bsky.app\/profile\/did:plc:2qp5ethltwhibbeljtv67hcn\/post\/3lwz2iaglyc2j?ref_src=embed\" rel=\"nofollow noopener\" target=\"_blank\">22 de agosto de 2025 \u00e0s 19:09<\/a><\/p><\/blockquote>\n<p>O <strong>PS<\/strong>, que <strong>soma agora 24,4% das inten\u00e7\u00f5es<\/strong> segundo o modelo da <strong>Renascen\u00e7a<\/strong>, est\u00e1 num empate t\u00e9cnico muito ligeiro com a AD \u2014 a escassez de sondagens faz com que a margem de erro da Sondagem das Sondagens aumente, sendo agora de cerca de 2,6 pontos percentuais. J\u00e1 o empate t\u00e9cnico entre socialistas e Chega \u00e9 mais s\u00f3lido: o partido de Andr\u00e9 Ventura soma 21,8% das inten\u00e7\u00f5es.\n<\/p>\n<p>A Iniciativa Liberal regista 7,6% na Sondagem das Sondagens, enquanto o Livre tem 6,6% das inten\u00e7\u00f5es, o PAN tem 3,2%, o Bloco de Esquerda tem 2,7% e a CDU tem 2,1%.\n<\/p>\n<p>Na Sondagem das Sondagens, o recente bar\u00f3metro da Intercampus ficou com a data de 11 de agosto.<\/p>\n","protected":false},"excerpt":{"rendered":"Uma nova sondagem da Intercampus coloca outra vez a AD e o PS em empate t\u00e9cnico. O novo&hellip;\n","protected":false},"author":2,"featured_media":42082,"comment_status":"","ping_status":"","sticky":false,"template":"","format":"standard","meta":{"footnotes":""},"categories":[8],"tags":[27,28,15,16,14,25,26,21,22,12,13,19,20,32,23,24,33,17,18,29,30,31],"class_list":{"0":"post-42081","1":"post","2":"type-post","3":"status-publish","4":"format-standard","5":"has-post-thumbnail","7":"category-principais-noticias","8":"tag-breaking-news","9":"tag-breakingnews","10":"tag-featured-news","11":"tag-featurednews","12":"tag-headlines","13":"tag-latest-news","14":"tag-latestnews","15":"tag-main-news","16":"tag-mainnews","17":"tag-news","18":"tag-noticias","19":"tag-noticias-principais","20":"tag-noticiasprincipais","21":"tag-portugal","22":"tag-principais-noticias","23":"tag-principaisnoticias","24":"tag-pt","25":"tag-top-stories","26":"tag-topstories","27":"tag-ultimas","28":"tag-ultimas-noticias","29":"tag-ultimasnoticias"},"share_on_mastodon":{"url":"","error":""},"_links":{"self":[{"href":"https:\/\/www.europesays.com\/pt\/wp-json\/wp\/v2\/posts\/42081","targetHints":{"allow":["GET"]}}],"collection":[{"href":"https:\/\/www.europesays.com\/pt\/wp-json\/wp\/v2\/posts"}],"about":[{"href":"https:\/\/www.europesays.com\/pt\/wp-json\/wp\/v2\/types\/post"}],"author":[{"embeddable":true,"href":"https:\/\/www.europesays.com\/pt\/wp-json\/wp\/v2\/users\/2"}],"replies":[{"embeddable":true,"href":"https:\/\/www.europesays.com\/pt\/wp-json\/wp\/v2\/comments?post=42081"}],"version-history":[{"count":0,"href":"https:\/\/www.europesays.com\/pt\/wp-json\/wp\/v2\/posts\/42081\/revisions"}],"wp:featuredmedia":[{"embeddable":true,"href":"https:\/\/www.europesays.com\/pt\/wp-json\/wp\/v2\/media\/42082"}],"wp:attachment":[{"href":"https:\/\/www.europesays.com\/pt\/wp-json\/wp\/v2\/media?parent=42081"}],"wp:term":[{"taxonomy":"category","embeddable":true,"href":"https:\/\/www.europesays.com\/pt\/wp-json\/wp\/v2\/categories?post=42081"},{"taxonomy":"post_tag","embeddable":true,"href":"https:\/\/www.europesays.com\/pt\/wp-json\/wp\/v2\/tags?post=42081"}],"curies":[{"name":"wp","href":"https:\/\/api.w.org\/{rel}","templated":true}]}}