{"id":420821,"date":"2026-06-17T06:56:12","date_gmt":"2026-06-17T06:56:12","guid":{"rendered":"https:\/\/www.europesays.com\/pt\/420821\/"},"modified":"2026-06-17T06:56:12","modified_gmt":"2026-06-17T06:56:12","slug":"rebec-a-chave-da-fiocruz-para-agilizar-pesquisas-clinicas","status":"publish","type":"post","link":"https:\/\/www.europesays.com\/pt\/420821\/","title":{"rendered":"Rebec@, a chave da Fiocruz para agilizar pesquisas cl\u00ednicas"},"content":{"rendered":"\n<p class=\" content-text__container theme-color-primary-first-letter\" data-track-category=\"Link no Texto\" data-track-links=\"\"> Com uma edi\u00e7\u00e3o dedicada ao tema \u201c<a class=\"\" href=\"https:\/\/oglobo.globo.com\/tudo-sobre\/assunto\/inteligencia-artificial\/\" rel=\"nofollow noopener\" target=\"_blank\">Intelig\u00eancia Artificial<\/a> para o Bem Comum\u201d, o Pr\u00eamio Jovem Cientista deste ano joga luz sobre uma tecnologia que j\u00e1 come\u00e7a a transformar \u00e1reas estrat\u00e9gicas no Brasil, especialmente a sa\u00fade. <\/p>\n<p class=\" content-text__container \" data-track-category=\"Link no Texto\" data-track-links=\"\"> Um dos exemplos mais recentes vem da Funda\u00e7\u00e3o Oswaldo Cruz (<a class=\"\" href=\"https:\/\/oglobo.globo.com\/tudo-sobre\/instituicao-governamental\/fiocruz\/\" rel=\"nofollow noopener\" target=\"_blank\">Fiocruz<\/a>), que h\u00e1 pouco mais de um ano lan\u00e7ou a Rebec@, uma intelig\u00eancia artificial generativa criada para apoiar estudiosos no registro de pesquisas cl\u00ednicas. Integrada \u00e0 plataforma do Registro Brasileiro de Ensaios Cl\u00ednicos (ReBEC), a ferramenta orienta usu\u00e1rios sobre os documentos e informa\u00e7\u00f5es necess\u00e1rios para cadastrar estudos realizados com seres humanos. <\/p>\n<ul class=\"content-unordered-list\">\n<li><strong>Pr\u00eamio Jovem Cientista:<\/strong> <a class=\"\" href=\"https:\/\/oglobo.globo.com\/brasil\/noticia\/2026\/05\/06\/premio-jovem-cientista-prorroga-as-inscricoes-para-ate-14-de-agosto.ghtml\" rel=\"nofollow noopener\" target=\"_blank\">Inscri\u00e7\u00f5es v\u00e3o at\u00e9 14 de agosto<\/a><\/li>\n<li><strong>Avan\u00e7o da IA no Brasil: <\/strong><a class=\"\" href=\"https:\/\/oglobo.globo.com\/brasil\/educacao\/premio-jovem-cientista\/noticia\/2026\/04\/22\/avanco-da-ia-no-brasil-traz-desafios-a-empresas-e-no-ensino.ghtml\" rel=\"nofollow noopener\" target=\"_blank\">Desafio para empresas e educa\u00e7\u00e3o<\/a><\/li>\n<\/ul>\n<p class=\" content-text__container \" data-track-category=\"Link no Texto\" data-track-links=\"\"> Segundo o coordenador do ReBEC, o professor e doutor em Sa\u00fade P\u00fablica Josu\u00e9 Laguardia, a ferramenta foi desenvolvida para agilizar etapas burocr\u00e1ticas e permitir que pesquisadores e revisores se concentrem em an\u00e1lises mais complexas. <\/p>\n<p class=\" content-text__container \" data-track-category=\"Link no Texto\" data-track-links=\"\"> \u2014 A Rebec@ foi constru\u00edda a partir de uma base de conhecimento sobre o que \u00e9 o registro de estudos cl\u00ednicos. Hoje, j\u00e1 pensamos em ampliar esse escopo, com a possibilidade de o chatbot realizar uma primeira an\u00e1lise dos projetos, apontando eventuais inconsist\u00eancias na documenta\u00e7\u00e3o \u2014 diz. <\/p>\n<p class=\" content-text__container \" data-track-category=\"Link no Texto\" data-track-links=\"\"> A ideia, segundo ele, \u00e9 que a IA funcione como uma triagem inicial automatizada, enquanto a avalia\u00e7\u00e3o final continue sendo feita por revisores humanos. <\/p>\n<p class=\" content-text__container \" data-track-category=\"Link no Texto\" data-track-links=\"\"> O uso da intelig\u00eancia artificial na sa\u00fade aparece como uma das \u00e1reas estrat\u00e9gicas do Plano Brasileiro de Intelig\u00eancia Artificial. Entre as aplica\u00e7\u00f5es previstas est\u00e3o a melhoria de diagn\u00f3sticos, a otimiza\u00e7\u00e3o de recursos hospitalares, a personaliza\u00e7\u00e3o de tratamentos e o monitoramento epidemiol\u00f3gico. <\/p>\n<p class=\" content-text__container \" data-track-category=\"Link no Texto\" data-track-links=\"\"> Pesquisadora da Fiocruz e doutora em Informa\u00e7\u00e3o e Comunica\u00e7\u00e3o, Simone Oliveira afirma que a IA j\u00e1 vem demonstrando resultados especialmente no diagn\u00f3stico por imagem, embora ainda existam desafios relacionados \u00e0 qualidade e \u00e0 diversidade dos dados utilizados nos sistemas. <\/p>\n<p class=\" content-text__container \" data-track-category=\"Link no Texto\" data-track-links=\"\"> \u2014 A IA tem melhorado a precis\u00e3o no diagn\u00f3stico por imagem, mas sua implementa\u00e7\u00e3o ainda enfrenta desafios, como a depend\u00eancia de grandes volumes de dados e a necessidade de avaliar se, e como, a diversidade est\u00e1 representada, evitando vieses e desigualdades na pr\u00e1tica cl\u00ednica. <\/p>\n<p class=\" content-text__container \" data-track-category=\"Link no Texto\" data-track-links=\"\"> Durante sua pesquisa de doutorado, Oliveira acompanhou projetos que utilizam IA para incentivar o autocuidado de pacientes com doen\u00e7as cr\u00f4nicas, como diabetes, por meio de agentes virtuais que interagem diretamente com os usu\u00e1rios. <\/p>\n<p class=\" content-text__container \" data-track-category=\"Link no Texto\" data-track-links=\"\"> Outro campo em expans\u00e3o \u00e9 o uso da tecnologia para prever surtos de doen\u00e7as. A partir da an\u00e1lise de grandes volumes de dados, sistemas de IA conseguem identificar padr\u00f5es e alertar autoridades de sa\u00fade sobre poss\u00edveis aumentos de transmiss\u00e3o antes que eles se agravem. <\/p>\n<p class=\" content-text__container \" data-track-category=\"Link no Texto\" data-track-links=\"\"> \u2014 Tamb\u00e9m tem ganhado destaque o uso da IA para ajudar autoridades de sa\u00fade a identificar antecipadamente poss\u00edveis surtos, permitindo a\u00e7\u00f5es preventivas antes que a transmiss\u00e3o se intensifique \u2014 diz Oliveira. <\/p>\n<p class=\" content-text__container \" data-track-category=\"Link no Texto\" data-track-links=\"\"> O debate sobre a chamada \u201cexplicabilidade da IA\u201d \u2014 ou seja, a capacidade de compreender como as decis\u00f5es foram tomadas pelos algoritmos \u2014 \u00e9 um ponto de aten\u00e7\u00e3o apontado por especialistas e pelo Pr\u00eamio Jovem Cientista, que tamb\u00e9m apoia pesquisas com esse vi\u00e9s anal\u00edtico. <\/p>\n<p class=\" content-text__container \" data-track-category=\"Link no Texto\" data-track-links=\"\"> \u2014 A transpar\u00eancia \u00e9 fundamental para a constru\u00e7\u00e3o da confian\u00e7a, especialmente na sa\u00fade. As decis\u00f5es s\u00e3o pautadas pelas evid\u00eancias cient\u00edficas? Como o banco de dados foi criado? Utilizar sistemas de IA treinados em popula\u00e7\u00f5es com caracter\u00edsticas distintas pode levar a erros \u2014 argumenta o professor Laguardia. <\/p>\n<p class=\" content-text__container \" data-track-category=\"Link no Texto\" data-track-links=\"\"> Promovido pelo Conselho Nacional de Desenvolvimento Cient\u00edfico e Tecnol\u00f3gico (CNPq) em parceria com a Funda\u00e7\u00e3o Roberto Marinho, o Pr\u00eamio Jovem Cientista conta com patroc\u00ednio master da Shell e apoio de m\u00eddia da Editora Globo e do Canal Futura. As inscri\u00e7\u00f5es est\u00e3o abertas at\u00e9 14 de agosto, pelo site jovemcientista.cnpq.br. Podem participar estudantes do ensino m\u00e9dio, ensino superior, mestrado e doutorado de todas as \u00e1reas do conhecimento. Os vencedores recebem laptops, bolsas de pesquisa do CNPq e pr\u00eamios em dinheiro que variam de R$ 5 mil a R$ 40 mil. <\/p>\n","protected":false},"excerpt":{"rendered":"Com uma edi\u00e7\u00e3o dedicada ao tema \u201cIntelig\u00eancia Artificial para o Bem Comum\u201d, o Pr\u00eamio Jovem Cientista deste ano&hellip;\n","protected":false},"author":2,"featured_media":420822,"comment_status":"","ping_status":"","sticky":false,"template":"","format":"standard","meta":{"footnotes":"","_share_on_mastodon":"0"},"categories":[86],"tags":[2807,45403,116,933,32,33,679,117],"class_list":["post-420821","post","type-post","status-publish","format-standard","has-post-thumbnail","category-saude","tag-fiocruz","tag-fundacao-oswaldo-cruz","tag-health","tag-inteligencia-artificial","tag-portugal","tag-pt","tag-reportagem","tag-saude"],"share_on_mastodon":{"url":"https:\/\/pubeurope.com\/@pt\/116764146741481170","error":""},"_links":{"self":[{"href":"https:\/\/www.europesays.com\/pt\/wp-json\/wp\/v2\/posts\/420821","targetHints":{"allow":["GET"]}}],"collection":[{"href":"https:\/\/www.europesays.com\/pt\/wp-json\/wp\/v2\/posts"}],"about":[{"href":"https:\/\/www.europesays.com\/pt\/wp-json\/wp\/v2\/types\/post"}],"author":[{"embeddable":true,"href":"https:\/\/www.europesays.com\/pt\/wp-json\/wp\/v2\/users\/2"}],"replies":[{"embeddable":true,"href":"https:\/\/www.europesays.com\/pt\/wp-json\/wp\/v2\/comments?post=420821"}],"version-history":[{"count":0,"href":"https:\/\/www.europesays.com\/pt\/wp-json\/wp\/v2\/posts\/420821\/revisions"}],"wp:featuredmedia":[{"embeddable":true,"href":"https:\/\/www.europesays.com\/pt\/wp-json\/wp\/v2\/media\/420822"}],"wp:attachment":[{"href":"https:\/\/www.europesays.com\/pt\/wp-json\/wp\/v2\/media?parent=420821"}],"wp:term":[{"taxonomy":"category","embeddable":true,"href":"https:\/\/www.europesays.com\/pt\/wp-json\/wp\/v2\/categories?post=420821"},{"taxonomy":"post_tag","embeddable":true,"href":"https:\/\/www.europesays.com\/pt\/wp-json\/wp\/v2\/tags?post=420821"}],"curies":[{"name":"wp","href":"https:\/\/api.w.org\/{rel}","templated":true}]}}