{"id":42085,"date":"2025-08-23T21:11:07","date_gmt":"2025-08-23T21:11:07","guid":{"rendered":"https:\/\/www.europesays.com\/pt\/42085\/"},"modified":"2025-08-23T21:11:07","modified_gmt":"2025-08-23T21:11:07","slug":"a-refeicao-de-uma-baleia-garantiu-o-titulo-de-fotografo-de-oceanos-do-ano-lance","status":"publish","type":"post","link":"https:\/\/www.europesays.com\/pt\/42085\/","title":{"rendered":"A &#8220;refei\u00e7\u00e3o&#8221; de uma baleia garantiu o t\u00edtulo de Fot\u00f3grafo de Oceanos do Ano &#8211; Lance"},"content":{"rendered":"<p>O mundo subaqu\u00e1tico \u00e9 repleto de eventos extraordin\u00e1rios, que, quando capturados atrav\u00e9s da lente de uma c\u00e2mera, podem contar hist\u00f3rias incr\u00edveis e chamar a aten\u00e7\u00e3o para os desafios enfrentados pelos oceanos. Recentemente, o olhar atento e a habilidade de <a href=\"https:\/\/www.instagram.com\/rafafdezjr\/?hl=pt\" target=\"_blank\" rel=\"noreferrer noopener nofollow\">Rafael Fernandez Caballero<\/a> foram premiados pelo Oceanographer Magazine ao capturar uma imagem impressionante de uma baleia de Bryde durante um frenesi alimentar. Este evento ocorreu na Baja California Sur e ilustra como o pl\u00e2ncton, organismo diminuto, pode desencadear um espet\u00e1culo natural quando atrai cardumes de sardinhas e, por fim, predadores maiores como a imensa baleia.<\/p>\n<p>A fotografia vencedora \u00e9 uma representa\u00e7\u00e3o n\u00e3o apenas da beleza natural, mas tamb\u00e9m dos <a href=\"https:\/\/www.lance.com.br\/outros-lances\/2025\/08\/22\/cometa-brilhante-vai-passar-perto-da-terra-e-podera-ser-visto-do-brasil\/\" target=\"_blank\" rel=\"noreferrer noopener nofollow\">fen\u00f4menos <\/a>complexos que ocorrem debaixo d\u2019\u00e1gua. O clima, influenciado pelo fen\u00f4meno El Ni\u00f1o, elevou as temperaturas do oceano, resultando na presen\u00e7a de uma maior variedade de esp\u00e9cies no local. Este ambiente prop\u00edcio para a alimenta\u00e7\u00e3o de baleias \u00e9 um exemplo da complexa cadeia alimentar e da interdepend\u00eancia dos ecossistemas marinhos.<\/p>\n<p>Qual \u00e9 a import\u00e2ncia de competi\u00e7\u00f5es como o Ocean Photographer of the Year?<\/p>\n<p>O Ocean Photographer of the Year n\u00e3o \u00e9 apenas sobre premiar imagens esteticamente agrad\u00e1veis. A competi\u00e7\u00e3o \u00e9 uma plataforma para conscientizar sobre os desafios que os oceanos enfrentam. Por meio de suas diversas categorias, como Conserva\u00e7\u00e3o (Impacto) e Conserva\u00e7\u00e3o (Esperan\u00e7a), busca-se destacar quest\u00f5es ambientais cr\u00edticas. Esta iniciativa procura promover discuss\u00f5es sobre a preserva\u00e7\u00e3o do ambiente marinho e salientar hist\u00f3rias tanto de esperan\u00e7a quanto de a\u00e7\u00e3o urgente necess\u00e1ria para proteger essas \u00e1reas.<\/p>\n<blockquote class=\"instagram-media\" data-instgrm-captioned=\"\" data-instgrm-permalink=\"https:\/\/www.instagram.com\/p\/C_3CtH_tabx\/?utm_source=ig_embed&amp;utm_campaign=loading\" data-instgrm-version=\"14\" style=\" background:#FFF; border:0; border-radius:3px; box-shadow:0 0 1px 0 rgba(0,0,0,0.5),0 1px 10px 0 rgba(0,0,0,0.15); margin: 1px; max-width:540px; min-width:326px; padding:0; width:99.375%; width:-webkit-calc(100% - 2px); width:calc(100% - 2px);\"\/>\n<p>Como a fotografia pode influenciar na preserva\u00e7\u00e3o dos oceanos?<\/p>\n<p>Fotografias poderosas t\u00eam o potencial de mudar percep\u00e7\u00f5es e inspirar a\u00e7\u00f5es. A imagem vencedora na categoria de Conserva\u00e7\u00e3o (Impacto), capturada por Frederik Brogaard, por exemplo, mostra um lado triste da intera\u00e7\u00e3o humana com a vida marinha: uma baleia sendo transportada para um cais na Isl\u00e2ndia para ser retalhada. Este tipo de imagem serve como um lembrete visual de que a ca\u00e7a comercial de baleias ainda est\u00e1 ativa em alguns pa\u00edses, como a Isl\u00e2ndia, Jap\u00e3o e Noruega. Essas imagens s\u00e3o um chamado \u00e0 a\u00e7\u00e3o para que tais pr\u00e1ticas sejam reconsideradas.<\/p>\n<p>Que hist\u00f3rias esperan\u00e7osas surgem dessas fotografias de conserva\u00e7\u00e3o?<\/p>\n<p>Enquanto algumas fotografias mostram as dificuldades, outras oferecem uma vis\u00e3o esperan\u00e7osa. Shane Gross, vencedor na categoria Conserva\u00e7\u00e3o (Esperan\u00e7a), documentou o momento em que uma tartaruga-verde foi salva de uma rede de pesca de tubar\u00f5es. Ap\u00f3s ser libertada, a tartaruga foi medida e etiquetada antes de ser devolvida ao mar. Agora, ela serve como uma embaixadora da sua esp\u00e9cie, simbolizando n\u00e3o apenas a import\u00e2ncia da interven\u00e7\u00e3o humana respons\u00e1vel, mas tamb\u00e9m o potencial para hist\u00f3rias de sucesso na conserva\u00e7\u00e3o.<\/p>\n<p>Por meio dessas lentes, a vida subaqu\u00e1tica continua a inspirar e a educar. As imagens capturadas n\u00e3o apenas belas vistas, mas tamb\u00e9m mensagens poderosas sobre a necessidade de proteger nossos oceanos e seus habitantes. Assim, as competi\u00e7\u00f5es de fotografia releem a fidelidade aos mares e servem como um constante lembrete da import\u00e2ncia da preserva\u00e7\u00e3o ambiental. Ao destacar tanto os desafios quanto as vit\u00f3rias na defesa desses ecossistemas, espera-se que cada fotografia contribua para um futuro mais sustent\u00e1vel e conscientizado.<\/p>\n<p>\t\t\t\t\t\t\t\t\t\t\t\t\t\t\t<script async src=\"\/\/www.instagram.com\/embed.js\"><\/script><\/p>\n","protected":false},"excerpt":{"rendered":"O mundo subaqu\u00e1tico \u00e9 repleto de eventos extraordin\u00e1rios, que, quando capturados atrav\u00e9s da lente de uma c\u00e2mera, podem&hellip;\n","protected":false},"author":2,"featured_media":42086,"comment_status":"","ping_status":"","sticky":false,"template":"","format":"standard","meta":{"footnotes":""},"categories":[144],"tags":[207,205,206,203,201,202,204,114,115,32,33],"class_list":{"0":"post-42085","1":"post","2":"type-post","3":"status-publish","4":"format-standard","5":"has-post-thumbnail","7":"category-arte-e-design","8":"tag-arte","9":"tag-arte-e-design","10":"tag-artedesign","11":"tag-arts","12":"tag-arts-and-design","13":"tag-artsanddesign","14":"tag-design","15":"tag-entertainment","16":"tag-entretenimento","17":"tag-portugal","18":"tag-pt"},"share_on_mastodon":{"url":"","error":""},"_links":{"self":[{"href":"https:\/\/www.europesays.com\/pt\/wp-json\/wp\/v2\/posts\/42085","targetHints":{"allow":["GET"]}}],"collection":[{"href":"https:\/\/www.europesays.com\/pt\/wp-json\/wp\/v2\/posts"}],"about":[{"href":"https:\/\/www.europesays.com\/pt\/wp-json\/wp\/v2\/types\/post"}],"author":[{"embeddable":true,"href":"https:\/\/www.europesays.com\/pt\/wp-json\/wp\/v2\/users\/2"}],"replies":[{"embeddable":true,"href":"https:\/\/www.europesays.com\/pt\/wp-json\/wp\/v2\/comments?post=42085"}],"version-history":[{"count":0,"href":"https:\/\/www.europesays.com\/pt\/wp-json\/wp\/v2\/posts\/42085\/revisions"}],"wp:featuredmedia":[{"embeddable":true,"href":"https:\/\/www.europesays.com\/pt\/wp-json\/wp\/v2\/media\/42086"}],"wp:attachment":[{"href":"https:\/\/www.europesays.com\/pt\/wp-json\/wp\/v2\/media?parent=42085"}],"wp:term":[{"taxonomy":"category","embeddable":true,"href":"https:\/\/www.europesays.com\/pt\/wp-json\/wp\/v2\/categories?post=42085"},{"taxonomy":"post_tag","embeddable":true,"href":"https:\/\/www.europesays.com\/pt\/wp-json\/wp\/v2\/tags?post=42085"}],"curies":[{"name":"wp","href":"https:\/\/api.w.org\/{rel}","templated":true}]}}