{"id":42105,"date":"2025-08-23T21:27:12","date_gmt":"2025-08-23T21:27:12","guid":{"rendered":"https:\/\/www.europesays.com\/pt\/42105\/"},"modified":"2025-08-23T21:27:12","modified_gmt":"2025-08-23T21:27:12","slug":"jaques-rouba-a-cena-e-solta-bomba-em-cha-dos-bebes-de-ayla","status":"publish","type":"post","link":"https:\/\/www.europesays.com\/pt\/42105\/","title":{"rendered":"Jaques rouba a cena e solta bomba em ch\u00e1 dos beb\u00eas de Ayla"},"content":{"rendered":"<p>Nos pr\u00f3ximos cap\u00edtulos de Dona de Mim, o ch\u00e1 revela\u00e7\u00e3o \u00e9 dos beb\u00eas de Ayla (Bel Lima), mas Jaques (Marcello Novaes) \u00e9 quem solta a bomba de que \u00e9 o verdadeiro pai da gestante e do irm\u00e3o dela, Davi (Rafael Vitti).<\/p>\n<p><a href=\"https:\/\/natelinha.uol.com.br\/novelas\/2025\/07\/30\/dona-de-mim-jaques-faz-revelacao-chocante-sobre-abel-amo-meu-irmao-229201.php\" rel=\"nofollow noopener\" target=\"_blank\">O irm\u00e3o de Abel<\/a> (Tony Ramos) j\u00e1 ter\u00e1 confessado ao playboy que teve um affair com a ex-cunhada, Ol\u00edvia (Andrezza Abreu). Na ocasi\u00e3o, por\u00e9m, o vil\u00e3o disse que foi apenas um beijinho quando, na verdade, manteve um caso durante o casamento dos dois.<\/p>\n<p>At\u00e9 ent\u00e3o, nem mesmo <a href=\"https:\/\/natelinha.uol.com.br\/novelas\/dona-de-mim\/personagem\/jaques\" rel=\"nofollow noopener\" target=\"_blank\">Jaques<\/a> suspeitava de que os sobrinhos s\u00e3o seus filhos. A verdade s\u00f3 vir\u00e1 \u00e0 tona depois que o cr\u00e1pula encontrar na antiga gaveta do falecido, na Boaz, um exame que comprova que ele era est\u00e9ril.<\/p>\n<p>continua depois da publicidade<\/p>\n<p>Certo de que foi enganado todo esse tempo, inclusive por Abel, <a href=\"https:\/\/natelinha.uol.com.br\/novelas\/2025\/07\/18\/dona-de-mim-jaques-descobre-que-e-pai-de-dois-marmanjos-228704.php\" rel=\"nofollow noopener\" target=\"_blank\">o vil\u00e3o aproveita o ch\u00e1 revela\u00e7\u00e3o dos filhos<\/a> de <a href=\"https:\/\/natelinha.uol.com.br\/novelas\/dona-de-mim\/personagem\/ayla\" rel=\"nofollow noopener\" target=\"_blank\">Ayla<\/a>, quando toda a fam\u00edlia estiver reunida, para soltar a bomba sobre a paternidade dos irm\u00e3os. Saiba mais!<\/p>\n<p>Em Dona de Mim, Davi e Ayla descobrem que s\u00e3o filhos de Jaques<\/p>\n<p><img decoding=\"async\" loading=\"lazy\" class=\"horizontal\" src=\"https:\/\/www.europesays.com\/pt\/wp-content\/uploads\/2025\/08\/tv-globo-dona-de-mim-davi-provoca-separacao-de-ayla_9162.jpeg\" width=\"1280\" height=\"719\" alt=\"Dona de Mim: Jaques rouba a cena e solta bomba em ch\u00e1 dos beb\u00eas de Ayla\"\/><\/p>\n<p>Nos pr\u00f3ximos cap\u00edtulos de <a href=\"https:\/\/natelinha.uol.com.br\/novelas\/dona-de-mim\" rel=\"nofollow noopener\" target=\"_blank\">Dona de Mim<\/a>, Jaques descobre que Davi e Ayla s\u00e3o seus filhos e conta a novidade para a fam\u00edlia durante o ch\u00e1 revela\u00e7\u00e3o dos beb\u00eas da namorada de Gisele (Luana Tanaka).<\/p>\n<p>Com a morte de Abel, o vil\u00e3o \u00e9 quem assume a presid\u00eancia da Boaz, passando a usar a sala que antes era do seu irm\u00e3o. Mexendo em uma das gavetas, o cr\u00e1pula encontra um exame de esterilidade do falecido.<\/p>\n<p>continua depois da publicidade<\/p>\n<p>Antes mesmo de saber de toda a verdade, Jaques j\u00e1 estava mais pr\u00f3ximos de Davi. Durante uma das conversas dos dois, o ex-marido de T\u00e2nia (Aline Borges) disse para o rapaz que ele se parece demais com a m\u00e3e.<\/p>\n<p><a href=\"https:\/\/natelinha.uol.com.br\/novelas\/2025\/08\/14\/dona-de-mim-rosa-descobre-crime-de-jaques-e-propoe-acordo-229853.php\" rel=\"nofollow noopener\" target=\"_blank\">+\u00a0Dona de Mim: Rosa descobre crime de Jaques e prop\u00f5e acordo<\/a><\/p>\n<p>Curioso sobre Ol\u00edvia, o playboy encheu o tio de perguntas e acabou descobrindo que os dois chegara a se beijar. O irm\u00e3o de Samuel (Juan Paiva) chegou a fazer alguns insinua\u00e7\u00f5es, mas o filho de Rosa (Suely Franco) negou que sua rela\u00e7\u00e3o com a falecida passou daquele beijo.<\/p>\n<p>S\u00f3 que um exame comprovando que Abel era est\u00e9ril n\u00e3o s\u00f3 muda tudo como, ainda, deixa claro que a primeira mulher do empres\u00e1rio n\u00e3o queria que o cunhado soubesse dos filhos.<\/p>\n<p>continua depois da publicidade<\/p>\n<p>Para ter a certeza da paternidade, Jaques dar\u00e1 um jeito de conseguir material gen\u00e9tico dos &#8220;sobrinhos&#8221; e paga uma taxa extra para o laborat\u00f3rio acelerar a entrega do resultado.<\/p>\n<p>A confirma\u00e7\u00e3o ser\u00e1 enviada diretamente para a mans\u00e3o dos Boaz, no dia do ch\u00e1 revela\u00e7\u00e3o dos beb\u00eas de Ayla e Gisele. Filipa (Cl\u00e1udia Abreu) \u00e9 quem recebe a correspond\u00eancia, e como estar\u00e1 em mais um dos seus devaneios, sugere que a enteada abra logo.<\/p>\n<p>Ao mesmo tempo em que a mocinha l\u00ea o resultado do exame, a vi\u00fava de Abel estoura os bal\u00f5es antes do tempo. O barulho assusta a gr\u00e1vida, que deixa o envelope cair no ch\u00e3o e sai correndo.<\/p>\n<p>continua depois da publicidade<\/p>\n<p><a href=\"https:\/\/natelinha.uol.com.br\/novelas\/2025\/08\/21\/dona-de-mim-jaques-desperta-o-pior-lado-de-sofia-me-acha-ma-230153.php\" rel=\"nofollow noopener\" target=\"_blank\">+\u00a0Dona de Mim: Jaques desperta o pior lado de Sofia: &#8220;Me acha m\u00e1?&#8221;<\/a><\/p>\n<p>Jaques, ent\u00e3o, confirma em voz alta que os dois s\u00e3o seus filhos. A essa altura, Davi j\u00e1 sabia a verdade e age com naturalidade. Ao contr\u00e1rio da sua irm\u00e3 que entra em choque.<\/p>\n<p>Quando estiver mais calma, a herdeira da Boaz vai pressionar o &#8220;tio&#8221; para que lhe conte detalhes sobre o envolvimento com a sua m\u00e3e. Vivendo uma gravides de risco, a jovem ser\u00e1 aconselhada pela namorada a ter cautela por causa dos beb\u00eas.<\/p>\n<p>A cena est\u00e1 prevista para ir ao ar no cap\u00edtulo do dia 23 de setembro.\u00a0<\/p>\n<p><strong>Confira os resumos da semana das outras novelas:\u00a0<\/strong><\/p>\n<p>continua depois da publicidade<\/p>\n<p>O\u00a0<strong>NaTelinha<\/strong>\u00a0divulga todos os dias os\u00a0<a href=\"https:\/\/natelinha.uol.com.br\/novelas\" rel=\"nofollow noopener\" target=\"_blank\"><strong>resumos dos cap\u00edtulos<\/strong><\/a>, detalhes dos personagens, entrevistas exclusivas com o elenco e spoiler da novela Dona de Mim.\u00a0<\/p>\n<p><strong>Assista ao\u00a0v\u00eddeo de abertura da novela das sete:\u00a0\u00a0<\/strong><\/p>\n<p>                                <img decoding=\"async\" loading=\"lazy\" class=\"horizontal\" alt=\"Imagem da thumbnail do v\u00eddeo\" src=\"https:\/\/www.europesays.com\/pt\/wp-content\/uploads\/2025\/08\/1755610270_149_hqdefault.jpg\"\/><\/p>\n<p>\u00a0<\/p>\n","protected":false},"excerpt":{"rendered":"Nos pr\u00f3ximos cap\u00edtulos de Dona de Mim, o ch\u00e1 revela\u00e7\u00e3o \u00e9 dos beb\u00eas de Ayla (Bel Lima), mas&hellip;\n","protected":false},"author":2,"featured_media":42106,"comment_status":"","ping_status":"","sticky":false,"template":"","format":"standard","meta":{"footnotes":""},"categories":[142],"tags":[12856,5438,1718,114,115,4904,32,33,151],"class_list":{"0":"post-42105","1":"post","2":"type-post","3":"status-publish","4":"format-standard","5":"has-post-thumbnail","7":"category-tv","8":"tag-ayla-dona-de-mim","9":"tag-davi-dona-de-mim","10":"tag-dona-de-mim","11":"tag-entertainment","12":"tag-entretenimento","13":"tag-jaques-dona-de-mim","14":"tag-portugal","15":"tag-pt","16":"tag-tv"},"share_on_mastodon":{"url":"","error":""},"_links":{"self":[{"href":"https:\/\/www.europesays.com\/pt\/wp-json\/wp\/v2\/posts\/42105","targetHints":{"allow":["GET"]}}],"collection":[{"href":"https:\/\/www.europesays.com\/pt\/wp-json\/wp\/v2\/posts"}],"about":[{"href":"https:\/\/www.europesays.com\/pt\/wp-json\/wp\/v2\/types\/post"}],"author":[{"embeddable":true,"href":"https:\/\/www.europesays.com\/pt\/wp-json\/wp\/v2\/users\/2"}],"replies":[{"embeddable":true,"href":"https:\/\/www.europesays.com\/pt\/wp-json\/wp\/v2\/comments?post=42105"}],"version-history":[{"count":0,"href":"https:\/\/www.europesays.com\/pt\/wp-json\/wp\/v2\/posts\/42105\/revisions"}],"wp:featuredmedia":[{"embeddable":true,"href":"https:\/\/www.europesays.com\/pt\/wp-json\/wp\/v2\/media\/42106"}],"wp:attachment":[{"href":"https:\/\/www.europesays.com\/pt\/wp-json\/wp\/v2\/media?parent=42105"}],"wp:term":[{"taxonomy":"category","embeddable":true,"href":"https:\/\/www.europesays.com\/pt\/wp-json\/wp\/v2\/categories?post=42105"},{"taxonomy":"post_tag","embeddable":true,"href":"https:\/\/www.europesays.com\/pt\/wp-json\/wp\/v2\/tags?post=42105"}],"curies":[{"name":"wp","href":"https:\/\/api.w.org\/{rel}","templated":true}]}}