{"id":421157,"date":"2026-06-17T12:41:26","date_gmt":"2026-06-17T12:41:26","guid":{"rendered":"https:\/\/www.europesays.com\/pt\/421157\/"},"modified":"2026-06-17T12:41:26","modified_gmt":"2026-06-17T12:41:26","slug":"das-obras-para-o-sucesso-mundial-tudo-sobre-vozinha-o-guarda-redes-de-cabo-verde-que-virou-heroi-da-noite-para-o-dia-mundo","status":"publish","type":"post","link":"https:\/\/www.europesays.com\/pt\/421157\/","title":{"rendered":"Das obras para o sucesso mundial! Tudo sobre Vozinha, o guarda-redes de Cabo Verde que virou her\u00f3i da noite para o dia &#8211; Mundo"},"content":{"rendered":"<p class=\"\">&#13;<br \/>\n        Antes do jogo de <b>Cabo Verde frente \u00e0 Espanha no Campeonato do Mundo<\/b> o nome de <b>Vozinha<\/b> era praticamente desconhecido no mundo inteiro. Contudo, o jogo acabou e o guarda-redes africano saiu como um aut\u00eantico her\u00f3i gra\u00e7as \u00e0 sua incr\u00edvel presta\u00e7\u00e3o frente \u00e0 &#8220;armada&#8221; espanhola que conta com in\u00fameras estrelas do futebol mundial, como o caso de <b>Marc Cucurella,\u00a0Lamine Yamal, Rodri, Ferran Torres e Pedri<\/b>.&#13;\n    <\/p>\n<p class=\"\">&#13;<br \/>\n        Um verdadeiro &#8220;muro&#8221; em frente \u00e0 baliza dos <b>Tubar\u00f5es Azuis <\/b>escreve a imprensa mundial sobre o homem que no in\u00edcio do jogo tinha cerca de 50 mil seguidores nas redes sociais e poucas horas mais tarde tinha alcan\u00e7ado um n\u00famero extraordin\u00e1rio: 5,7 milh\u00f5es de f\u00e3s. Mas afinal quem \u00e9<b> Josimar Jos\u00e9 \u00c9vora Dias<\/b>, o atleta cabo-verdiano que o mundo agora conhece como Vozinha?&#13;\n    <\/p>\n<p class=\"\">&#13;<br \/>\n        Natural da <b>ilha de S\u00e3o Vicente<\/b>, o guarda-redes\u00a0viveu uma inf\u00e2ncia marcada pela aus\u00eancia dos pais. O pai estava na tropa e a m\u00e3e assumiu o sustento familiar passando, por isso, muito tempo fora de casa dedicada ao trabalho. Assim, os av\u00f3s assumiram um papel determinante na sua educa\u00e7\u00e3o e crescimento. Vem desse tempo a alcunha que agora o celebrizou.&#13;\n    <\/p>\n<p class=\"\">&#13;<br \/>\n        &#8220;<b>Nunca vivi com os meus pais. Quando nasci, o meu pai estava a cumprir o servi\u00e7o militar e a minha m\u00e3e tinha de trabalhar para sustentar a fam\u00edlia. Por isso, cresci sempre com os meus av\u00f3s<\/b>&#8220;, revelou o atleta numa entrevista \u00e0 FIFA. Na zona onde vivia, era habitual jogar futebol na rua com rapazes mais velhos, o que muitas vezes lhe trazia dificuldades. &#8220;<b>Levava muitas pancadas e gozavam comigo, dizendo que ia fazer queixa \u00e0 minha av\u00f3<\/b>&#8220;, explicou a origem da alcunha.&#13;\n    <\/p>\n<p class=\"\">&#13;<br \/>\n        Das ruas e dos campos pelados onde jogava futebol com os amigos, Vozinha foi obrigado a ir para as obras para ganhar dinheiro, pois <b>o futebol n\u00e3o lhe punha comida na mesa<\/b>. S\u00f3 que aquele que agora enverga a camisola da sele\u00e7\u00e3o do seu pa\u00eds, nunca desistiu do seu sonho. Depois de um dia a trabalhar no duro nas obras, Vozinha ainda tinha vontade e for\u00e7as para treinar. E <b>treinava sem nunca deixar de acreditar que um dia ia conseguir viver apenas do futebol.<\/b>&#13;\n    <\/p>\n<p class=\"\">&#13;<br \/>\n        Tanto acreditou que conseguiu sair de Cabo Verde e fazer carreira como jogador profissional em v\u00e1rios pa\u00edses e campeonatos, como \u00e9 o caso de <b>Angola, Mold\u00e1via, Chipre e Eslov\u00e1quia.<\/b>\u00a0Nos \u00faltimos anos, Portugal tem sido a sua &#8220;casa&#8221; onde representou o<b> Gil Vicente<\/b> e o <b>Desportivo de Chaves<\/b>, da II Liga. Terminou contrato e atualmente estar\u00e1, por vontade pr\u00f3pria, sem clube.&#13;\n    <\/p>\n<p>        &#13;<br \/>\n            Saber mais sobre&#13;<br \/>\n            &#13;<br \/>\n            &#13;<\/p>\n<p>    &#13;<br \/>\n        &#13;<br \/>\n        &#13;<br \/>\n&#13;<\/p>\n","protected":false},"excerpt":{"rendered":"&#13; Antes do jogo de Cabo Verde frente \u00e0 Espanha no Campeonato do Mundo o nome de Vozinha&hellip;\n","protected":false},"author":2,"featured_media":421158,"comment_status":"","ping_status":"","sticky":false,"template":"","format":"standard","meta":{"footnotes":"","_share_on_mastodon":"0"},"categories":[145],"tags":[2714,211,210,114,115,23570,2698,41573,68678,64974,67407,7912,9024,32,33,68679,68668],"class_list":["post-421157","post","type-post","status-publish","format-standard","has-post-thumbnail","category-celebridades","tag-cabo-verde","tag-celebridades","tag-celebrities","tag-entertainment","tag-entretenimento","tag-ferran-torres","tag-fifa","tag-gil-vicente-futebol-clube","tag-jogo-amigavel","tag-jogo-de-futebol","tag-jogos-mundial","tag-lamine-yamal","tag-marc-cucurella","tag-portugal","tag-pt","tag-selecao-cabo-verdiana-de-futebol","tag-vozinha"],"share_on_mastodon":{"url":"https:\/\/pubeurope.com\/@pt\/116765503526581289","error":""},"_links":{"self":[{"href":"https:\/\/www.europesays.com\/pt\/wp-json\/wp\/v2\/posts\/421157","targetHints":{"allow":["GET"]}}],"collection":[{"href":"https:\/\/www.europesays.com\/pt\/wp-json\/wp\/v2\/posts"}],"about":[{"href":"https:\/\/www.europesays.com\/pt\/wp-json\/wp\/v2\/types\/post"}],"author":[{"embeddable":true,"href":"https:\/\/www.europesays.com\/pt\/wp-json\/wp\/v2\/users\/2"}],"replies":[{"embeddable":true,"href":"https:\/\/www.europesays.com\/pt\/wp-json\/wp\/v2\/comments?post=421157"}],"version-history":[{"count":0,"href":"https:\/\/www.europesays.com\/pt\/wp-json\/wp\/v2\/posts\/421157\/revisions"}],"wp:featuredmedia":[{"embeddable":true,"href":"https:\/\/www.europesays.com\/pt\/wp-json\/wp\/v2\/media\/421158"}],"wp:attachment":[{"href":"https:\/\/www.europesays.com\/pt\/wp-json\/wp\/v2\/media?parent=421157"}],"wp:term":[{"taxonomy":"category","embeddable":true,"href":"https:\/\/www.europesays.com\/pt\/wp-json\/wp\/v2\/categories?post=421157"},{"taxonomy":"post_tag","embeddable":true,"href":"https:\/\/www.europesays.com\/pt\/wp-json\/wp\/v2\/tags?post=421157"}],"curies":[{"name":"wp","href":"https:\/\/api.w.org\/{rel}","templated":true}]}}