{"id":42123,"date":"2025-08-23T21:41:04","date_gmt":"2025-08-23T21:41:04","guid":{"rendered":"https:\/\/www.europesays.com\/pt\/42123\/"},"modified":"2025-08-23T21:41:04","modified_gmt":"2025-08-23T21:41:04","slug":"jessica-vieira-ainda-esta-apaixonada-por-afonso-leitao-eis-a-resposta-da-fiel-amiga-rita-almeida-big-brother","status":"publish","type":"post","link":"https:\/\/www.europesays.com\/pt\/42123\/","title":{"rendered":"J\u00e9ssica Vieira ainda est\u00e1 apaixonada por Afonso Leit\u00e3o? Eis a resposta da fiel amiga Rita Almeida &#8211; Big Brother"},"content":{"rendered":"<p>No Especial <a href=\"https:\/\/tvi.iol.pt\/bigbrother\/\" rel=\"nofollow noopener\" target=\"_blank\">Big Brother Ver\u00e3o<\/a>, Nuno Eir\u00f3 recebe alguns familiares e amigos dos concorrentes nomeados. Rita Almeida, ex-concorrente e amiga de J\u00e9ssica Vieira, comenta a presta\u00e7\u00e3o da mesma na casa mais vigiada do Pa\u00eds. Rita responde \u00e0 quest\u00e3o que muitos querem saber: J\u00e9ssica ainda est\u00e1 apaixonada por Afonso? A tia do pr\u00f3prio Afonso tamb\u00e9m interv\u00e9m.\u00a0<\/p>\n<p>Esta semana, h\u00e1 quatro concorrentes em risco de expuls\u00e3o. Vote no seu concorrente favorito para o salvar:<\/p>\n<p>AFONSO LEIT\u00c3O \u2013 761 20 20 01<\/p>\n<p>J\u00c9SSICA VIEIRA \u2013 761 20 20 07<\/p>\n<p>KINA \u2013 761 20 20 08<\/p>\n<p>VIRIATO \u2013 761 20 20 13<\/p>\n<p><a href=\"https:\/\/tvi.iol.pt\/bigbrother\/aominuto\" wbo-id=\"20\" rel=\"nofollow noopener\" target=\"_blank\">Acompanhe aqui tudo o que se passa na casa mais vigiada do pa\u00eds!<\/a><\/p>\n","protected":false},"excerpt":{"rendered":"No Especial Big Brother Ver\u00e3o, Nuno Eir\u00f3 recebe alguns familiares e amigos dos concorrentes nomeados. Rita Almeida, ex-concorrente&hellip;\n","protected":false},"author":2,"featured_media":42124,"comment_status":"","ping_status":"","sticky":false,"template":"","format":"standard","meta":{"footnotes":""},"categories":[142],"tags":[331,48,329,333,328,335,336,114,115,334,332,330,13,32,33,151,162,227],"class_list":{"0":"post-42123","1":"post","2":"type-post","3":"status-publish","4":"format-standard","5":"has-post-thumbnail","7":"category-tv","8":"tag-big","9":"tag-big-brother","10":"tag-claudio-ramos","11":"tag-comentadores","12":"tag-concorrentes","13":"tag-confrontos","14":"tag-discussoes","15":"tag-entertainment","16":"tag-entretenimento","17":"tag-exclusivos","18":"tag-expulso","19":"tag-gala","20":"tag-noticias","21":"tag-portugal","22":"tag-pt","23":"tag-tv","24":"tag-tvi","25":"tag-videos"},"share_on_mastodon":{"url":"","error":""},"_links":{"self":[{"href":"https:\/\/www.europesays.com\/pt\/wp-json\/wp\/v2\/posts\/42123","targetHints":{"allow":["GET"]}}],"collection":[{"href":"https:\/\/www.europesays.com\/pt\/wp-json\/wp\/v2\/posts"}],"about":[{"href":"https:\/\/www.europesays.com\/pt\/wp-json\/wp\/v2\/types\/post"}],"author":[{"embeddable":true,"href":"https:\/\/www.europesays.com\/pt\/wp-json\/wp\/v2\/users\/2"}],"replies":[{"embeddable":true,"href":"https:\/\/www.europesays.com\/pt\/wp-json\/wp\/v2\/comments?post=42123"}],"version-history":[{"count":0,"href":"https:\/\/www.europesays.com\/pt\/wp-json\/wp\/v2\/posts\/42123\/revisions"}],"wp:featuredmedia":[{"embeddable":true,"href":"https:\/\/www.europesays.com\/pt\/wp-json\/wp\/v2\/media\/42124"}],"wp:attachment":[{"href":"https:\/\/www.europesays.com\/pt\/wp-json\/wp\/v2\/media?parent=42123"}],"wp:term":[{"taxonomy":"category","embeddable":true,"href":"https:\/\/www.europesays.com\/pt\/wp-json\/wp\/v2\/categories?post=42123"},{"taxonomy":"post_tag","embeddable":true,"href":"https:\/\/www.europesays.com\/pt\/wp-json\/wp\/v2\/tags?post=42123"}],"curies":[{"name":"wp","href":"https:\/\/api.w.org\/{rel}","templated":true}]}}