{"id":421304,"date":"2026-06-17T18:03:12","date_gmt":"2026-06-17T18:03:12","guid":{"rendered":"https:\/\/www.europesays.com\/pt\/421304\/"},"modified":"2026-06-17T18:03:12","modified_gmt":"2026-06-17T18:03:12","slug":"governo-do-estado-inicia-distribuicao-da-vacina-pneumococica-20-valente-nessa-quarta-17-jornal-do-comercio","status":"publish","type":"post","link":"https:\/\/www.europesays.com\/pt\/421304\/","title":{"rendered":"Governo do Estado inicia distribui\u00e7\u00e3o da vacina Pneumoc\u00f3cica 20-valente nessa quarta (17) &#8211; Jornal do Com\u00e9rcio"},"content":{"rendered":"<ol>\n<li><a href=\"https:\/\/news.google.com\/rss\/articles\/CBMi4AFBVV95cUxOaXJ1Nk5vdFQ0MWd3TGNqamhnX192dUl3VXRBMWdIZ0pnd1BvV3V3Y3Y2aDBaMkpLdFo1UmpfNWxHaHlvcThGQlVHRTg4UmVIY093NGhaSDByeEF3R0gtSzJYcEZDeHJ4MFZiU01JTmFwREQ5b3UwMWdrUUxKQVZjU2wtS0RtcFFvTHEyRFdHVnJPSk9mbjRNVlNocjFsV2MtUEQwM01EYVdpbXZpRng0Q0JrTXQwUXRaU1Jqc2pwYUZWSWo5TzRtUFhCTUtRRG9HeDVTTzRnZEI4aHI4b2tPTA?oc=5\" target=\"_blank\" rel=\"nofollow noopener\">Governo do Estado inicia distribui\u00e7\u00e3o da vacina Pneumoc\u00f3cica 20-valente nessa quarta (17)<\/a>&nbsp;&nbsp;Jornal do Com\u00e9rcio<\/li>\n<li><a href=\"https:\/\/news.google.com\/rss\/articles\/CBMiswFBVV95cUxOVHk0Wml0VFozNWFxRGh0YWdBc1czbTdyODc1dVlfWkhSSllJWnRuSWppN1F0MlFuS0FZcnd2YURiTzFfVm96TFlDbks3VlNvT19RbXZfLUM4dGVOa0hiM2JWLS1yazJjYkQ2Vkl5OGdnQ1dTaWhBdDl4am5RT2FLbkZLb1U1azB2QXd6eERaWi1GX0dGVEM4N1lrNGZCYzVyOS1aTkpSeEk2YzB2eXJDX1VvRQ?oc=5\" target=\"_blank\" rel=\"nofollow noopener\">Governo do Estado inicia distribui\u00e7\u00e3o da vacina Pneumoc\u00f3cica 20-valente na quarta (17)<\/a>&nbsp;&nbsp;Portal do Estado do Rio Grande do Sul<\/li>\n<li><a href=\"https:\/\/news.google.com\/rss\/articles\/CBMixAFBVV95cUxQdFQyOXFNTHNKYWRZZ3F3RGVrZzNDb3FFWmlWa3VmeWVQcXZ0LXVQeDZNYkNfZVcxSXpEVDA4b3VvUEhOMkxWeEVTa3BtR3BfTlpsLXoxXzd2OW9Ed1kzVTFSVUUwdnB2UW1KQl9nVERxMWxoU2NtcEVXTkJ4RHhEWnQxajVpY0x2TDBoeTdXQTMwVjNKangtZlRDNWQ3VUo3aFZOQy1nbnRzRVNqMVp0elEzdWJaaWhodFJRcUp5cFduUzBn0gHMAUFVX3lxTE9kd0d2VXJZUzlrd0ZPdmFMaU96UlpkZmxtVTExWjN2eXdxOU1lbks0WGR2NXA1ZndJekxKSFZNT2xEaHBkdksyNDZPTmd5ZTVqTlpjcVg0Z2xGdlJ1cDFsRjNJSzR6c3AyUHdaa2dLdXEwN01HaFVGc3RTaHgzWHdBd2tkYTcxeFI2WG9wY2hkOWRYY0dGcGM3NFhLRXBYV25xTHFRTmhicGNjREIzVmdxRTR6dENOUnhDZDRFLWJDRmQwYVpJaUVZVHNRMQ?oc=5\" target=\"_blank\" rel=\"nofollow noopener\">Jo\u00e3o Pessoa aplica nova vacina contra meningite e pneumonia; saiba onde<\/a>&nbsp;&nbsp;Jornal da Para\u00edba<\/li>\n<li><a href=\"https:\/\/news.google.com\/rss\/articles\/CBMiqwFBVV95cUxNel9jN0lVTmxoVWxVanAwdVNkeFRra2F0NlVfQmRsN1RTeWxYSHNOTnhiZjVaM2xwclBYMWc1TEJtTjFTT0VGcTJ5dmktLTljLVpKSTFUUU5jc1NGSU83R0lrbUEwZWwtTDhOVWhieGtGSDRQdlduX0ttM2trdWhJLXFkNE1EUng2UnVwbWczNkxiZWhrWFV5SlRJWGVjeWRqbDY4OWV0OEctR3c?oc=5\" target=\"_blank\" rel=\"nofollow noopener\">Vacina pneumoc\u00f3cica 20 passa a ser oferecida nas UBSs do DF<\/a>&nbsp;&nbsp;Jornal de Bras\u00edlia<\/li>\n<li><a href=\"https:\/\/news.google.com\/rss\/articles\/CBMivgFBVV95cUxNZ3NTTUV5VUdqRW5fWmN4WF9seTlxUmVSTkVmQWRlRXNZV2tfcmpVV2p5NHdBR0I3WXd0bFVjbkFEQ1NZUm1SN2EyeXFYeTFNbWVpRVhHRVE3QnJhYkxSeVdzdWpnTWo1V3FLQmQ3a0k2bU5BZHdMVGFLbnRMMVExMEs5ZnMwMFpodGxoaDhNSzh5Mm94RnpmQmN0aW05Yjk5X252T2h2aHFTWkdNaDRTS3BLZzRacUQzekRxVmhB0gHMAUFVX3lxTE9pV3pIaXBUcGVRa0JZeUJVWFVTTG5LNjRtWmU3QVR4VkhwMEYyN3Z0Nlg4Mm1xVTYyVXFSTTVvMGRmS0kxQkJqTXU1UjRhbTRpbFJfczh1STdIQVVjbUsxTTJ2dDZTU3N0bzlrV3RTN0tPZ19wRlhCTVV0UWs2MWlubWJXLTdzdnhIckhZZTVrWERVLVZLWTdTQTloNkYza0ZEMnpjVkdiQjZESUt6UTZvSnZMMWVGOTRqYVJqLWU5a3lVaGxOYVAxd19Bcw?oc=5\" target=\"_blank\" rel=\"nofollow noopener\">Jo\u00e3o Pessoa passa a oferecer nova vacina pneumoc\u00f3cica<\/a>&nbsp;&nbsp;G1<\/li>\n<\/ol>\n","protected":false},"excerpt":{"rendered":"Governo do Estado inicia distribui\u00e7\u00e3o da vacina Pneumoc\u00f3cica 20-valente nessa quarta (17)&nbsp;&nbsp;Jornal do Com\u00e9rcio Governo do Estado inicia&hellip;\n","protected":false},"author":2,"featured_media":421305,"comment_status":"","ping_status":"","sticky":false,"template":"","format":"standard","meta":{"footnotes":"","_share_on_mastodon":"0"},"categories":[86],"tags":[23182,116,18234,4993,2879,32,33,2946,117,55144,68691],"class_list":["post-421304","post","type-post","status-publish","format-standard","has-post-thumbnail","category-saude","tag-crianu00e7as","tag-health","tag-imunizau00e7u00e3o","tag-meningite","tag-pneumonia","tag-portugal","tag-pt","tag-sau00fade","tag-saude","tag-sorotipos","tag-vacina-pneumocu00f3cica-20-valente"],"share_on_mastodon":{"url":"","error":""},"_links":{"self":[{"href":"https:\/\/www.europesays.com\/pt\/wp-json\/wp\/v2\/posts\/421304","targetHints":{"allow":["GET"]}}],"collection":[{"href":"https:\/\/www.europesays.com\/pt\/wp-json\/wp\/v2\/posts"}],"about":[{"href":"https:\/\/www.europesays.com\/pt\/wp-json\/wp\/v2\/types\/post"}],"author":[{"embeddable":true,"href":"https:\/\/www.europesays.com\/pt\/wp-json\/wp\/v2\/users\/2"}],"replies":[{"embeddable":true,"href":"https:\/\/www.europesays.com\/pt\/wp-json\/wp\/v2\/comments?post=421304"}],"version-history":[{"count":0,"href":"https:\/\/www.europesays.com\/pt\/wp-json\/wp\/v2\/posts\/421304\/revisions"}],"wp:featuredmedia":[{"embeddable":true,"href":"https:\/\/www.europesays.com\/pt\/wp-json\/wp\/v2\/media\/421305"}],"wp:attachment":[{"href":"https:\/\/www.europesays.com\/pt\/wp-json\/wp\/v2\/media?parent=421304"}],"wp:term":[{"taxonomy":"category","embeddable":true,"href":"https:\/\/www.europesays.com\/pt\/wp-json\/wp\/v2\/categories?post=421304"},{"taxonomy":"post_tag","embeddable":true,"href":"https:\/\/www.europesays.com\/pt\/wp-json\/wp\/v2\/tags?post=421304"}],"curies":[{"name":"wp","href":"https:\/\/api.w.org\/{rel}","templated":true}]}}