{"id":42139,"date":"2025-08-23T21:52:12","date_gmt":"2025-08-23T21:52:12","guid":{"rendered":"https:\/\/www.europesays.com\/pt\/42139\/"},"modified":"2025-08-23T21:52:12","modified_gmt":"2025-08-23T21:52:12","slug":"ta-rolando-cariucha-abre-o-jogo-apos-beijao-de-lingua-em-filho-de-gugu","status":"publish","type":"post","link":"https:\/\/www.europesays.com\/pt\/42139\/","title":{"rendered":"T\u00e1 rolando? Cari\u00facha abre o jogo ap\u00f3s beij\u00e3o de l\u00edngua em filho de Gugu"},"content":{"rendered":"<p>\n                        18 anos mais velha que Jo\u00e3o Augusto Liberato, beij\u00e3o de Cari\u00facha e do rapaz dividiu opini\u00f5es; os dois dividiram momento na &#8216;Festa do Jo\u00e3o&#8217;\n                    <\/p>\n<p>\n                                                                                                                                                                                                                            23 ago<br \/>\n                                    2025<br \/>\n                                     &#8211; 11h24\n                                <\/p>\n<p>\n                                                                                                            (atualizado \u00e0s 14h18)\n                                                                    <\/p>\n<p class=\"text\">O nome da apresentadora <strong>Cari\u00facha<\/strong> voltou aos holofotes nesta sexta-feira (22) ap\u00f3s ela revelar, com bom humor e sinceridade, detalhes de um momento inesperado: o beijo que deu em <strong>Jo\u00e3o Augusto Liberato<\/strong>, filho de <strong>Gugu Liberato<\/strong> (1959-2019), durante a festa de <strong>Jo\u00e3o Silva<\/strong>, herdeiro de <a href=\"https:\/\/www.terra.com.br\/tudo-sobre\/faustao\" target=\"_self\" rel=\"nofollow noopener\">Faust\u00e3o<\/a>.<\/p>\n<p><img loading=\"lazy\" decoding=\"async\" alt=\"Reprodu\u00e7\u00e3o\/SBT e Reprodu\u00e7\u00e3o\/Instagram\" class=\"img-476cda4d340013f3619f4457c9285d88ozzzlez3\" height=\"435\" src=\"https:\/\/www.europesays.com\/pt\/wp-content\/uploads\/2025\/08\/1536378698-cariucha-sobre-beijo-filho-de-gugu.jpg\"  title=\"Reprodu\u00e7\u00e3o\/SBT e Reprodu\u00e7\u00e3o\/Instagram\" width=\"774\"\/><\/p>\n<p>Reprodu\u00e7\u00e3o\/SBT e Reprodu\u00e7\u00e3o\/Instagram<\/p>\n<p>Foto: Mais Novela<\/p>\n<p class=\"text\">A aproxima\u00e7\u00e3o entre os dois aconteceu durante o evento, realizado na noite da \u00faltima quinta-feira (21), e foi comentada por <strong>Cari\u00facha<\/strong> ao vivo no programa Fofocalizando, do SBT. L\u00e1, ela contou como conheceu o jovem de 23 anos e como rolou o clima.<\/p>\n<p class=\"text\">&#8220;Ele \u00e9 uma gra\u00e7a. Conhecia a assessora dele, a Esther, uma mo\u00e7a bacana, grande jornalista, bem conhecida, e fomos conversando. Ela me apresentou a ele. \u00c9 um menino muito bonito, meu n\u00famero&#8221;, disse ela, arrancando risos dos colegas de bancada<\/p>\n<p class=\"text\">Ainda durante o bate-papo, <strong>Cari\u00facha<\/strong> brincou com o fato de ter ficado com algu\u00e9m mais novo, algo que, segundo ela, n\u00e3o era seu h\u00e1bito. &#8220;Geralmente, eu n\u00e3o gosto de meninos novos, eu gosto de menino velho. Eu joguei pro alto e caiu na testa, porque eu ficava criticando minhas amigas quando ficavam com um novinho&#8221;, contou, rindo.<\/p>\n<p class=\"text\">Sobre o beijo, ela n\u00e3o poupou elogios: &#8220;Ele \u00e9 muito novinho, mas beija muito bem. Ele \u00e9 muito inteligente, muito cabe\u00e7a, \u00e0 frente de seu tempo. Ele \u00e9 muito simples&#8221;, declarou. Questionada sobre quem tomou a iniciativa, a apresentadora foi direta: &#8220;S\u00e3o dois mundos diferentes, mas temos muita coisa em comum. Eu n\u00e3o sei explicar quem veio beijar primeiro, porque foi natural&#8221;.\u00a0<\/p>\n<blockquote class=\"instagram-media\" data-instgrm-captioned=\"\" data-instgrm-permalink=\"https:\/\/www.instagram.com\/p\/DNpm-k8O6Rk\/?utm_source=ig_embed&amp;utm_campaign=loading\" data-instgrm-version=\"14\" style=\"background: #FFF; border: 0; border-radius: 3px; box-shadow: 0 0 1px 0 rgba(0,0,0,0.5),0 1px 10px 0 rgba(0,0,0,0.15); margin: 1px; max-width: 540px; min-width: 326px; padding: 0; width: calc(100% - 2px);\">\n<\/blockquote>\n<p>                            <script async src=\"\/\/www.instagram.com\/embed.js\"><\/script><\/p>\n","protected":false},"excerpt":{"rendered":"18 anos mais velha que Jo\u00e3o Augusto Liberato, beij\u00e3o de Cari\u00facha e do rapaz dividiu opini\u00f5es; os dois&hellip;\n","protected":false},"author":2,"featured_media":42140,"comment_status":"","ping_status":"","sticky":false,"template":"","format":"standard","meta":{"footnotes":""},"categories":[145],"tags":[211,210,114,115,32,33],"class_list":{"0":"post-42139","1":"post","2":"type-post","3":"status-publish","4":"format-standard","5":"has-post-thumbnail","7":"category-celebridades","8":"tag-celebridades","9":"tag-celebrities","10":"tag-entertainment","11":"tag-entretenimento","12":"tag-portugal","13":"tag-pt"},"share_on_mastodon":{"url":"","error":""},"_links":{"self":[{"href":"https:\/\/www.europesays.com\/pt\/wp-json\/wp\/v2\/posts\/42139","targetHints":{"allow":["GET"]}}],"collection":[{"href":"https:\/\/www.europesays.com\/pt\/wp-json\/wp\/v2\/posts"}],"about":[{"href":"https:\/\/www.europesays.com\/pt\/wp-json\/wp\/v2\/types\/post"}],"author":[{"embeddable":true,"href":"https:\/\/www.europesays.com\/pt\/wp-json\/wp\/v2\/users\/2"}],"replies":[{"embeddable":true,"href":"https:\/\/www.europesays.com\/pt\/wp-json\/wp\/v2\/comments?post=42139"}],"version-history":[{"count":0,"href":"https:\/\/www.europesays.com\/pt\/wp-json\/wp\/v2\/posts\/42139\/revisions"}],"wp:featuredmedia":[{"embeddable":true,"href":"https:\/\/www.europesays.com\/pt\/wp-json\/wp\/v2\/media\/42140"}],"wp:attachment":[{"href":"https:\/\/www.europesays.com\/pt\/wp-json\/wp\/v2\/media?parent=42139"}],"wp:term":[{"taxonomy":"category","embeddable":true,"href":"https:\/\/www.europesays.com\/pt\/wp-json\/wp\/v2\/categories?post=42139"},{"taxonomy":"post_tag","embeddable":true,"href":"https:\/\/www.europesays.com\/pt\/wp-json\/wp\/v2\/tags?post=42139"}],"curies":[{"name":"wp","href":"https:\/\/api.w.org\/{rel}","templated":true}]}}