{"id":42157,"date":"2025-08-23T22:06:10","date_gmt":"2025-08-23T22:06:10","guid":{"rendered":"https:\/\/www.europesays.com\/pt\/42157\/"},"modified":"2025-08-23T22:06:10","modified_gmt":"2025-08-23T22:06:10","slug":"tati-machado-compartilha-fotos-ineditas-ao-lado-da-mae-e-do-marido-veja","status":"publish","type":"post","link":"https:\/\/www.europesays.com\/pt\/42157\/","title":{"rendered":"Tati Machado compartilha fotos in\u00e9ditas ao lado da m\u00e3e e do marido; veja"},"content":{"rendered":"<p>A apresentadora\u00a0Tati Machado usou as redes sociais na manh\u00e3 deste s\u00e1bado, 23, para compartilhar um novo \u00e1lbum de fotos com registros dos \u00faltimos dias<\/p>\n<p>A apresentadora\u00a0<a data-mrf-link=\"https:\/\/caras.com.br\/tags\/tati-machado\" href=\"https:\/\/caras.com.br\/tags\/tati-machado\" rel=\"noopener nofollow\" target=\"_blank\"><strong>Tati Machado<\/strong><\/a> usou as redes sociais na manh\u00e3 deste s\u00e1bado, 23, para compartilhar um novo \u00e1lbum de fotos com registros dos \u00faltimos dias. Nas imagens, <a href=\"https:\/\/caras.com.br\/datas-especiais\/tati-machado-recebe-recado-especial-do-marido-tudo.phtml\" rel=\"nofollow noopener\" target=\"_blank\">ela aparece ao<\/a> lado da m\u00e3e, <strong>Val\u00e9ria Gouv\u00eaa<\/strong>, e do marido, o fot\u00f3grafo <strong><a data-mrf-link=\"https:\/\/caras.com.br\/tags\/bruno-monteiro\" href=\"https:\/\/caras.com.br\/tags\/bruno-monteiro\" rel=\"nofollow noopener\" target=\"_blank\">Bruno Monteiro<\/a>.<\/strong><\/p>\n<p>Tamb\u00e9m apareceu nos registros<a href=\"https:\/\/caras.com.br\/pet\/tati-machado-apresenta-novo-integrante-da-familia-veja.phtml\" rel=\"nofollow noopener\" target=\"_blank\"> o mais novo integrante da fam\u00edlia,<\/a> um filhote de Jack Russell Terrier chamado <strong>Mauro<\/strong>. Tati ainda mostrou momentos de descontra\u00e7\u00e3o, como quando fez uma escova no cabelo e aproveitou a companhia de amigas. \u201cMomentos que sustentam\u201d, escreveu na legenda da publica\u00e7\u00e3o.<\/p>\n<p>Nos coment\u00e1rios, internautas deixaram mensagens carinhosas. &#8220;Que lindaaaa! Amo demais voc\u00ea&#8221;, disse a cantora Lexa. &#8220;Lindaaaaaa! mal podemos esperar pra ver voc\u00ea de novo nas telinhas&#8221;, comentou outra.\u00a0 &#8220;Lindona! Maravilhosa!&#8221;, disse uma terceira pessoa.<\/p>\n<p><img decoding=\"async\" alt=\"Tati Machado abriu um novo \u00e1lbum de fotos \u2014 Foto: Reprodu\u00e7\u00e3o\/ Instagram\" height=\"1031\" loading=\"lazy\" src=\"https:\/\/www.europesays.com\/pt\/wp-content\/uploads\/2025\/08\/tati-machado_o95q0f5z.jpg\" width=\"773\"\/>Tati Machado abriu um novo \u00e1lbum de fotos \u2014 Foto: Reprodu\u00e7\u00e3o\/ Instagram<img decoding=\"async\" alt=\"Tati Machado abriu um novo \u00e1lbum de fotos \u2014 Foto: Reprodu\u00e7\u00e3o\/ Instagram\" height=\"1031\" loading=\"lazy\" src=\"https:\/\/www.europesays.com\/pt\/wp-content\/uploads\/2025\/08\/tati-machado2.jpg\" width=\"773\"\/>Tati Machado abriu um novo \u00e1lbum de fotos \u2014 Foto: Reprodu\u00e7\u00e3o\/ Instagram<img decoding=\"async\" alt=\"Tati Machado abriu um novo \u00e1lbum de fotos \u2014 Foto: Reprodu\u00e7\u00e3o\/ Instagram\" height=\"1031\" loading=\"lazy\" src=\"https:\/\/www.europesays.com\/pt\/wp-content\/uploads\/2025\/08\/tati-machado3.jpg\" width=\"773\"\/>Tati Machado abriu um novo \u00e1lbum de fotos \u2014 Foto: Reprodu\u00e7\u00e3o\/ InstagramO anivers\u00e1rio de Tati Machado<\/p>\n<p>A apresentadora Tati Machado fez anivers\u00e1rio no dia 8 de agosto e comemorou a chegada de seus 34 anos de forma intimista. Ap\u00f3s sofrer uma perda gestacional recente, a jornalista optou por celebrar a data em seu apartamento com amigos.<\/p>\n<p>A comunicadora celebrou a data com o novo integrante da fam\u00edlia, um cachorrinho, e pessoas queridas, cantando parab\u00e9ns com um bolo recheado e brigadeiros. Tati Machado tamb\u00e9m mostrou que a festa contou com jogos e brincadeiras para a divers\u00e3o de todos. &#8220;Uma aniversariante e uma c\u00e2mera digital = fotos aleat\u00f3rias cheias de amor&#8221;,\u00a0compartilhou os registros feitos na ocasi\u00e3o especial.<\/p>\n<p>Reflex\u00e3o<\/p>\n<p>Antes da festa, ela falou \u00a0sobre os desafios que enfrentou no \u00faltimo ano e como deseja resgatar o h\u00e1bito da gratid\u00e3o nesse novo ciclo. &#8220;Dia 08\/08. Dia do infinito com infinito. Dia que \u00e9 considerado um portal e que tenho a alegria de dividir junto com Preta Gil&#8221;,\u00a0come\u00e7ou ela,\u00a0<a data-mrf-link=\"https:\/\/caras.com.br\/atualidades\/gilberto-gil-faz-homenagem-comovente-preta-gil-no-dia-em-que-ela-faria-51-anos-sem-fim.phtml\" href=\"https:\/\/caras.com.br\/atualidades\/gilberto-gil-faz-homenagem-comovente-preta-gil-no-dia-em-que-ela-faria-51-anos-sem-fim.phtml\" rel=\"nofollow noopener\" target=\"_blank\">que recordou o anivers\u00e1rio da artista, que morreu em 20 de julho<\/a>\u00a0em Nova York, nos Estados Unidos,<a data-mrf-link=\"https:\/\/caras.com.br\/musica\/morre-preta-gil-aos-50-anos-apos-luta-contra-o-cancer.phtml\" href=\"https:\/\/caras.com.br\/musica\/morre-preta-gil-aos-50-anos-apos-luta-contra-o-cancer.phtml\" rel=\"nofollow noopener\" target=\"_blank\">\u00a0em decorr\u00eancia de um c\u00e2ncer.<\/a><\/p>\n<p data-mrf-recirculation=\".Link no Corpo do artigo\">Em seguida, declarou:\u00a0&#8220;\u00c9 um dia de muita reflex\u00e3o, na verdade. Hoje resolvi ficar mais quietinha, em casa. N\u00e3o vou fazer nada al\u00e9m de encontrar a minha m\u00e3e e os meus irm\u00e3os, mas [estou] tentando devolver ao meu vocabul\u00e1rio a palavra agradecer. Porque diante das adversidades, a gente fala: &#8216;Vou agradecer pelo que?'&#8221;, desabafou\u00a0<a data-mrf-link=\"https:\/\/caras.com.br\/tv\/tati-machado-revela-motivo-para-falar-sobre-perda-do-filho-no-fantastico.phtml\" href=\"https:\/\/caras.com.br\/tv\/tati-machado-revela-motivo-para-falar-sobre-perda-do-filho-no-fantastico.phtml\" rel=\"nofollow noopener\" target=\"_blank\">a apresentadora que perdeu seu beb\u00ea, Rael, no oitavo m\u00eas de gesta\u00e7\u00e3o.<\/a><\/p>\n<p data-mrf-recirculation=\".Link no Corpo do artigo\">E complementou:\u00a0&#8220;Mas, quando paro para pensar, tenho muita coisa pra agradecer: agradecer as pessoas que me cercam, agradecer a fam\u00edlia que eu tenho, agradecer ao [meu marido] Bruno [Monteiro], \u00e0 vida, e agradecer voc\u00eas por todas as mensagens de &#8216;feliz anivers\u00e1rio&#8217; que estou olhando aqui'&#8221;.<\/p>\n<p>Homenagem do marido<\/p>\n<p data-mrf-recirculation=\".Link no Corpo do artigo\">No mesmo dia, o fot\u00f3grafo <strong><a data-mrf-link=\"https:\/\/caras.com.br\/tags\/bruno-monteiro\" href=\"https:\/\/caras.com.br\/tags\/bruno-monteiro\" rel=\"nofollow noopener\" target=\"_blank\">Bruno Monteiro<\/a><\/strong>usou\u00a0<a data-mrf-link=\"https:\/\/caras.com.br\/atualidades\/marido-de-tati-machado-fala-pela-primeira-vez-sobre-morte-do-filho.phtml\" href=\"https:\/\/caras.com.br\/atualidades\/marido-de-tati-machado-fala-pela-primeira-vez-sobre-morte-do-filho.phtml\" rel=\"nofollow noopener\" target=\"_blank\">as redes sociais<\/a>\u00a0para compartilhar uma homenagem especial para a companheira. Em seu perfil, ele publicou uma foto ao lado da companheira e declarou:\u00a0\u00a0&#8220;Sua energia transforma tudo por onde passa. Seu sorriso \u00e9 luz, sua voz tem verdade. Feliz dia, amor da minha vida&#8221;, escreveu ele.<\/p>\n<p data-mrf-recirculation=\".Link no Corpo do artigo\">Em entrevista ao portal GShow, a apresentadora contou que o cachorrinho foi um presente surpresa de Bruno.\u00a0&#8220;O nosso cachorro, o Brutus, morreu h\u00e1 um ano. Era o amor da nossa vida, viveu 13 anos. E desde ent\u00e3o, a casa ficou vazia sem cachorro. A\u00ed a gente ficava dia sim, dia n\u00e3o: &#8216;Nossa, a gente est\u00e1 preparado? N\u00e3o. A gente est\u00e1 preparado? N\u00e3o&#8217;. A\u00ed resolvemos trazer essa vida para dentro da nossa vida. E tivemos a nossa primeira noite.&#8221;<\/p>\n<p data-mrf-recirculation=\".Link no Corpo do artigo\">Veja tamb\u00e9m:\u00a0<a data-mrf-link=\"https:\/\/caras.com.br\/tv\/tati-machado-esclarece-por-que-nao-pode-voltar-trabalhar-ate-setembro.phtml\" href=\"https:\/\/caras.com.br\/tv\/tati-machado-esclarece-por-que-nao-pode-voltar-trabalhar-ate-setembro.phtml\" rel=\"nofollow noopener\" target=\"_blank\">Tati Machado esclarece por que n\u00e3o pode voltar a trabalhar at\u00e9 setembro<\/a><\/p>\n","protected":false},"excerpt":{"rendered":"A apresentadora\u00a0Tati Machado usou as redes sociais na manh\u00e3 deste s\u00e1bado, 23, para compartilhar um novo \u00e1lbum de&hellip;\n","protected":false},"author":2,"featured_media":42158,"comment_status":"","ping_status":"","sticky":false,"template":"","format":"standard","meta":{"footnotes":""},"categories":[145],"tags":[211,210,114,115,32,33,2970],"class_list":{"0":"post-42157","1":"post","2":"type-post","3":"status-publish","4":"format-standard","5":"has-post-thumbnail","7":"category-celebridades","8":"tag-celebridades","9":"tag-celebrities","10":"tag-entertainment","11":"tag-entretenimento","12":"tag-portugal","13":"tag-pt","14":"tag-tati-machado"},"share_on_mastodon":{"url":"","error":""},"_links":{"self":[{"href":"https:\/\/www.europesays.com\/pt\/wp-json\/wp\/v2\/posts\/42157","targetHints":{"allow":["GET"]}}],"collection":[{"href":"https:\/\/www.europesays.com\/pt\/wp-json\/wp\/v2\/posts"}],"about":[{"href":"https:\/\/www.europesays.com\/pt\/wp-json\/wp\/v2\/types\/post"}],"author":[{"embeddable":true,"href":"https:\/\/www.europesays.com\/pt\/wp-json\/wp\/v2\/users\/2"}],"replies":[{"embeddable":true,"href":"https:\/\/www.europesays.com\/pt\/wp-json\/wp\/v2\/comments?post=42157"}],"version-history":[{"count":0,"href":"https:\/\/www.europesays.com\/pt\/wp-json\/wp\/v2\/posts\/42157\/revisions"}],"wp:featuredmedia":[{"embeddable":true,"href":"https:\/\/www.europesays.com\/pt\/wp-json\/wp\/v2\/media\/42158"}],"wp:attachment":[{"href":"https:\/\/www.europesays.com\/pt\/wp-json\/wp\/v2\/media?parent=42157"}],"wp:term":[{"taxonomy":"category","embeddable":true,"href":"https:\/\/www.europesays.com\/pt\/wp-json\/wp\/v2\/categories?post=42157"},{"taxonomy":"post_tag","embeddable":true,"href":"https:\/\/www.europesays.com\/pt\/wp-json\/wp\/v2\/tags?post=42157"}],"curies":[{"name":"wp","href":"https:\/\/api.w.org\/{rel}","templated":true}]}}