{"id":42195,"date":"2025-08-23T22:39:08","date_gmt":"2025-08-23T22:39:08","guid":{"rendered":"https:\/\/www.europesays.com\/pt\/42195\/"},"modified":"2025-08-23T22:39:08","modified_gmt":"2025-08-23T22:39:08","slug":"sonhar-com-leoes-critica-do-filme-com-denise-fraga","status":"publish","type":"post","link":"https:\/\/www.europesays.com\/pt\/42195\/","title":{"rendered":"Sonhar Com Le\u00f5es | Cr\u00edtica do Filme com Denise Fraga"},"content":{"rendered":"<p>Discutir um assunto como o direto \u00e0 morte nunca \u00e9 f\u00e1cil. Se a Lei da Eutan\u00e1sia n\u00e3o \u00e9 unanimidade nem nos pa\u00eds que j\u00e1 oficializaram, promover um debate sobre o tema sem que uma das partes (a favor ou contra) se sinta atacada \u00e9 um grande desafio. \u00c9 por isso que <strong>Sonhar com Le\u00f5es<\/strong>, novo filme do diretor luso-grego <strong>Paolo Marinou-Blanco<\/strong>, surge em um momento prop\u00edcio e serve como exemplo de como abordar o t\u00f3pico com o respeito necess\u00e1rio.<\/p>\n<p>N\u00e3o que conversar sobre a morte sem o peso que leva a palavra seja novidade para o cineasta, que j\u00e1 o fez de forma descontra\u00edda no bom Nada nas M\u00e3os. Mas Sonhar com Le\u00f5es mostra uma evolu\u00e7\u00e3o em sua forma de conduzir narrativas, j\u00e1 que o uso constante da quebra da quarta parede pela protagonista Gilda (<strong>Denise Fraga<\/strong>), mulher com c\u00e2ncer terminal em busca de encerrar sua dor, parece quase uma carta ao espectador. Gilda promove a ideia de que o direito de dar fim \u00e0 sua vida \u00e9 digno; ela quer se despedir \u00e0 sua maneira, dentro de suas pr\u00f3prias escolhas, antes que sucumba \u00e0s piores mazelas de sua doen\u00e7a.<\/p>\n<p>O que Marinou-Blanco (que tamb\u00e9m assina roteiro) prop\u00f5e \u00e9 um olhar sincero e de forma leve para um assunto cabeludo. Nem Gilda, nem os outros personagens que aceitam \u00e0 proposta de uma multinacional do mercado farmac\u00eautico de fazer essa transi\u00e7\u00e3o da vida para a morte querem sofrer at\u00e9 morrer. E dentro desta an\u00e1lise psicofilos\u00f3fica o diretor ainda discute os abusos do capitalismo, j\u00e1 que at\u00e9 mesmo na busca para pelo ponto final definitivo ainda aparecem os tent\u00e1culos dos grandes empres\u00e1rios querendo lucrar.<\/p>\n<p>N\u00e3o pense, no entanto, que Sonhar Com Le\u00f5es fique apenas entregue ao humor m\u00f3rbido desta discuss\u00e3o. Gilda, potencializada pela atua\u00e7\u00e3o trifunfal de uma Denise Fraga brilhante, \u00e9 o retrato de uma pessoa em busca de um novo sentido da vida mesmo em sua reta final. O uso da quebra da quarta parede \u00e9 uma alus\u00e3o \u00e0 esta busca, j\u00e1 que o papo entre Gilda e o espectador \u00e9 uma maneira de ela falar sobre este assunto sem o julgamento do marido (<strong>Roberto Bomtempo<\/strong>), que j\u00e1 n\u00e3o aguenta mais as seguidas tentativas de suic\u00eddio. Somos a v\u00e1lvula de escape de sua protagonista at\u00e9 que ela passe a se aproximar mais de Amadeu (<strong>Jo\u00e3o Nunes Monteiro<\/strong>), jovem agente funen\u00e1rio que, tamb\u00e9m com doen\u00e7a terminal, tamb\u00e9m deseja a morte assistida.<\/p>\n<p>A jornada tragic\u00f4mica de Gilda e Amadeu nos leva al\u00e9m de apenas rir dos cinismo de algu\u00e9m que j\u00e1 n\u00e3o liga mais para nada. No fundo, ambos ainda ligam, sim, para a vida. Ela serve como uma reflex\u00e3o para entendermos e (talvez) aceitarmos que a hora do fim deve ser uma decis\u00e3o particular de cada um. Nas palavras da pr\u00f3pria protagonista, n\u00e3o devemos sentir pena, e a leveza com a qual trata as decis\u00f5es de Gilda \u00e9 onde Marinou-Blanco prova que acertou em optar pelo formato c\u00f4mico. Mas o humor s\u00f3 funciona porque acreditamos e nos importamos com estes personagens, assim como somos capazes de rir da busca suic\u00edda de <strong>Ricky Gervais<\/strong> na \u00f3tima After Life, mesmo que esta n\u00e3o tenha aspira\u00e7\u00f5es t\u00e3o filos\u00f3ficas quanto o longa, para ficar em apenas um exemplo de outras produ\u00e7\u00f5es que tamb\u00e9m abordam o direito \u00e0 morte.<\/p>\n<p>O que funciona t\u00e3o bem na primeira metade do longa tamb\u00e9m \u00e9 o motivo da queda de ritmo quando chegamos \u00e0 segunda. Quanto mais Gilda e Amadeu encontram novos caminhos, mais ela se distancia do espectador e, com isso, as quebras desaparecem. Por mais que narrativamente fa\u00e7a sentido para o texto do diretor, isso aponta para como Sonhar Com Le\u00f5es \u00e9 um tanto ref\u00e9m da for\u00e7a de sua protagonista. Mas como a proposta original sempre foi questionar, duvidar, provocar, Marinou-Blanco pode dormir tranquilo que sua miss\u00e3o foi cumprida.<\/p>\n<p>              <img decoding=\"async\" data-lazy-src=\"https:\/\/cdn.ome.lt\/IHMDP6gOnBYRGPVtwWPxjfwkgjY=\/200x0\/smart\/extras\/capas\/Captura_de_tela_2025-08-23_184252.png\" src=\"data:image\/png;base64,iVBORw0KGgoAAAANSUhEUgAAAAEAAAABCAQAAAC1HAwCAAAAC0lEQVR42mNkYAAAAAYAAjCB0C8AAAAASUVORK5CYII=\" alt=\"\"\/><\/p>\n<p>  <img decoding=\"async\" src=\"https:\/\/cdn.ome.lt\/static\/omelete\/img\/loading.svg\" alt=\"\"\/><\/p>\n<p>\n          Sonhar Com Le\u00f5es<\/p>\n<p class=\"item\">\n                Ano:<br \/>\n                2025\n              <\/p>\n<p class=\"item\">\n                Pa\u00eds:<br \/>\n                Brasil\n              <\/p>\n<p class=\"item\">\n                Classifica\u00e7\u00e3o:<\/p>\n<p>                  14 anos<\/p>\n<p class=\"item\">\n                Dire\u00e7\u00e3o:<\/p>\n<p>                  Paolo Marinou-Blanco<\/p>\n<p class=\"item\">\n                Elenco:<\/p>\n<p>                  Denise Fraga<\/p>\n<p>    Onde assistir:<\/p>\n","protected":false},"excerpt":{"rendered":"Discutir um assunto como o direto \u00e0 morte nunca \u00e9 f\u00e1cil. Se a Lei da Eutan\u00e1sia n\u00e3o \u00e9&hellip;\n","protected":false},"author":2,"featured_media":42196,"comment_status":"","ping_status":"","sticky":false,"template":"","format":"standard","meta":{"footnotes":""},"categories":[140],"tags":[114,115,147,148,146,32,33],"class_list":{"0":"post-42195","1":"post","2":"type-post","3":"status-publish","4":"format-standard","5":"has-post-thumbnail","7":"category-filmes","8":"tag-entertainment","9":"tag-entretenimento","10":"tag-film","11":"tag-filmes","12":"tag-movies","13":"tag-portugal","14":"tag-pt"},"share_on_mastodon":{"url":"","error":""},"_links":{"self":[{"href":"https:\/\/www.europesays.com\/pt\/wp-json\/wp\/v2\/posts\/42195","targetHints":{"allow":["GET"]}}],"collection":[{"href":"https:\/\/www.europesays.com\/pt\/wp-json\/wp\/v2\/posts"}],"about":[{"href":"https:\/\/www.europesays.com\/pt\/wp-json\/wp\/v2\/types\/post"}],"author":[{"embeddable":true,"href":"https:\/\/www.europesays.com\/pt\/wp-json\/wp\/v2\/users\/2"}],"replies":[{"embeddable":true,"href":"https:\/\/www.europesays.com\/pt\/wp-json\/wp\/v2\/comments?post=42195"}],"version-history":[{"count":0,"href":"https:\/\/www.europesays.com\/pt\/wp-json\/wp\/v2\/posts\/42195\/revisions"}],"wp:featuredmedia":[{"embeddable":true,"href":"https:\/\/www.europesays.com\/pt\/wp-json\/wp\/v2\/media\/42196"}],"wp:attachment":[{"href":"https:\/\/www.europesays.com\/pt\/wp-json\/wp\/v2\/media?parent=42195"}],"wp:term":[{"taxonomy":"category","embeddable":true,"href":"https:\/\/www.europesays.com\/pt\/wp-json\/wp\/v2\/categories?post=42195"},{"taxonomy":"post_tag","embeddable":true,"href":"https:\/\/www.europesays.com\/pt\/wp-json\/wp\/v2\/tags?post=42195"}],"curies":[{"name":"wp","href":"https:\/\/api.w.org\/{rel}","templated":true}]}}