{"id":42203,"date":"2025-08-23T22:46:07","date_gmt":"2025-08-23T22:46:07","guid":{"rendered":"https:\/\/www.europesays.com\/pt\/42203\/"},"modified":"2025-08-23T22:46:07","modified_gmt":"2025-08-23T22:46:07","slug":"a-estreia-do-goe-no-terreno-observador","status":"publish","type":"post","link":"https:\/\/www.europesays.com\/pt\/42203\/","title":{"rendered":"a estreia do GOE no terreno \u2013 Observador"},"content":{"rendered":"<p>Dada a alta qualifica\u00e7\u00e3o dos seus agentes, <strong>ativar o Grupo de Opera\u00e7\u00f5es Especiais era algo que s\u00f3 deveria acontecer em situa\u00e7\u00f5es-limite<\/strong>. Momentos em que n\u00e3o houvesse mais nenhuma alternativa, porque se tinha atingido um pico de gravidade. \u201cO GOE, como qualquer estrutura anti-terrorista, para al\u00e9m de combater alta criminalidade, violenta, grave, etc, \u00e9 criado exatamente para combater o terrorismo, que era \u2014 e pode continuar a ser \u2014 equacionada como a situa\u00e7\u00e3o mais grave \u00e0 seguran\u00e7a de um pa\u00eds\u201d, garante o Coronel Francisco Rodrigues, presidente do Observat\u00f3rio de Seguran\u00e7a, Criminalidade Organizada e Terrorismo (OSCOT). \u00a0\u201cFoi criado e foi treinado, preparado, exatamente para poder resolver este tipo de situa\u00e7\u00f5es, situa\u00e7\u00f5es inicialmente de terrorismo e de alta criminalidade, violenta, grave.\u201d Por isso mesmo, e apesar de responder diretamente ao comandante-geral da PSP, o Grupo de Opera\u00e7\u00f5es Especiais s\u00f3 podia ser acionado com a autoriza\u00e7\u00e3o expressa do Governo e do primeiro-ministro.<\/p>\n<p>Cerca de tr\u00eas horas depois do in\u00edcio do atentado \u00e0 Embaixada da Turquia, o GOE chegou finalmente ao terreno. A concentra\u00e7\u00e3o foi feita \u00e0 frente do Est\u00e1dio do Restelo, onde receberam as ordens para o ataque. Foram divididos em dois grupos: um ficava respons\u00e1vel pela entrada na chancelaria (onde estavam v\u00e1rios dos funcion\u00e1rios da embaixada, surpreendidos pelo ataque naquela manh\u00e3 de ver\u00e3o), o outro iria diretamente para a zona de perigo \u2013 a resid\u00eancia onde os terroristas estavam barricados.<\/p>\n<p>Ao todo, seriam 30 agentes. Alguns ficaram de parte, destacados para fazerem de atiradores furtivos nos telhados dos edif\u00edcios \u00e0 volta. Fontes ouvidas pelo Observador, que estiveram presentes na resposta ao Ex\u00e9rcito Revolucion\u00e1rio Arm\u00e9nio mas preferem permanecer an\u00f3nimas, garantem que neste tipo de situa\u00e7\u00f5es <strong>\u2013 seja a curta ou a longa dist\u00e2ncia \u2013 s\u00f3 h\u00e1 uma op\u00e7\u00e3o: disparar para matar<\/strong>. Na luta contra o terrorismo, cada combate direto \u00e9 de vida ou de morte.<\/p>\n<p>Depois de receberem as \u00faltimas indica\u00e7\u00f5es, os elementos do GOE partiram para a Avenida das Descobertas, onde encontraram j\u00e1 um forte dispositivo de seguran\u00e7a montado pelas autoridades, composto por centenas de pol\u00edcias. O primeiro grupo chegou em dois jipes, com 12 homens prontos a saltar a qualquer momento. Vinham vestidos com uniformes camuflados e coletes \u00e0 prova de bala e traziam as caras cobertas com gorros de l\u00e3 preta, apenas com os olhos \u00e0 vista.<\/p>\n<p>Nesse altura, o primeiro andar da resid\u00eancia j\u00e1 estava a arder. Tinha sido ouvida uma forte explos\u00e3o, por volta do meio-dia, e desde ent\u00e3o os terroristas estavam em sil\u00eancio. N\u00e3o havia informa\u00e7\u00e3o nenhuma. Nem sobre eles, nem sobre Manuel Pacheco, o agente da PSP que tinha entrado sozinho na casa, \u00e0 revelia das ordens do comando.<\/p>\n","protected":false},"excerpt":{"rendered":"Dada a alta qualifica\u00e7\u00e3o dos seus agentes, ativar o Grupo de Opera\u00e7\u00f5es Especiais era algo que s\u00f3 deveria&hellip;\n","protected":false},"author":2,"featured_media":42204,"comment_status":"","ping_status":"","sticky":false,"template":"","format":"standard","meta":{"footnotes":""},"categories":[10],"tags":[12880,7656,27,28,315,15,16,12879,14,8305,25,26,21,22,310,62,12,13,19,20,2122,2123,2003,32,23,24,33,2004,58,8270,17,18,2428,29,30,31],"class_list":{"0":"post-42203","1":"post","2":"type-post","3":"status-publish","4":"format-standard","5":"has-post-thumbnail","7":"category-portugal","8":"tag-anos-80","9":"tag-armu00e9nia","10":"tag-breaking-news","11":"tag-breakingnews","12":"tag-cultura","13":"tag-featured-news","14":"tag-featurednews","15":"tag-foru00e7as-de-seguranu00e7a","16":"tag-headlines","17":"tag-histu00f3ria","18":"tag-latest-news","19":"tag-latestnews","20":"tag-main-news","21":"tag-mainnews","22":"tag-mu00e9dio-oriente","23":"tag-mundo","24":"tag-news","25":"tag-noticias","26":"tag-noticias-principais","27":"tag-noticiasprincipais","28":"tag-podcast-plus","29":"tag-podcasts","30":"tag-polu00edcia","31":"tag-portugal","32":"tag-principais-noticias","33":"tag-principaisnoticias","34":"tag-pt","35":"tag-seguranu00e7a","36":"tag-sociedade","37":"tag-terrorismo","38":"tag-top-stories","39":"tag-topstories","40":"tag-turquia","41":"tag-ultimas","42":"tag-ultimas-noticias","43":"tag-ultimasnoticias"},"share_on_mastodon":{"url":"","error":""},"_links":{"self":[{"href":"https:\/\/www.europesays.com\/pt\/wp-json\/wp\/v2\/posts\/42203","targetHints":{"allow":["GET"]}}],"collection":[{"href":"https:\/\/www.europesays.com\/pt\/wp-json\/wp\/v2\/posts"}],"about":[{"href":"https:\/\/www.europesays.com\/pt\/wp-json\/wp\/v2\/types\/post"}],"author":[{"embeddable":true,"href":"https:\/\/www.europesays.com\/pt\/wp-json\/wp\/v2\/users\/2"}],"replies":[{"embeddable":true,"href":"https:\/\/www.europesays.com\/pt\/wp-json\/wp\/v2\/comments?post=42203"}],"version-history":[{"count":0,"href":"https:\/\/www.europesays.com\/pt\/wp-json\/wp\/v2\/posts\/42203\/revisions"}],"wp:featuredmedia":[{"embeddable":true,"href":"https:\/\/www.europesays.com\/pt\/wp-json\/wp\/v2\/media\/42204"}],"wp:attachment":[{"href":"https:\/\/www.europesays.com\/pt\/wp-json\/wp\/v2\/media?parent=42203"}],"wp:term":[{"taxonomy":"category","embeddable":true,"href":"https:\/\/www.europesays.com\/pt\/wp-json\/wp\/v2\/categories?post=42203"},{"taxonomy":"post_tag","embeddable":true,"href":"https:\/\/www.europesays.com\/pt\/wp-json\/wp\/v2\/tags?post=42203"}],"curies":[{"name":"wp","href":"https:\/\/api.w.org\/{rel}","templated":true}]}}