{"id":422115,"date":"2026-06-18T10:28:34","date_gmt":"2026-06-18T10:28:34","guid":{"rendered":"https:\/\/www.europesays.com\/pt\/422115\/"},"modified":"2026-06-18T10:28:34","modified_gmt":"2026-06-18T10:28:34","slug":"odio-online-em-portugal-novos-codigos-manual-de-apoio-e-glossario-para-identificar-discurso-de-odio-nas-redes","status":"publish","type":"post","link":"https:\/\/www.europesays.com\/pt\/422115\/","title":{"rendered":"\u00d3dio online em Portugal: novos c\u00f3digos, manual de apoio e gloss\u00e1rio para identificar discurso de \u00f3dio nas redes"},"content":{"rendered":"<p>&#8220;Discurso de \u00f3dio: Manual de Apoio e Gloss\u00e1rio\u201d \u00e9 o nome do documento.Foto: Carlos Carneiro \/Global Imagens<\/p>\n<p><a class=\"arrow-component arr--section-name\" aria-label=\"section-name\" href=\"https:\/\/www.dn.pt\/sociedade\" rel=\"nofollow noopener\" target=\"_blank\">Sociedade<\/a><\/p>\n<p>Ser\u00e1 lan\u00e7ado um manual digital para ajudar a compreender como se manifesta o discurso de \u00f3dio online e o impacto nas v\u00edtimas. O trabalho foi desenvolvido pelas investigadoras Rita Guerra e Raquel Ant\u00f3nio, do ISCTE, e Paula Carvalho, da Universidade de Aveiro.\n<\/p>\n<p><a aria-label=\"author-image\" href=\"https:\/\/www.dn.pt\/author\/amanda-lima-dnbrasil\" rel=\"nofollow noopener\" target=\"_blank\"><img decoding=\"async\" src=\"data:image\/gif;base64,R0lGODlhAQABAAD\/ACwAAAAAAQABAAACADs=\" alt=\"Amanda Lima\" width=\"100%\" height=\"100%\"  class=\"qt-image\"\/><\/a>Publicado a:\u00a0<\/p>\n<p>17 Jun 2026, 22:06<\/p>\n<p>Loading content, please wait&#8230;<\/p>\n","protected":false},"excerpt":{"rendered":"&#8220;Discurso de \u00f3dio: Manual de Apoio e Gloss\u00e1rio\u201d \u00e9 o nome do documento.Foto: Carlos Carneiro \/Global Imagens Sociedade&hellip;\n","protected":false},"author":2,"featured_media":422116,"comment_status":"","ping_status":"","sticky":false,"template":"","format":"standard","meta":{"footnotes":"","_share_on_mastodon":"0"},"categories":[10],"tags":[27,28,604,3365,43530,306,15,16,14,25,26,21,22,12,13,19,20,3048,32,23,24,33,17,18,29,30,31],"class_list":["post-422115","post","type-post","status-publish","format-standard","has-post-thumbnail","category-portugal","tag-breaking-news","tag-breakingnews","tag-crime","tag-discriminacao","tag-discurso-de-odio","tag-edicao-impressa","tag-featured-news","tag-featurednews","tag-headlines","tag-latest-news","tag-latestnews","tag-main-news","tag-mainnews","tag-news","tag-noticias","tag-noticias-principais","tag-noticiasprincipais","tag-online","tag-portugal","tag-principais-noticias","tag-principaisnoticias","tag-pt","tag-top-stories","tag-topstories","tag-ultimas","tag-ultimas-noticias","tag-ultimasnoticias"],"share_on_mastodon":{"url":"https:\/\/pubeurope.com\/@pt\/116770643083609052","error":""},"_links":{"self":[{"href":"https:\/\/www.europesays.com\/pt\/wp-json\/wp\/v2\/posts\/422115","targetHints":{"allow":["GET"]}}],"collection":[{"href":"https:\/\/www.europesays.com\/pt\/wp-json\/wp\/v2\/posts"}],"about":[{"href":"https:\/\/www.europesays.com\/pt\/wp-json\/wp\/v2\/types\/post"}],"author":[{"embeddable":true,"href":"https:\/\/www.europesays.com\/pt\/wp-json\/wp\/v2\/users\/2"}],"replies":[{"embeddable":true,"href":"https:\/\/www.europesays.com\/pt\/wp-json\/wp\/v2\/comments?post=422115"}],"version-history":[{"count":0,"href":"https:\/\/www.europesays.com\/pt\/wp-json\/wp\/v2\/posts\/422115\/revisions"}],"wp:featuredmedia":[{"embeddable":true,"href":"https:\/\/www.europesays.com\/pt\/wp-json\/wp\/v2\/media\/422116"}],"wp:attachment":[{"href":"https:\/\/www.europesays.com\/pt\/wp-json\/wp\/v2\/media?parent=422115"}],"wp:term":[{"taxonomy":"category","embeddable":true,"href":"https:\/\/www.europesays.com\/pt\/wp-json\/wp\/v2\/categories?post=422115"},{"taxonomy":"post_tag","embeddable":true,"href":"https:\/\/www.europesays.com\/pt\/wp-json\/wp\/v2\/tags?post=422115"}],"curies":[{"name":"wp","href":"https:\/\/api.w.org\/{rel}","templated":true}]}}